{"id":16208,"date":"2009-10-29T16:05:48","date_gmt":"2009-10-29T14:05:48","guid":{"rendered":"http:\/\/www.korhanyilmaz.com\/?p=16208"},"modified":"2009-10-29T16:05:48","modified_gmt":"2009-10-29T14:05:48","slug":"devletin-zirvesinde-sogukluk","status":"publish","type":"post","link":"http:\/\/www.korhanyilmaz.com\/?p=16208","title":{"rendered":"Devletin zirvesinde so\u011fukluk"},"content":{"rendered":"<p style=\"text-align: justify;\"><a href=\"http:\/\/www.korhanyilmaz.com\/wp-content\/uploads\/2009\/10\/zirve.jpg\"  class=\"lightview\"><img loading=\"lazy\" decoding=\"async\" class=\"size-full wp-image-16209 aligncenter\" src=\"http:\/\/www.korhanyilmaz.com\/wp-content\/uploads\/2009\/10\/zirve.jpg\" alt=\"\" width=\"307\" height=\"236\" \/><\/a><\/p>\n<p style=\"text-align: justify;\">Devletin zirvesindeki bitmek bilmeyen gerilim bu bayramda da so\u011fuk bir hava estirdi. TBMM&#8217;deki t\u00f6rende Ba\u015fbakan Recep Tayyip Erdo\u011fan, Genelkurmay Ba\u015fkan\u0131 Orgeneral \u0130lker Ba\u015fbu\u011f ve CHP lideri Deniz Baykal ile tokala\u015fmad\u0131, ba\u015f\u0131yla selamla\u015ft\u0131. An\u0131tkabir&#8217;de ise Baykal ile Erdo\u011fan aras\u0131nda imalarla dolu bir se\u00e7im sohbeti ger\u00e7ekle\u015fti. Cumhurba\u015fkan\u0131 Abdullah G\u00fcl&#8217; \u00fcn verdi\u011fi resepsiyona da, CHP lideri Baykal, MHP lideri Devlet Bah\u00e7eli ve DTP&#8217;liler kat\u0131lmad\u0131.<!--more--><\/p>\n<p style=\"text-align: justify;\">Sonradan \u00f6\u011frenildi ki Ba\u015fbakan, Baykal&#8217;a, &#8220;Turlara devam m\u0131?&#8221; sorusunu y\u00f6neltti. Baykal da se\u00e7imi ima ederek, &#8220;Ne olaca\u011f\u0131 belli olmaz, turlara devam&#8221; yan\u0131t\u0131n\u0131 verdi. Ba\u015fbakan bu yan\u0131ta g\u00fcl\u00fcmsedi, &#8220;Tabii hakl\u0131s\u0131n\u0131z her\u015fey olabilir&#8221; dedi.<\/p>\n<p style=\"text-align: justify;\"><strong><em>Meclis&#8217;teki t\u00f6ren <\/em><\/strong><\/p>\n<p style=\"text-align: justify;\">Cumhurba\u015fkan\u0131 Abdullah G\u00fcl, Cumhuriyet&#8217;in 86. y\u0131ld\u00f6n\u00fcm\u00fc dolay\u0131s\u0131yla TBMM&#8217;de kutlamalar\u0131 kabul etti. \u0130\u00e7i\u015fleri, Adalet ve Ula\u015ft\u0131rma bakanlar\u0131 t\u00f6rene &#8220;asans\u00f6rde mahsur kald\u0131klar\u0131 i\u00e7in&#8221; kat\u0131lamad\u0131.<\/p>\n<p style=\"text-align: justify;\">T\u00f6rene kat\u0131lmak \u00fczere Meclise ilk olarak Ba\u015fbakan Recep Tayyip Erdo\u011fan geldi. Erdo\u011fan, makam\u0131na ge\u00e7erek kutlamalar\u0131n ba\u015flamas\u0131n\u0131 bekledi. T\u00f6ren Salonu&#8217;na ilk olarak Genelkurmay Ba\u015fkan\u0131 Orgeneral \u0130lker Ba\u015fbu\u011f geldi.<\/p>\n<p style=\"text-align: justify;\">Salona giri\u015finde bas\u0131n mensuplar\u0131n\u0131n bayram\u0131n\u0131 kutlayan Orgeneral Ba\u015fbu\u011f, foto muhabirlerinin iste\u011fi \u00fczerine, Kuvvet Komutanlar\u0131yla poz verdi. Orgeneral Ba\u015fbu\u011f, t\u00f6ren ba\u015flay\u0131ncaya kadar kuvvet komutanlar\u0131yla sohbet etti.<\/p>\n<p style=\"text-align: justify;\">Bu s\u0131rada salona gelen MHP Genel Ba\u015fkan\u0131 Devlet Bah\u00e7eli, TBMM Ba\u015fkanvekili Nevzat Pakdil ile sohbet etti.<\/p>\n<p style=\"text-align: justify;\">Daha sonra salona gelen CHP Genel Ba\u015fkan\u0131 Deniz Baykal, yan\u0131ndaki yerini alan Orgeneral \u0130lker Ba\u015fbu\u011f ile tokala\u015ft\u0131. Baykal, kar\u015f\u0131s\u0131nda bulunan kuvvet komutanlar\u0131 ve Bakanlar Kurulu \u00fcyelerini de ba\u015f\u0131yla selamlad\u0131.<\/p>\n<p style=\"text-align: center;\"><a href=\"http:\/\/www.korhanyilmaz.com\/wp-content\/uploads\/2009\/10\/baykal2.jpg\"  class=\"lightview\"><img loading=\"lazy\" decoding=\"async\" class=\"size-full wp-image-16210 aligncenter\" src=\"http:\/\/www.korhanyilmaz.com\/wp-content\/uploads\/2009\/10\/baykal2.jpg\" alt=\"\" width=\"406\" height=\"210\" \/><\/a><span style=\"color: #888888;\"><em>Meclis&#8217;teki t\u00f6rende aralar\u0131nda so\u011fuk r\u00fczgarlar esen liderler, An\u0131tkabir&#8217;de de gergindi&#8230; Ancak k\u0131sa bir an i\u00e7in de olsa birbirlerine g\u00fcl\u00fcmserken objektife b\u00f6yle yakaland\u0131lar.<\/em><\/span><\/p>\n<p style=\"text-align: justify;\">Baykal&#8217;\u0131n ard\u0131ndan salondaki yerini alan Ba\u015fbakan Erdo\u011fan; Baykal, Orgeneral Ba\u015fbu\u011f, kuvvet komutanlar\u0131 ve bakanlar\u0131 ba\u015f\u0131yla selamlad\u0131. Erdo\u011fan, Orgeneral Ba\u015fbu\u011f ile k\u0131sa s\u00fcre sohbet etti.<\/p>\n<p style=\"text-align: justify;\">Cumhurba\u015fkan\u0131 G\u00fcl&#8217;\u00fcn yerini almas\u0131n\u0131n ard\u0131ndan, \u0130stiklal Mar\u015f\u0131 okundu. G\u00fcl, daha sonra kutlamalar\u0131 kabul etti.<\/p>\n<p style=\"text-align: justify;\">S\u0131ras\u0131yla TBMM Ba\u015fkan\u0131 Mehmet Ali \u015eahin, Ba\u015fbakan Erdo\u011fan, Genelkurmay Ba\u015fkan\u0131 Orgeneral Ba\u015fbu\u011f, Anayasa Mahkemesi Ba\u015fkan\u0131 Ha\u015fim K\u0131l\u0131\u00e7, Yarg\u0131tay Ba\u015fkan\u0131 Hasan Ger\u00e7eker, Dan\u0131\u015ftay Ba\u015fkan\u0131 Mustafa Birden, Bakanlar Kurulu \u00fcyeleri, kuvvet komutanlar\u0131, MHP Genel Ba\u015fkan\u0131 Devlet Bah\u00e7eli, TBMM Ba\u015fkanl\u0131k Divan\u0131 \u00fcyeleri, AK Parti, CHP, DTP milletvekilleri, Say\u0131\u015ftay Ba\u015fkan\u0131 Recai Aky\u0131l, Ankara Valisi Kemal \u00d6nal, Anadolu Ajans\u0131 Y\u00f6netim Kurulu Ba\u015fkan\u0131 ve Genel M\u00fcd\u00fcr Hilmi Bengi, TRT Genel M\u00fcd\u00fcr\u00fc \u0130brahim \u015eahin, Bas\u0131n Yay\u0131n ve Enformasyon Genel M\u00fcd\u00fcr Vekili Salih Melek ve b\u00fcrokratlar, tebriklerini iletti.<\/p>\n<p style=\"text-align: justify;\">Kutlamalara, DTP Genel Ba\u015fkan\u0131 Ahmet T\u00fcrk kat\u0131lmazken, TBMM \u0130dare Amiri ve DTP Mu\u015f Milletvekili S\u0131rr\u0131 Sak\u0131k&#8217;\u0131n yan\u0131 s\u0131ra bir grup DTP&#8217;li milletvekili G\u00fcl&#8217;e tebriklerini sundu.<\/p>\n<p style=\"text-align: justify;\">Cumhurba\u015fkan\u0131 Abdullah G\u00fcl, yabanc\u0131 misyon \u015feflerinin kutlamalar\u0131n\u0131 kabul ettikten sonra, gazetecilerin de bayram\u0131n\u0131 kutlad\u0131. G\u00fcl, &#8220;Bayram\u0131n\u0131z ve do\u011fum g\u00fcn\u00fcn\u00fcz kutlu olsun&#8221; diyen gazetecilere, &#8220;Sa\u011folun, te\u015fekk\u00fcr ederim&#8221; dedi.<\/p>\n<p style=\"text-align: justify;\">T\u00f6renler daha sonra Atat\u00fcrk K\u00fclt\u00fcr Merkezi&#8217;ndeki ge\u00e7it resmi ile devam etti. Ge\u00e7en y\u0131lki t\u00f6renlerde Ba\u015fbakan ve Genelkurmay Ba\u015fkan\u0131, Cumhurba\u015fkan\u0131&#8217;n\u0131 \u015feref tribin\u00fcnde beklerdi. Bu kez \u00fc\u00e7\u00fc ayn\u0131 anda ve 10 dakika gecikmeli olarak \u015feref trib\u00fcn\u00fcne geldi. Ancak edinilen bilgiye g\u00f6re bu gecikme s\u0131ras\u0131nda bir g\u00f6r\u00fc\u015fme yap\u0131lmad\u0131.<\/p>\n<p style=\"text-align: justify;\"><strong><em>Domuz gribi imas\u0131 <\/em><\/strong><\/p>\n<p style=\"text-align: justify;\">Bir gazetecinin, duygular\u0131n\u0131 sormas\u0131 \u00fczerine Cumhurba\u015fkan\u0131 G\u00fcl, &#8220;Cumhuriyet Bayram\u0131 en b\u00fcy\u00fck bayram&#8230; Gururluyuz bug\u00fcn, mutluyuz. Cumhuriyetimizi daha g\u00fc\u00e7l\u00fc bir \u015fekilde ileriye ta\u015f\u0131makta kararl\u0131y\u0131z&#8221; kar\u015f\u0131l\u0131\u011f\u0131n\u0131 verdi. G\u00fcl, bir gazetecinin, &#8220;Epeyce el s\u0131k\u0131\u015ft\u0131n\u0131z. Bug\u00fcnlerde riskli ama&#8230;&#8221; s\u00f6zlerine g\u00fclerek kar\u015f\u0131l\u0131k verdi.<\/p>\n<p style=\"text-align: justify;\">Ba\u015fbakan Erdo\u011fan ve CHP Genel Ba\u015fkan\u0131 Baykal, G\u00fcl&#8217;e tebriklerini ilettikten sonra TBMM&#8217;deki makamlar\u0131na ge\u00e7ti.<\/p>\n<p style=\"text-align: justify;\"><strong><em>K\u00f6\u015fk&#8217;teki resepsiyon <\/em><\/strong><\/p>\n<p style=\"text-align: justify;\">Cumhurba\u015fkan\u0131 G\u00fcl&#8217; \u00fcn verdi\u011fi 29 Ekim Cumhuriyet resepsiyonuna siyasi kriz damgas\u0131n\u0131 vurdu. Resepsiyona, Baykal, MHP Genel Ba\u015fkan\u0131 Devlet Bah\u00e7eli ve DTPliler kat\u0131lmad\u0131.<\/p>\n<p style=\"text-align: justify;\">Ba\u015fbakan Erdo\u011fan, Genelkurmay  Ba\u015fkan\u0131 \u0130lker Ba\u015fbu\u011f ile kuvvet komutanlar\u0131 resepsiyonda haz\u0131r bulunurken CHP&#8217;den sadece milletvekili Bayram Meral ile MHP&#8217;den de milletvekili Beni\u00e7 \u00c7elik kat\u0131ld\u0131.<\/p>\n<p style=\"text-align: justify;\">Bu arada resepsiyonda Ba\u015fbakan Erdo\u011fan ile Genelkurmay Ba\u015fkan\u0131 Ba\u015fbu\u011f&#8217;un k\u0131sa s\u00fcreli samimi sohbeti g\u00f6zlerden ka\u00e7mad\u0131.<\/p>\n<p style=\"text-align: justify;\">Sohbete daha sonra TBMM Ba\u015fkan\u0131 \u015eahin ve tebrikleri kabul\u00fcn\u00fcn ard\u0131ndan Cumhurba\u015fkan\u0131 G\u00fcl de kat\u0131ld\u0131.<\/p>\n<p style=\"text-align: justify;\">Yakla\u015f\u0131k bin ki\u015finin davet edildi\u011fi resepsiyon, konuklar\u0131n tamam\u0131n\u0131n salondaki yerini almas\u0131ndan sonra bas\u0131na kapal\u0131 devam etti.<\/p>\n<p style=\"text-align: justify;\"><span style=\"color: #888888;\">CNN T\u00dcRK<\/span><\/p>\n","protected":false},"excerpt":{"rendered":"<p style=\"text-align: justify;\">\n<p style=\"text-align: justify;\">Devletin zirvesindeki bitmek bilmeyen gerilim bu bayramda da so\u011fuk bir hava estirdi. TBMM&#8217;deki t\u00f6rende Ba\u015fbakan Recep Tayyip Erdo\u011fan, Genelkurmay Ba\u015fkan\u0131 Orgeneral \u0130lker Ba\u015fbu\u011f ve CHP lideri Deniz Baykal ile tokala\u015fmad\u0131, ba\u015f\u0131yla selamla\u015ft\u0131. An\u0131tkabir&#8217;de ise Baykal ile Erdo\u011fan aras\u0131nda imalarla dolu bir se\u00e7im sohbeti ger\u00e7ekle\u015fti. Cumhurba\u015fkan\u0131 Abdullah G\u00fcl&#8217; \u00fcn verdi\u011fi resepsiyona <\/p>\n","protected":false},"author":1,"featured_media":0,"comment_status":"open","ping_status":"closed","sticky":false,"template":"","format":"standard","meta":{"footnotes":""},"categories":[105],"tags":[],"class_list":["post-16208","post","type-post","status-publish","format-standard","hentry","category-gundem","odd"],"_links":{"self":[{"href":"http:\/\/www.korhanyilmaz.com\/index.php?rest_route=\/wp\/v2\/posts\/16208","targetHints":{"allow":["GET"]}}],"collection":[{"href":"http:\/\/www.korhanyilmaz.com\/index.php?rest_route=\/wp\/v2\/posts"}],"about":[{"href":"http:\/\/www.korhanyilmaz.com\/index.php?rest_route=\/wp\/v2\/types\/post"}],"author":[{"embeddable":true,"href":"http:\/\/www.korhanyilmaz.com\/index.php?rest_route=\/wp\/v2\/users\/1"}],"replies":[{"embeddable":true,"href":"http:\/\/www.korhanyilmaz.com\/index.php?rest_route=%2Fwp%2Fv2%2Fcomments&post=16208"}],"version-history":[{"count":0,"href":"http:\/\/www.korhanyilmaz.com\/index.php?rest_route=\/wp\/v2\/posts\/16208\/revisions"}],"wp:attachment":[{"href":"http:\/\/www.korhanyilmaz.com\/index.php?rest_route=%2Fwp%2Fv2%2Fmedia&parent=16208"}],"wp:term":[{"taxonomy":"category","embeddable":true,"href":"http:\/\/www.korhanyilmaz.com\/index.php?rest_route=%2Fwp%2Fv2%2Fcategories&post=16208"},{"taxonomy":"post_tag","embeddable":true,"href":"http:\/\/www.korhanyilmaz.com\/index.php?rest_route=%2Fwp%2Fv2%2Ftags&post=16208"}],"curies":[{"name":"wp","href":"https:\/\/api.w.org\/{rel}","templated":true}]}}