{"id":16203,"date":"2009-10-29T09:19:12","date_gmt":"2009-10-29T07:19:12","guid":{"rendered":"http:\/\/www.korhanyilmaz.com\/?p=16203"},"modified":"2009-10-29T09:19:12","modified_gmt":"2009-10-29T07:19:12","slug":"igsiz-pasayi-aciga-al-zirvesi","status":"publish","type":"post","link":"http:\/\/www.korhanyilmaz.com\/?p=16203","title":{"rendered":"I\u011fs\u0131z Pa\u015fa&#039;y\u0131 a\u00e7\u0131\u011fa al zirvesi"},"content":{"rendered":"<p style=\"text-align: center;\"><a href=\"http:\/\/www.korhanyilmaz.com\/wp-content\/uploads\/2009\/10\/basbug4.jpg\"  class=\"lightview\"><img loading=\"lazy\" decoding=\"async\" class=\"size-full wp-image-16204 aligncenter\" src=\"http:\/\/www.korhanyilmaz.com\/wp-content\/uploads\/2009\/10\/basbug4.jpg\" alt=\"\" width=\"329\" height=\"210\" \/><\/a><\/p>\n<p style=\"text-align: justify;\"><strong><em>Taraf Gazetesi&#8217;nden bomba iddia <\/em><\/strong><\/p>\n<p style=\"text-align: justify;\">G\u00f6zler Erdo\u011fan ile Ba\u015fbu\u011f&#8217;un haftal\u0131k ola\u011fan g\u00f6r\u00fc\u015fmesinde. Ancak bu bulu\u015fma di\u011ferlerinden \u00e7ok farkl\u0131 olacak.<\/p>\n<p style=\"text-align: justify;\">Taraf Gazetesi&#8217;nin bug\u00fcn s\u00fcrman\u015fetten duyurdu\u011fu iddiaya g\u00f6re, Ba\u015fbakan Erdo\u011fan 1. Ordu Komutan\u0131 Hasan I\u011fs\u0131z dahil \u0130rticayla M\u00fccadele Plan\u0131&#8217;yla ilgili b\u00fct\u00fcn subaylar\u0131 a\u00e7\u0131\u011fa almas\u0131n\u0131 Ba\u015fbu\u011f&#8217;dan isteyecek.Taraf gazetesinde Fikret Karag\u00f6z&#8217;\u00fcn AK Parti&#8217;ye yak\u0131n kaynaklara dayand\u0131rd\u0131\u011f\u0131 habere g\u00f6re Erdo\u011fan, cuntac\u0131 oldu\u011fu ileri s\u00fcr\u00fclen subaylar\u0131n pe\u015fini b\u0131rakmayacak.. <!--more--><\/p>\n<p style=\"text-align: justify;\"><strong><em>Detayl\u0131 g\u00f6r\u00fc\u015fme yap\u0131lacak <\/em><\/strong><\/p>\n<p style=\"text-align: justify;\">Pakistan&#8217;da yapt\u0131\u011f\u0131 a\u00e7\u0131klamada &#8220;T\u00fcrkiye&#8217;ye d\u00f6nd\u00fckten sonra konuyu detayl\u0131 bir \u015fekilde Genelkurmay Ba\u015fkan\u0131 ile g\u00f6r\u00fc\u015fece\u011fim diyen Erdo\u011fan&#8217;\u0131n Ba\u015fbu\u011f ile yapaca\u011f\u0131 haftal\u0131k g\u00f6r\u00fc\u015fme \u00f6nem kazand\u0131..<\/p>\n<p style=\"text-align: justify;\">AK Parti kaynaklar\u0131n\u0131n 29 Ekim kutlamalar\u0131 nedeniyle yar\u0131na sarkmas\u0131 beklenen kritik zirveyle ilgili d\u00fc\u015f\u00fcnceleri \u015f\u00f6yle: &#8220;Ortada anayasal bir su\u00e7 mevcuttur. Bu su\u00e7un yasalarda kar\u015f\u0131l\u0131\u011f\u0131 neyse onun yerine getirilmesi istenecek. Ba\u015fbakan&#8217;\u0131n bu konuda \u00e7ok kararl\u0131 oldu\u011funu yapt\u0131\u011f\u0131 a\u00e7\u0131klamarda yans\u0131tm\u0131\u015ft\u0131r.<\/p>\n<p style=\"text-align: justify;\"><strong><em>Bu g\u00f6r\u00fc\u015fme di\u011ferlerinden farkl\u0131 olacak <\/em><\/strong><\/p>\n<p style=\"text-align: justify;\">\u015eimdi bamba\u015fka bir tablo ortaya \u00e7\u0131km\u0131\u015ft\u0131r. Bu nedenle Ba\u015fbakan ve Genelkurmay&#8217;\u0131n bu hafta yapacaklar\u0131 g\u00f6r\u00fc\u015fme, di\u011ferlerinden farkl\u0131 olacak. San\u0131r\u0131m bu g\u00f6r\u00fc\u015fmede somut baz\u0131 kararlar \u00e7\u0131kabilir.<\/p>\n<p style=\"text-align: justify;\">Ba\u015fbakan bu belgede ad\u0131 ge\u00e7en ki\u015filerin mutlaka a\u00e7\u0131\u011fa al\u0131nmas\u0131 ve geni\u015f bir soru\u015fturma isteyecek. Burada Say\u0131n Genelkurkay Ba\u015fkan\u0131 \u0130lker Ba\u015fbu\u011f&#8217;un verece\u011fi bilgi ve nas\u0131l bir tav\u0131r sergileyece\u011fi \u00e7ok \u00f6nemli.<\/p>\n<p style=\"text-align: justify;\"><strong><em>Ba\u015fbu\u011f g\u00f6revden al\u0131nacak m\u0131? <\/em><\/strong><\/p>\n<p style=\"text-align: justify;\">&#8220;Ba\u015fbu\u011f&#8217;un g\u00f6revinden al\u0131nmas\u0131&#8221; y\u00f6n\u00fcndeki g\u00f6r\u00fc\u015fler i\u00e7in &#8220;bu konuda savc\u0131l\u0131\u011f\u0131n y\u00fcr\u00fctt\u00fc\u011f\u00fc soru\u015fturman\u0131n sonu\u00e7lar\u0131 neticelelenmeden b\u00f6yle bir \u015feyin olmayaca\u011f\u0131n\u0131&#8221; belirten h\u00fck\u00fcmet kaynaklar\u0131, &#8220;bir hukuk devletinde bu belgenin sorumlular\u0131 mutlaka cezaland\u0131r\u0131lmas\u0131 gerekir. H\u00fck\u00fcmet olarak bunun a\u00e7\u0131\u011fa \u00e7\u0131kmas\u0131 ve sorumlulular\u0131n yarg\u0131 \u00f6n\u00fcne \u00e7\u0131kmas\u0131 konusunda kararl\u0131y\u0131z. Ama \u00f6ncelikle yarg\u0131n\u0131n sonu\u00e7lar\u0131n\u0131 beklemeliyiz&#8221; de\u011ferlendirmesinde bulundu.&#8221;<\/p>\n<p style=\"text-align: justify;\"><span style=\"color: #888888;\">Vatan<\/span><\/p>\n","protected":false},"excerpt":{"rendered":"<p style=\"text-align: center;\">\n<p style=\"text-align: justify;\">Taraf Gazetesi&#8217;nden bomba iddia <\/p>\n<p style=\"text-align: justify;\">G\u00f6zler Erdo\u011fan ile Ba\u015fbu\u011f&#8217;un haftal\u0131k ola\u011fan g\u00f6r\u00fc\u015fmesinde. Ancak bu bulu\u015fma di\u011ferlerinden \u00e7ok farkl\u0131 olacak.<\/p>\n<p style=\"text-align: justify;\">Taraf Gazetesi&#8217;nin bug\u00fcn s\u00fcrman\u015fetten duyurdu\u011fu iddiaya g\u00f6re, Ba\u015fbakan Erdo\u011fan 1. Ordu Komutan\u0131 Hasan I\u011fs\u0131z dahil \u0130rticayla M\u00fccadele Plan\u0131&#8217;yla ilgili b\u00fct\u00fcn subaylar\u0131 a\u00e7\u0131\u011fa almas\u0131n\u0131 Ba\u015fbu\u011f&#8217;dan isteyecek.Taraf gazetesinde Fikret <\/p>\n","protected":false},"author":1,"featured_media":0,"comment_status":"open","ping_status":"closed","sticky":false,"template":"","format":"standard","meta":{"footnotes":""},"categories":[105],"tags":[],"class_list":["post-16203","post","type-post","status-publish","format-standard","hentry","category-gundem","odd"],"_links":{"self":[{"href":"http:\/\/www.korhanyilmaz.com\/index.php?rest_route=\/wp\/v2\/posts\/16203","targetHints":{"allow":["GET"]}}],"collection":[{"href":"http:\/\/www.korhanyilmaz.com\/index.php?rest_route=\/wp\/v2\/posts"}],"about":[{"href":"http:\/\/www.korhanyilmaz.com\/index.php?rest_route=\/wp\/v2\/types\/post"}],"author":[{"embeddable":true,"href":"http:\/\/www.korhanyilmaz.com\/index.php?rest_route=\/wp\/v2\/users\/1"}],"replies":[{"embeddable":true,"href":"http:\/\/www.korhanyilmaz.com\/index.php?rest_route=%2Fwp%2Fv2%2Fcomments&post=16203"}],"version-history":[{"count":0,"href":"http:\/\/www.korhanyilmaz.com\/index.php?rest_route=\/wp\/v2\/posts\/16203\/revisions"}],"wp:attachment":[{"href":"http:\/\/www.korhanyilmaz.com\/index.php?rest_route=%2Fwp%2Fv2%2Fmedia&parent=16203"}],"wp:term":[{"taxonomy":"category","embeddable":true,"href":"http:\/\/www.korhanyilmaz.com\/index.php?rest_route=%2Fwp%2Fv2%2Fcategories&post=16203"},{"taxonomy":"post_tag","embeddable":true,"href":"http:\/\/www.korhanyilmaz.com\/index.php?rest_route=%2Fwp%2Fv2%2Ftags&post=16203"}],"curies":[{"name":"wp","href":"https:\/\/api.w.org\/{rel}","templated":true}]}}