{"id":16199,"date":"2009-10-29T09:56:45","date_gmt":"2009-10-29T07:56:45","guid":{"rendered":"http:\/\/www.korhanyilmaz.com\/?p=16199"},"modified":"2009-10-29T09:56:45","modified_gmt":"2009-10-29T07:56:45","slug":"hayir-atam-hic-sasirmadik","status":"publish","type":"post","link":"http:\/\/www.korhanyilmaz.com\/?p=16199","title":{"rendered":"&#8216;Hay\u0131r, Atam, hi\u00e7 \u015fa\u015f\u0131rmad\u0131k&#8230;&#8217;"},"content":{"rendered":"<div id=\"attachment_16200\" style=\"width: 75px\" class=\"wp-caption alignleft\"><a href=\"http:\/\/www.korhanyilmaz.com\/wp-content\/uploads\/2009\/10\/hasanpulur.Jpeg\"  class=\"lightview\"><img loading=\"lazy\" decoding=\"async\" aria-describedby=\"caption-attachment-16200\" class=\"size-full wp-image-16200\" style=\"margin-left: 10px; margin-right: 10px;\" src=\"http:\/\/www.korhanyilmaz.com\/wp-content\/uploads\/2009\/10\/hasanpulur.Jpeg\" alt=\"\" width=\"65\" height=\"85\" \/><\/a><p id=\"caption-attachment-16200\" class=\"wp-caption-text\">Hasan Pulur<\/p><\/div>\n<p style=\"text-align: justify;\">BUG\u00dcN Cumhuriyet Bayram\u0131, su y\u00fcz\u00fcnde de olsa, su alt\u0131nda da olsa cumhuriyetin kurulu\u015fu tart\u0131\u015f\u0131lacakt\u0131r.<\/p>\n<p style=\"text-align: justify;\">Ne denecektir:<\/p>\n<p style=\"text-align: justify;\">\u201cCumhuriyet demokrasiyle, demokratik y\u00f6ntemlerle kurulmad\u0131&#8230;\u201d<\/p>\n<p style=\"text-align: justify;\">\u0130yi ki kurulmad\u0131!<\/p>\n<p style=\"text-align: justify;\">1923\u2019te ortaya iki sand\u0131k koyacaks\u0131n, birinin \u00fczerinde \u015feriat, di\u011ferinin \u00fczerinde cumhuriyet yaz\u0131lacak, halka \u201cGit bu sand\u0131ktan birine oy at!\u201d diyeceksin&#8230;<!--more--><\/p>\n<p style=\"text-align: justify;\">Sand\u0131klardan ne \u00e7\u0131kar?<\/p>\n<p style=\"text-align: justify;\">Temelinde laiklik olan cumhuriyet mi kazan\u0131r, yoksa \u201chalife\u201d destekli \u015feriat m\u0131?<\/p>\n<p style=\"text-align: justify;\">Hem s\u00f6yler misiniz, tarihte hangi devlet \u201csand\u0131k tercihi\u201d ile kurulmu\u015ftur.<\/p>\n<p style=\"text-align: justify;\">* * *<\/p>\n<p style=\"text-align: justify;\">\u015e\u00d6YLE derler:<\/p>\n<p style=\"text-align: justify;\">\u201c1923 cumhuriyeti, iktidar\u0131 Osmanl\u0131 hanedan\u0131ndan alm\u0131\u015f ama, halka de\u011fil, b\u00fcrokratik oligar\u015fiye teslim etmi\u015ftir.\u201d<\/p>\n<p style=\"text-align: justify;\">Do\u011frudur, ya kime teslim edecekti?<\/p>\n<p style=\"text-align: justify;\">Soru ve sorun budur.<\/p>\n<p style=\"text-align: justify;\">Cumhuriyeti kuranlar, kurduklar\u0131n\u0131 kime teslim edebilirlerdi?<\/p>\n<p style=\"text-align: justify;\">\u201cCumhuriyet\u201d ad\u0131 verilen her rejimin laik olmas\u0131 gerekiyor, lakin T\u00fcrkiye Cumhuriyeti, e\u011fer demokrasiyle y\u00f6netilecekse, laik olmak zorundad\u0131r.<\/p>\n<p style=\"text-align: justify;\">Laiklik, T\u00fcrkiye Cumhuriyeti\u2019nin \u201colmaz ise olmaz\u201d kural\u0131d\u0131r.<\/p>\n<p style=\"text-align: justify;\">* * *<\/p>\n<p style=\"text-align: justify;\">CUMHUR\u0130YET ve demokrasi&#8230;<\/p>\n<p style=\"text-align: justify;\">Birbirlerine kar\u015f\u0131 de\u011fil, birbirlerini tamamlarlar.<\/p>\n<p style=\"text-align: justify;\">\u00d6nemli olan, demokrasiden ne anlad\u0131\u011f\u0131m\u0131zd\u0131r.<\/p>\n<p style=\"text-align: justify;\">Bak\u0131n Atat\u00fcrk ne anl\u0131yordu?<\/p>\n<p style=\"text-align: justify;\">\u201cDemokrasi prensibinin en \u00e7a\u011fda\u015f ve mant\u0131kl\u0131 uygulan\u0131\u015f\u0131n\u0131 temin eden h\u00fck\u00fcmet \u015fekli, cumhuriyettir.<\/p>\n<p style=\"text-align: justify;\">Cumhuriyette meclis ve cumhurba\u015fkan\u0131 ve h\u00fck\u00fcmet ba\u015fkan\u0131 halk\u0131n h\u00fcrriyetini g\u00fcvenli\u011fini ve rahat\u0131n\u0131 d\u00fc\u015f\u00fcnmek ve temine \u00e7al\u0131\u015fmaktan ba\u015fka bir \u015fey yapmazlar. \u00c7\u00fcnk\u00fc bunlar, bilirler ki, kendilerini, iktidar ve salahiyet mevkiine, belirli bir zaman i\u00e7in getiren irade ve h\u00e2kimiyetin sahibi olan millettir ve yine, bunlar bilirler ki, iktidar mevkiine saltanat s\u00fcrmek i\u00e7in de\u011fil, millete hizmet i\u00e7in getirilmi\u015flerdir. Millete kar\u015f\u0131 vaziyet ve vazifelerini suistimal eyledikleri takdirde, \u015fu veya bu tarzda milli iradenin, kendi haklar\u0131nda bile tecellisine maruz kalabilirler. Millet taraf\u0131ndan, millet nam\u0131na devleti idareyle g\u00f6revli bulunanlar i\u00e7in, icab\u0131nda, millete hesap vermek mecburiyeti, laubalilik ve keyfi hareketle telif kabul edemez.\u201c<\/p>\n<p style=\"text-align: justify;\">Hele \u015fu son c\u00fcmle:<\/p>\n<p style=\"text-align: justify;\">\u201cMillete hesap vermek mecburiyeti, laubalilik ve keyfi hareketle telif kabul edemez.\u201d<\/p>\n<p style=\"text-align: justify;\">Laubalilik ve keyfi hareket&#8230;<\/p>\n<p style=\"text-align: justify;\">Atat\u00fcrk bug\u00fcnlere damga vurmu\u015f&#8230;<\/p>\n<p style=\"text-align: justify;\">* * *<\/p>\n<p style=\"text-align: justify;\">ATAT\u00dcRK bug\u00fcnleri de 1927\u2019de g\u00f6rm\u00fc\u015f ve Meclis\u2019te tutanaklara ge\u00e7irmi\u015ftir:<\/p>\n<p style=\"text-align: justify;\">\u201cGelecek ku\u015faklar\u0131n, T\u00fcrkiye\u2019de cumhuriyetin ilan\u0131 g\u00fcn\u00fc ona hi\u00e7 ac\u0131madan sald\u0131ranlar\u0131n ba\u015f\u0131nda, cumhuriyet\u00e7iyim diyenlerin yer ald\u0131\u011f\u0131n\u0131 g\u00f6rd\u00fckleri zaman \u015fa\u015facaklar\u0131n\u0131 hi\u00e7 sanmay\u0131n\u0131z! Tersine, T\u00fcrkiye\u2019nin ayd\u0131n ve cumhuriyet\u00e7i \u00e7ocuklar\u0131, b\u00f6yle cumhuriyet\u00e7i ge\u00e7inmi\u015f olanlar\u0131n ger\u00e7ek inan\u0131\u015flar\u0131n\u0131 irdeleyip saptamakta hi\u00e7 de g\u00fc\u00e7l\u00fck \u00e7ekmeyeceklerdir.\u201d<\/p>\n<p style=\"text-align: justify;\">Hay\u0131r, hi\u00e7 \u015fa\u015f\u0131rmad\u0131k, Atam, \u015fa\u015f\u0131rmayaca\u011f\u0131z da&#8230;<\/p>\n<p style=\"text-align: justify;\">Cumhuriyet Bayram\u0131m\u0131z kutlu olsun&#8230;<\/p>\n<p style=\"text-align: justify;\"><span style=\"color: #888888;\">Hasan Pulur &#8211; Milliyet<\/span><\/p>\n","protected":false},"excerpt":{"rendered":"<p id=\"caption-attachment-16200\" class=\"wp-caption-text\">Hasan Pulur<\/p>\n<p style=\"text-align: justify;\">BUG\u00dcN Cumhuriyet Bayram\u0131, su y\u00fcz\u00fcnde de olsa, su alt\u0131nda da olsa cumhuriyetin kurulu\u015fu tart\u0131\u015f\u0131lacakt\u0131r.<\/p>\n<p style=\"text-align: justify;\">Ne denecektir:<\/p>\n<p style=\"text-align: justify;\">\u201cCumhuriyet demokrasiyle, demokratik y\u00f6ntemlerle kurulmad\u0131&#8230;\u201d<\/p>\n<p style=\"text-align: justify;\">\u0130yi ki kurulmad\u0131!<\/p>\n<p style=\"text-align: justify;\">1923\u2019te ortaya iki sand\u0131k koyacaks\u0131n, birinin \u00fczerinde \u015feriat, di\u011ferinin \u00fczerinde cumhuriyet yaz\u0131lacak, halka \u201cGit bu sand\u0131ktan birine <\/p>\n","protected":false},"author":1,"featured_media":0,"comment_status":"open","ping_status":"closed","sticky":false,"template":"","format":"standard","meta":{"footnotes":""},"categories":[16],"tags":[],"class_list":["post-16199","post","type-post","status-publish","format-standard","hentry","category-kose-yazilari","odd"],"_links":{"self":[{"href":"http:\/\/www.korhanyilmaz.com\/index.php?rest_route=\/wp\/v2\/posts\/16199","targetHints":{"allow":["GET"]}}],"collection":[{"href":"http:\/\/www.korhanyilmaz.com\/index.php?rest_route=\/wp\/v2\/posts"}],"about":[{"href":"http:\/\/www.korhanyilmaz.com\/index.php?rest_route=\/wp\/v2\/types\/post"}],"author":[{"embeddable":true,"href":"http:\/\/www.korhanyilmaz.com\/index.php?rest_route=\/wp\/v2\/users\/1"}],"replies":[{"embeddable":true,"href":"http:\/\/www.korhanyilmaz.com\/index.php?rest_route=%2Fwp%2Fv2%2Fcomments&post=16199"}],"version-history":[{"count":0,"href":"http:\/\/www.korhanyilmaz.com\/index.php?rest_route=\/wp\/v2\/posts\/16199\/revisions"}],"wp:attachment":[{"href":"http:\/\/www.korhanyilmaz.com\/index.php?rest_route=%2Fwp%2Fv2%2Fmedia&parent=16199"}],"wp:term":[{"taxonomy":"category","embeddable":true,"href":"http:\/\/www.korhanyilmaz.com\/index.php?rest_route=%2Fwp%2Fv2%2Fcategories&post=16199"},{"taxonomy":"post_tag","embeddable":true,"href":"http:\/\/www.korhanyilmaz.com\/index.php?rest_route=%2Fwp%2Fv2%2Ftags&post=16199"}],"curies":[{"name":"wp","href":"https:\/\/api.w.org\/{rel}","templated":true}]}}