{"id":16193,"date":"2009-10-29T00:09:05","date_gmt":"2009-10-28T22:09:05","guid":{"rendered":"http:\/\/www.korhanyilmaz.com\/?p=16193"},"modified":"2009-10-29T00:09:05","modified_gmt":"2009-10-28T22:09:05","slug":"bayrak-rezaleti","status":"publish","type":"post","link":"http:\/\/www.korhanyilmaz.com\/?p=16193","title":{"rendered":"Bayrak rezaleti"},"content":{"rendered":"<p style=\"text-align: center;\"><a href=\"http:\/\/www.korhanyilmaz.com\/wp-content\/uploads\/2009\/10\/BAYRAK1.jpg\"  class=\"lightview\"><img loading=\"lazy\" decoding=\"async\" class=\"aligncenter size-full wp-image-16195\" src=\"http:\/\/www.korhanyilmaz.com\/wp-content\/uploads\/2009\/10\/BAYRAK1.jpg\" alt=\"\" width=\"450\" height=\"225\" \/><\/a><\/p>\n<p style=\"text-align: justify;\"><strong><em>Stada T\u00fcrk bayra\u011f\u0131 sokulmad\u0131<\/em><\/strong><\/p>\n<p style=\"text-align: justify;\">TELEFONDA Mahmut G\u00fcnkut var. Kahramanmara\u015fspor\u2019un Ba\u015fkan\u0131: \u201cSabahattin Bey kahroluyorum. Kah\u0131r i\u00e7indeyim!&#8230;\u201d Araya girmeme f\u0131rsat vermeden devam ediyor: \u015eehrimizde tak\u0131m\u0131m\u0131z Kahramanmara\u015fspor\u2019la Ad\u0131yamanspor\u2019un ma\u00e7\u0131nda ne oldu biliyor musunuz?<\/p>\n<p style=\"text-align: justify;\"><strong><em>Polise bu emri kim verdi?<\/em><\/strong><\/p>\n<p style=\"text-align: justify;\">KEND\u0130 sorusunu kendi cevapl\u0131yor: T\u00fcrk bayra\u011f\u0131 yasakland\u0131! \u0130\u015fgal y\u0131llar\u0131nda Frans\u0131z gavurunun bile yapmad\u0131\u011f\u0131n\u0131 bu iktidar yapt\u0131. Elinde bayrak olan taraftar, polis taraf\u0131ndan stada sokulmad\u0131, \u00fcstlerinde  bayrak aramalar\u0131 yap\u0131ld\u0131. <!--more--><\/p>\n<p style=\"text-align: justify;\"><strong><em>Sabahattin \u00d6NK\u0130BAR\u2019\u0131n yaz\u0131s\u0131<\/em><\/strong><\/p>\n<p style=\"text-align: justify;\">AKP, Frans\u0131z\u2019\u0131n yapamad\u0131\u011f\u0131n\u0131 yapt\u0131 ve Mara\u015f\u2019ta T\u00fcrk Bayra\u011f\u0131n\u0131 yasaklad\u0131!<\/p>\n<p style=\"text-align: justify;\">Telefonda Mahmut G\u00fcnkut var.   O kim mi?<\/p>\n<p style=\"text-align: justify;\">Kahramanmara\u015fspor\u2019un Ba\u015fkan\u0131.<\/p>\n<p style=\"text-align: justify;\">Mahmut Bey ba\u015far\u0131l\u0131 bir i\u015fadam\u0131.<\/p>\n<p style=\"text-align: justify;\">Siyasi bir kimli\u011fi de yok!<\/p>\n<p style=\"text-align: justify;\">Herkese ayn\u0131 mesafede!<\/p>\n<p style=\"text-align: justify;\">K\u00fcrt a\u00e7\u0131l\u0131m\u0131 giri\u015fimine ba\u015flang\u0131\u00e7ta destek veren bir isim.<\/p>\n<p style=\"text-align: justify;\">\u00d6yle ki T\u00fcrklerle K\u00fcrtler karde\u015ftir mesaj\u0131n\u0131 vermek i\u00e7in Zahospor\u2019la ba\u015fkan\u0131 oldu\u011fu Kahramanmara\u015fspor aras\u0131nda dostluk ma\u00e7\u0131n\u0131 yapt\u0131rm\u0131\u015ft\u0131.<\/p>\n<p style=\"text-align: justify;\">\u0130\u015fte b\u00f6yle bir isim d\u00fcn telefonda zerre m\u00fcbala\u011fa etmiyorum sinirinden ve \u00fcz\u00fcnt\u00fcs\u00fcnden a\u011fl\u0131yordu.<\/p>\n<p style=\"text-align: justify;\">Ni\u00e7in mi?<\/p>\n<p style=\"text-align: justify;\">Onu kendisinden dinleyelim:<\/p>\n<p style=\"text-align: justify;\">&#8211; \u201cSabahattin Bey kahroluyorum. Kah\u0131r i\u00e7indeyim!&#8230;\u201d<\/p>\n<p style=\"text-align: justify;\">Araya girmeme f\u0131rsat vermeden devam ediyor:<\/p>\n<p style=\"text-align: justify;\">&#8211; \u201cBen ki K\u00fcrt a\u00e7\u0131l\u0131m\u0131ndan bir \u015feyler uman biriydim. Ben ki bu a\u00e7\u0131l\u0131mla anneler art\u0131k a\u011flamayacak diyen biriydim.. Me\u011fer b\u00fct\u00fcn o s\u00f6ylenenler yalanm\u0131\u015f! Me\u011fer aldatm\u0131\u015flar bizi\u201d<\/p>\n<p style=\"text-align: justify;\">Aldatanlar kim dememle konu\u015fmas\u0131n\u0131 s\u00fcrd\u00fcr\u00fcyor:<\/p>\n<p style=\"text-align: justify;\">&#8211; \u201cKim olacak, a\u00e7\u0131l\u0131mla analar art\u0131k a\u011flamayacak edebiyat\u0131n\u0131 yapanlar.. Me\u011fer bu i\u015f istismar ve aldatmaca imi\u015f. Bunu ya\u015fayarak g\u00f6rd\u00fcm. Me\u011fer bu K\u00fcrt a\u00e7\u0131l\u0131m\u0131 hikayesi ger\u00e7ekten b\u00f6l\u00fcnme ve ayr\u0131\u015fma projesinin bir par\u00e7as\u0131ym\u0131\u015f\u201d<\/p>\n<p style=\"text-align: justify;\">Mahmut G\u00fcnkut derin bir soluk al\u0131yor:<\/p>\n<p style=\"text-align: justify;\">&#8211; \u201cBen bu a\u00e7\u0131l\u0131m olay\u0131n\u0131n bayra\u011f\u0131m\u0131zdan vazge\u00e7mek oldu\u011funu emin ol<\/p>\n<p style=\"text-align: justify;\">4 g\u00fcn \u00f6ncesine kadar bilmiyordum\u201d<\/p>\n<p style=\"text-align: justify;\">Araya girip  \u201cNe oldu<\/p>\n<p style=\"text-align: justify;\">4 g\u00fcn \u00f6nce\u201d diyorum..<\/p>\n<p style=\"text-align: justify;\">Mahmut G\u00fcnkut:<\/p>\n<p style=\"text-align: justify;\">&#8211; \u201c\u015eehrimizde tak\u0131m\u0131m\u0131z Kahramanmara\u015fspor\u2019la Ad\u0131yamanspor\u2019un ma\u00e7\u0131 oldu\u201d<\/p>\n<p style=\"text-align: justify;\">Mahmut Bey devam ediyor:<\/p>\n<p style=\"text-align: justify;\">&#8211; \u201cSabahattin bey bu ma\u00e7ta ne oldu biliyor musunuz?\u201d<\/p>\n<p style=\"text-align: justify;\">Kendi sorusunu kendi cevapl\u0131yor:<\/p>\n<p style=\"text-align: justify;\">&#8211; \u201cT\u00fcrk bayra\u011f\u0131 yasakland\u0131.. Evet yanl\u0131\u015f duymuyorsunuz, ayy\u0131ld\u0131zl\u0131 \u015fanl\u0131 bayra\u011f\u0131m\u0131z\u0131n \u015fehrimizin stad\u0131na girmesi yasakland\u0131.\u201d<\/p>\n<p style=\"text-align: justify;\">Ba\u015fkan, olmaz \u00f6yle \u015fey diyorum&#8230;<\/p>\n<p style=\"text-align: justify;\">Mahmut G\u00fcnkut:<\/p>\n<p style=\"text-align: justify;\">&#8211; \u201cOlmamas\u0131 laz\u0131m ama oldu, yapt\u0131lar bunu.. B\u00fct\u00fcn Kahramanmara\u015f buna \u015fahittir. \u0130\u015fgal y\u0131llar\u0131nda Frans\u0131z gavurunun bile yapmad\u0131\u011f\u0131n\u0131 ya da yapamad\u0131\u011f\u0131n\u0131 bu iktidar yapt\u0131.. Bayra\u011f\u0131m\u0131z\u0131 bize yasaklad\u0131. Elinde bayrak olan Kahramanmara\u015fl\u0131, polis taraf\u0131ndan stada sokulmad\u0131 ve insanlar\u0131n \u00fcst\u00fcnde bayrak aramalar\u0131 yap\u0131ld\u0131.\u201d<\/p>\n<p style=\"text-align: justify;\">Peki ama neden?<\/p>\n<p style=\"text-align: justify;\">Mahmut G\u00fcnkurt:<\/p>\n<p style=\"text-align: justify;\">&#8211; \u201cPKK\u2019l\u0131lara ve a\u011fababalar\u0131na \u015firin g\u00f6r\u00fcnmek i\u00e7in herhalde. \u00c7\u00fcnk\u00fc bu i\u015fin ba\u015fka izah\u0131 yok. \u015eu i\u015fe bakar m\u0131s\u0131n\u0131z, \u015fanl\u0131 bayra\u011f\u0131m\u0131z art\u0131k su\u00e7 unsuru muamelesi g\u00f6r\u00fcyor. Bunu yapan g\u00fcya mukaddesat\u00e7\u0131 iktidar. Yaz\u0131klar olsun.. Ben de bunlara oy vermi\u015ftim. \u0130\u00e7im ac\u0131yor Sabahattin Bey, i\u00e7im ac\u0131yor.. S\u00fct\u00e7\u00fc \u0130mam\u2019\u0131n memleketinde bu olaydan sonra ac\u0131 ve h\u00fcz\u00fcn var.\u201d<\/p>\n<p style=\"text-align: justify;\">Telefonu kapat\u0131yorum.<\/p>\n<p style=\"text-align: justify;\">Cumhuriyetimizin 86. y\u0131l\u0131n\u0131 kutlad\u0131\u011f\u0131m\u0131z bug\u00fcn bu tabloyu ve \u00e7\u0131\u011fl\u0131\u011f\u0131 g\u00f6rmeyen g\u00f6zlere, duymayan kulaklara arma\u011fan ediyorum!<\/p>\n<p style=\"text-align: justify;\"><span style=\"color: #888888;\">Haber Kayna\u011f\u0131 : <a href=\"http:\/\/www.yenicaggazetesi.com.tr\/haberdetay.php?hit=25408\" target=\"_blank\">yenicaggazetesi.com.tr<\/a><\/span><\/p>\n","protected":false},"excerpt":{"rendered":"<p style=\"text-align: center;\">\n<p style=\"text-align: justify;\">Stada T\u00fcrk bayra\u011f\u0131 sokulmad\u0131<\/p>\n<p style=\"text-align: justify;\">TELEFONDA Mahmut G\u00fcnkut var. Kahramanmara\u015fspor\u2019un Ba\u015fkan\u0131: \u201cSabahattin Bey kahroluyorum. Kah\u0131r i\u00e7indeyim!&#8230;\u201d Araya girmeme f\u0131rsat vermeden devam ediyor: \u015eehrimizde tak\u0131m\u0131m\u0131z Kahramanmara\u015fspor\u2019la Ad\u0131yamanspor\u2019un ma\u00e7\u0131nda ne oldu biliyor musunuz?<\/p>\n<p style=\"text-align: justify;\">Polise bu emri kim verdi?<\/p>\n<p style=\"text-align: justify;\">KEND\u0130 sorusunu kendi cevapl\u0131yor: T\u00fcrk bayra\u011f\u0131 yasakland\u0131! \u0130\u015fgal y\u0131llar\u0131nda <\/p>\n","protected":false},"author":1,"featured_media":0,"comment_status":"open","ping_status":"closed","sticky":false,"template":"","format":"standard","meta":{"footnotes":""},"categories":[105],"tags":[],"class_list":["post-16193","post","type-post","status-publish","format-standard","hentry","category-gundem","odd"],"_links":{"self":[{"href":"http:\/\/www.korhanyilmaz.com\/index.php?rest_route=\/wp\/v2\/posts\/16193","targetHints":{"allow":["GET"]}}],"collection":[{"href":"http:\/\/www.korhanyilmaz.com\/index.php?rest_route=\/wp\/v2\/posts"}],"about":[{"href":"http:\/\/www.korhanyilmaz.com\/index.php?rest_route=\/wp\/v2\/types\/post"}],"author":[{"embeddable":true,"href":"http:\/\/www.korhanyilmaz.com\/index.php?rest_route=\/wp\/v2\/users\/1"}],"replies":[{"embeddable":true,"href":"http:\/\/www.korhanyilmaz.com\/index.php?rest_route=%2Fwp%2Fv2%2Fcomments&post=16193"}],"version-history":[{"count":0,"href":"http:\/\/www.korhanyilmaz.com\/index.php?rest_route=\/wp\/v2\/posts\/16193\/revisions"}],"wp:attachment":[{"href":"http:\/\/www.korhanyilmaz.com\/index.php?rest_route=%2Fwp%2Fv2%2Fmedia&parent=16193"}],"wp:term":[{"taxonomy":"category","embeddable":true,"href":"http:\/\/www.korhanyilmaz.com\/index.php?rest_route=%2Fwp%2Fv2%2Fcategories&post=16193"},{"taxonomy":"post_tag","embeddable":true,"href":"http:\/\/www.korhanyilmaz.com\/index.php?rest_route=%2Fwp%2Fv2%2Ftags&post=16193"}],"curies":[{"name":"wp","href":"https:\/\/api.w.org\/{rel}","templated":true}]}}