{"id":16185,"date":"2009-10-28T09:49:02","date_gmt":"2009-10-28T07:49:02","guid":{"rendered":"http:\/\/www.korhanyilmaz.com\/?p=16185"},"modified":"2009-10-28T09:49:02","modified_gmt":"2009-10-28T07:49:02","slug":"kacmazin-davalari-basladi","status":"publish","type":"post","link":"http:\/\/www.korhanyilmaz.com\/?p=16185","title":{"rendered":"Ka\u00e7maz&#039;\u0131n davalar\u0131 ba\u015flad\u0131"},"content":{"rendered":"<p><a href=\"http:\/\/www.korhanyilmaz.com\/wp-content\/uploads\/2009\/10\/kacmaz.jpg\"  class=\"lightview\"><img loading=\"lazy\" decoding=\"async\" class=\"aligncenter size-full wp-image-16186\" src=\"http:\/\/www.korhanyilmaz.com\/wp-content\/uploads\/2009\/10\/kacmaz.jpg\" alt=\"\" width=\"250\" height=\"170\" \/><\/a><\/p>\n<p style=\"text-align: justify;\">Sincan 1. A\u011f\u0131r Ceza Mahkemesi Ba\u015fkan\u0131 Osman Ka\u00e7maz\u2019\u0131n, \u201cki\u015filik haklar\u0131na zarar verdikleri\u201d iddias\u0131yla Cumhurba\u015fkan\u0131 Abdullah G\u00fcl ve Ba\u015fbakan Recep Tayyip Erdo\u011fan aleyhinde a\u00e7t\u0131\u011f\u0131 manevi tazminat davalar\u0131n\u0131n g\u00f6r\u00fclmesine ba\u015fland\u0131. Davalar, Ankara 16. Asliye Hukuk Mahkemesinde pe\u015f pe\u015fe g\u00f6r\u00fcld\u00fc.  Yarg\u0131\u00e7 Ya\u015far Eren, taraf avukatlar\u0131n\u0131n kar\u015f\u0131l\u0131kl\u0131 beyanlar\u0131n\u0131n yer ald\u0131\u011f\u0131 dilek\u00e7elerin dosyaya sunuldu\u011funu a\u00e7\u0131klad\u0131. G\u00fcl\u2019\u00fcn avukat\u0131, davan\u0131n a\u00e7\u0131lma usul\u00fcne ili\u015fkin itirazlar\u0131 bulundu\u011funu bildirdi. Duru\u015fma, taraflara delillerini ibraz etmeleri i\u00e7in s\u00fcre verilerek ertelenirken, G\u00fcl\u2019\u00fcn avukat\u0131n\u0131n usule ili\u015fkin itirazlar\u0131n\u0131n gelecek celse de\u011ferlendirilmesine karar verildi. <!--more--><\/p>\n<p style=\"text-align: justify;\"><strong><em>Savc\u0131l\u0131\u011fa k\u0131zm\u0131\u015f<\/em><\/strong><\/p>\n<p style=\"text-align: justify;\">Ba\u015fbakan Erdo\u011fan\u2019a a\u00e7\u0131lan davan\u0131n duru\u015fmas\u0131na da Ka\u00e7maz\u2019\u0131n avukat\u0131 Do\u011fan ile Erdo\u011fan\u2019\u0131n avukat\u0131 Muammer Cemalo\u011flu kat\u0131ld\u0131. Avukat Cemalo\u011flu, dava dilek\u00e7esine kar\u015f\u0131 beyanlar\u0131n\u0131n yer ald\u0131\u011f\u0131 dilek\u00e7eyi mahkemeye sundu. Dilek\u00e7ede, \u201cErdo\u011fan taraf\u0131ndan yap\u0131lan a\u00e7\u0131klaman\u0131n davac\u0131ya de\u011fil, Cumhurba\u015fkan\u0131 G\u00fcl hakk\u0131nda Ankara Cumhuriyet Ba\u015fsavc\u0131l\u0131\u011f\u0131nca verilen takipsizlik h\u00fckm\u00fcn\u00fc kald\u0131ran karar\u0131n i\u00e7eri\u011fine ve gerek\u00e7esine y\u00f6nelik oldu\u011fu ve orant\u0131s\u0131z olmad\u0131\u011f\u0131\u201d belirtildi. Duru\u015fma taraflar\u0131n delillerini sunmas\u0131 i\u00e7in ertelendi. Ka\u00e7maz,    G\u00fcl hakk\u0131nda \u201cKay\u0131p Trilyon\u201d davas\u0131nda verilen takipsizlik karar\u0131n\u0131n kald\u0131r\u0131lmas\u0131n\u0131n ard\u0131ndan G\u00fcl ve Erdo\u011fan\u2019\u0131n, ki\u015filik haklar\u0131na zarar verdi\u011fini \u201c \u00f6ne s\u00fcrerek,  10\u2019ar bin TL\u2019lik tazminat davalar\u0131 a\u00e7m\u0131\u015ft\u0131.<\/p>\n<p style=\"text-align: justify;\"><span style=\"color: #888888;\">Haber Kayna\u011f\u0131 : yenicaggazetesi.com.tr<\/span><\/p>\n","protected":false},"excerpt":{"rendered":"<\/p>\n<p style=\"text-align: justify;\">Sincan 1. A\u011f\u0131r Ceza Mahkemesi Ba\u015fkan\u0131 Osman Ka\u00e7maz\u2019\u0131n, \u201cki\u015filik haklar\u0131na zarar verdikleri\u201d iddias\u0131yla Cumhurba\u015fkan\u0131 Abdullah G\u00fcl ve Ba\u015fbakan Recep Tayyip Erdo\u011fan aleyhinde a\u00e7t\u0131\u011f\u0131 manevi tazminat davalar\u0131n\u0131n g\u00f6r\u00fclmesine ba\u015fland\u0131. Davalar, Ankara 16. Asliye Hukuk Mahkemesinde pe\u015f pe\u015fe g\u00f6r\u00fcld\u00fc. Yarg\u0131\u00e7 Ya\u015far Eren, taraf avukatlar\u0131n\u0131n kar\u015f\u0131l\u0131kl\u0131 beyanlar\u0131n\u0131n yer ald\u0131\u011f\u0131 dilek\u00e7elerin dosyaya sunuldu\u011funu a\u00e7\u0131klad\u0131. G\u00fcl\u2019\u00fcn avukat\u0131, <\/p>\n","protected":false},"author":1,"featured_media":0,"comment_status":"open","ping_status":"closed","sticky":false,"template":"","format":"standard","meta":{"footnotes":""},"categories":[105],"tags":[],"class_list":["post-16185","post","type-post","status-publish","format-standard","hentry","category-gundem","odd"],"_links":{"self":[{"href":"http:\/\/www.korhanyilmaz.com\/index.php?rest_route=\/wp\/v2\/posts\/16185","targetHints":{"allow":["GET"]}}],"collection":[{"href":"http:\/\/www.korhanyilmaz.com\/index.php?rest_route=\/wp\/v2\/posts"}],"about":[{"href":"http:\/\/www.korhanyilmaz.com\/index.php?rest_route=\/wp\/v2\/types\/post"}],"author":[{"embeddable":true,"href":"http:\/\/www.korhanyilmaz.com\/index.php?rest_route=\/wp\/v2\/users\/1"}],"replies":[{"embeddable":true,"href":"http:\/\/www.korhanyilmaz.com\/index.php?rest_route=%2Fwp%2Fv2%2Fcomments&post=16185"}],"version-history":[{"count":0,"href":"http:\/\/www.korhanyilmaz.com\/index.php?rest_route=\/wp\/v2\/posts\/16185\/revisions"}],"wp:attachment":[{"href":"http:\/\/www.korhanyilmaz.com\/index.php?rest_route=%2Fwp%2Fv2%2Fmedia&parent=16185"}],"wp:term":[{"taxonomy":"category","embeddable":true,"href":"http:\/\/www.korhanyilmaz.com\/index.php?rest_route=%2Fwp%2Fv2%2Fcategories&post=16185"},{"taxonomy":"post_tag","embeddable":true,"href":"http:\/\/www.korhanyilmaz.com\/index.php?rest_route=%2Fwp%2Fv2%2Ftags&post=16185"}],"curies":[{"name":"wp","href":"https:\/\/api.w.org\/{rel}","templated":true}]}}