{"id":16182,"date":"2009-10-28T20:17:48","date_gmt":"2009-10-28T18:17:48","guid":{"rendered":"http:\/\/www.korhanyilmaz.com\/?p=16182"},"modified":"2009-10-28T20:17:48","modified_gmt":"2009-10-28T18:17:48","slug":"avrupadaki-pkklilar-eve-donemeyecek","status":"publish","type":"post","link":"http:\/\/www.korhanyilmaz.com\/?p=16182","title":{"rendered":"Avrupa&#039;daki PKK&#039;l\u0131lar eve d\u00f6n(e)meyecek"},"content":{"rendered":"<p style=\"text-align: center;\"><a href=\"http:\/\/www.korhanyilmaz.com\/wp-content\/uploads\/2009\/10\/pkk1.jpg\"  class=\"lightview\"><img loading=\"lazy\" decoding=\"async\" class=\"aligncenter size-full wp-image-16183\" src=\"http:\/\/www.korhanyilmaz.com\/wp-content\/uploads\/2009\/10\/pkk1.jpg\" alt=\"\" width=\"307\" height=\"236\" \/><\/a><\/p>\n<p style=\"text-align: justify;\">Avrupa&#8217;dan eve d\u00f6n\u00fc\u015f hi\u00e7 olmayabilir. H\u00fck\u00fcmetteki genel e\u011filim bu. Nedeni Avrupa&#8217;dan geli\u015flerin propaganda ama\u00e7l\u0131 olaca\u011f\u0131, gelenlerin de geri ya\u015fad\u0131klar\u0131 \u00fclkelere d\u00f6necek olmas\u0131. Eve d\u00f6n\u00fc\u015flerin Mahmur ve Kandil&#8217;le s\u00fcrd\u00fcr\u00fclmesi planlan\u0131yor. Ama bir \u015fartla. Bir daha Habur&#8217;daki g\u00f6r\u00fcnt\u00fcler ya\u015fanmayacak ve propaganda yap\u0131lmayacak. <!--more--><\/p>\n<p style=\"text-align: justify;\">PKK&#8217;l\u0131lar\u0131n teslim olmas\u0131 sonras\u0131nda ya\u015fanan g\u00f6r\u00fcnt\u00fcler h\u00fck\u00fcmeti, devleti rahats\u0131z etti.<\/p>\n<p style=\"text-align: justify;\">Ama beklenen bu de\u011fildi. H\u00fck\u00fcmet verilen s\u00f6ze g\u00f6re hareket etmi\u015fti.<\/p>\n<p style=\"text-align: justify;\">&#8220;M\u00fctevazi g\u00f6r\u00fcnt\u00fcler olacak, hassasiyetler g\u00f6z\u00f6n\u00fcnde tutulacak&#8221; s\u00f6z\u00fc DTP&#8217;den al\u0131nm\u0131\u015ft\u0131.<\/p>\n<p style=\"text-align: justify;\">Bu s\u00f6z tutulamad\u0131&#8230;<\/p>\n<p style=\"text-align: justify;\">DTP, &#8220;geli\u015fmeler kontrol\u00fcm\u00fcz\u00fcn d\u0131\u015f\u0131na \u00e7\u0131kt\u0131, hassasiyetleri dikkate alaca\u011f\u0131z&#8221;  dedi.<\/p>\n<p style=\"text-align: justify;\">Ama h\u00fck\u00fcmet tavr\u0131n\u0131 ortaya koydu, eve d\u00f6n\u00fc\u015flere ara verildi. Ba\u015fbakan da &#8220;silba\u015ftan&#8221; a\u00e7\u0131klamas\u0131yla uyard\u0131. \u00dcstelik Avrupa&#8217;dan yeni geli\u015fler olmas\u0131 beklenirken&#8230;<\/p>\n<p style=\"text-align: justify;\">Ama o geli\u015fler olmad\u0131, ertelendi&#8230;<\/p>\n<p style=\"text-align: justify;\">H\u00fck\u00fcmete g\u00f6re ise olmayacak ve \u015fimdilik olmamal\u0131.<\/p>\n<p style=\"text-align: justify;\">CNN T\u00dcRK&#8221;\u00fcn edindi\u011fi bilgilere g\u00f6re h\u00fck\u00fcmet Avrupa&#8217;dan geli\u015flere \u015fimdilik s\u0131cak bakm\u0131yor. H\u00fck\u00fcmette o geli\u015flerin sadece propoganda ama\u00e7l\u0131 olaca\u011f\u0131 ve bu s\u00fcre\u00e7te de fayda yerine s\u00fcrece zarar getirece\u011fi d\u00fc\u015f\u00fcncesi hakim.<\/p>\n<p style=\"text-align: justify;\">H\u00fck\u00fcmette genel yakla\u015f\u0131m s\u00fcrecin Mahmur ve Kandil&#8217;den geli\u015flerle devam etmesi. \u00d6ncelik ilk etapta Mahmur&#8217;daki kad\u0131n ve \u00e7ocuklar\u0131n geli\u015finde.<\/p>\n<p style=\"text-align: justify;\">Ama bunda da \u015fart var&#8230;<\/p>\n<p style=\"text-align: justify;\">\u015eart, ilk geli\u015fteki g\u00f6r\u00fcnt\u00fclerin tekrarlanmamas\u0131. D\u00f6n\u00fc\u015ften memnuniyet duymak do\u011fal ama d\u00f6n\u00fc\u015flerin mitinge d\u00f6n\u00fc\u015ft\u00fcr\u00fclmesi istenmiyor.<\/p>\n<p style=\"text-align: justify;\">H\u00fck\u00fcmetin \u00f6nde gelen isimleri, &#8220;ama\u00e7 ter\u00f6r\u00fc bitirmek, bu s\u00fcre\u00e7te propaganda yapmak de\u011fil. Dolay\u0131s\u0131yla biz de bunun propagandas\u0131n\u0131 yapmayaca\u011f\u0131z ama onlar da yapmamal\u0131&#8221; diyor.<\/p>\n<p style=\"text-align: justify;\">Eve d\u00f6n\u00fc\u015fler i\u00e7in \u015fart var, ama a\u00e7\u0131l\u0131m \u00e7al\u0131\u015fmalar\u0131n\u0131 devam\u0131 i\u00e7in yok..<\/p>\n<p style=\"text-align: justify;\">H\u00fck\u00fcmet \u00e7al\u0131\u015fmalar\u0131 s\u00fcrd\u00fcrmekte kararl\u0131. Zaten \u00e7al\u0131\u015fmalar kas\u0131m ay\u0131n\u0131n\u0131n ortas\u0131nda Meclis&#8217;te konu\u015fulacak.<\/p>\n<p style=\"text-align: justify;\">Bunun i\u00e7in Ba\u015fbakan Erdo\u011fan\u0131n program\u0131 da dikkate al\u0131nacak. Takvim konusundaki kesin karar\u0131n yap\u0131lacak ilk Bakanlar Kurulu toplant\u0131s\u0131nda verilmesi bekleniyor.<\/p>\n<p><span style=\"color: #888888;\">Melek Erhan &#8211; CNN T\u00dcRK<\/span><\/p>\n","protected":false},"excerpt":{"rendered":"<p style=\"text-align: center;\">\n<p style=\"text-align: justify;\">Avrupa&#8217;dan eve d\u00f6n\u00fc\u015f hi\u00e7 olmayabilir. H\u00fck\u00fcmetteki genel e\u011filim bu. Nedeni Avrupa&#8217;dan geli\u015flerin propaganda ama\u00e7l\u0131 olaca\u011f\u0131, gelenlerin de geri ya\u015fad\u0131klar\u0131 \u00fclkelere d\u00f6necek olmas\u0131. Eve d\u00f6n\u00fc\u015flerin Mahmur ve Kandil&#8217;le s\u00fcrd\u00fcr\u00fclmesi planlan\u0131yor. Ama bir \u015fartla. Bir daha Habur&#8217;daki g\u00f6r\u00fcnt\u00fcler ya\u015fanmayacak ve propaganda yap\u0131lmayacak. <\/p>\n","protected":false},"author":1,"featured_media":0,"comment_status":"open","ping_status":"closed","sticky":false,"template":"","format":"standard","meta":{"footnotes":""},"categories":[105],"tags":[],"class_list":["post-16182","post","type-post","status-publish","format-standard","hentry","category-gundem","odd"],"_links":{"self":[{"href":"http:\/\/www.korhanyilmaz.com\/index.php?rest_route=\/wp\/v2\/posts\/16182","targetHints":{"allow":["GET"]}}],"collection":[{"href":"http:\/\/www.korhanyilmaz.com\/index.php?rest_route=\/wp\/v2\/posts"}],"about":[{"href":"http:\/\/www.korhanyilmaz.com\/index.php?rest_route=\/wp\/v2\/types\/post"}],"author":[{"embeddable":true,"href":"http:\/\/www.korhanyilmaz.com\/index.php?rest_route=\/wp\/v2\/users\/1"}],"replies":[{"embeddable":true,"href":"http:\/\/www.korhanyilmaz.com\/index.php?rest_route=%2Fwp%2Fv2%2Fcomments&post=16182"}],"version-history":[{"count":0,"href":"http:\/\/www.korhanyilmaz.com\/index.php?rest_route=\/wp\/v2\/posts\/16182\/revisions"}],"wp:attachment":[{"href":"http:\/\/www.korhanyilmaz.com\/index.php?rest_route=%2Fwp%2Fv2%2Fmedia&parent=16182"}],"wp:term":[{"taxonomy":"category","embeddable":true,"href":"http:\/\/www.korhanyilmaz.com\/index.php?rest_route=%2Fwp%2Fv2%2Fcategories&post=16182"},{"taxonomy":"post_tag","embeddable":true,"href":"http:\/\/www.korhanyilmaz.com\/index.php?rest_route=%2Fwp%2Fv2%2Ftags&post=16182"}],"curies":[{"name":"wp","href":"https:\/\/api.w.org\/{rel}","templated":true}]}}