{"id":16176,"date":"2009-10-27T19:13:09","date_gmt":"2009-10-27T17:13:09","guid":{"rendered":"http:\/\/www.korhanyilmaz.com\/?p=16176"},"modified":"2009-10-27T19:13:09","modified_gmt":"2009-10-27T17:13:09","slug":"albayin-avukatindan-belge-sahte-imasi","status":"publish","type":"post","link":"http:\/\/www.korhanyilmaz.com\/?p=16176","title":{"rendered":"Albay&#039;\u0131n avukat\u0131ndan &#039;belge sahte&#039; imas\u0131"},"content":{"rendered":"<p><a href=\"http:\/\/www.korhanyilmaz.com\/wp-content\/uploads\/2009\/10\/cicek.jpg\"  class=\"lightview\"><img loading=\"lazy\" decoding=\"async\" class=\"aligncenter size-full wp-image-16177\" title=\"cicek\" src=\"http:\/\/www.korhanyilmaz.com\/wp-content\/uploads\/2009\/10\/cicek.jpg\" alt=\"cicek\" width=\"292\" height=\"233\" \/><\/a><\/p>\n<p style=\"text-align: justify;\">Albay Dursun \u00c7i\u00e7ek&#8217;in avukat\u0131 Mustafa \u00c7evik, &#8220;m\u00fcvekkilinin pe\u015finen su\u00e7lu olarak ilan edilmesi her t\u00fcrl\u00fc hukuki izahtan yoksun&#8221; oldu\u011funu ifade etti.<\/p>\n<p style=\"text-align: justify;\">\u00c7evik, yapt\u0131\u011f\u0131 yaz\u0131l\u0131 a\u00e7\u0131klamada, medyada &#8220;irtica ile m\u00fccadele plan\u0131&#8221; ad\u0131 alt\u0131nda yer alan haberlerde &#8220;plan\u0131 m\u00fcvekkilinin haz\u0131rlad\u0131\u011f\u0131 ve alt\u0131n\u0131 imzalad\u0131\u011f\u0131n\u0131n iddia edildi\u011fini&#8221; kaydederek, bu iddialar \u00fczerine m\u00fcvekkili Albay Dursun \u00c7i\u00e7ek ad\u0131na a\u00e7\u0131klama yapmak mecburiyeti do\u011fdu\u011funu ifade etti. <!--more--><\/p>\n<p style=\"text-align: justify;\">Gelinen bu a\u015famada \u0130stanbul Cumhuriyet Ba\u015fsavc\u0131l\u0131\u011f\u0131&#8217;na g\u00f6nderildi\u011fi belirtilen bir ihbar mektubunda, &#8220;plan\u0131n m\u00fcvekkili \u00c7i\u00e7ek taraf\u0131ndan haz\u0131rland\u0131\u011f\u0131 ve alt\u0131ndaki \u0131slak imzan\u0131n da m\u00fcvekkiline ait oldu\u011funun&#8221; iddia edildi\u011fini an\u0131msatan \u00c7evik, &#8220;Tamamen hukuk d\u0131\u015f\u0131 ve kamuoyuna y\u00f6nlendirmeye y\u00f6nelik bu iddialar\u0131n sistematik ve metodik a\u00e7\u0131dan hukuki bir tutarl\u0131l\u0131\u011f\u0131 bulunmamaktad\u0131r&#8221; g\u00f6r\u00fc\u015f\u00fcn\u00fc savundu.<\/p>\n<p style=\"text-align: justify;\">\u00c7evik, a\u00e7\u0131klamas\u0131nda  &#8220;Bu iddialarda, 12 Haziran&#8217;dan bug\u00fcne kadar ge\u00e7en s\u00fcrede, g\u00fcn\u00fcm\u00fcz\u00fcn teknolojik imkanlar\u0131 kullan\u0131larak \u0131slak imzan\u0131n da taklit edilebilece\u011fi ger\u00e7e\u011fi g\u00f6zard\u0131 edilmi\u015ftir. Cumhuriyet Savc\u0131lar\u0131n\u0131n sadece aleyhte olan delilleri de\u011fil, lehte olan delilleri de toplamas\u0131 gerekir. Aksi yakla\u015f\u0131m hukuk devletinde asla tasvip g\u00f6rmeyecek, yarg\u0131s\u0131z infaz sistemini \u00e7a\u011fr\u0131\u015ft\u0131racakt\u0131r. Kald\u0131 ki, m\u00fcvekkilimin evinde, i\u015f yerinde, arabas\u0131nda yap\u0131lan aramalarda \u0131slak imza iddias\u0131n\u0131 teyit edecek herhangi bir kan\u0131t bulunmam\u0131\u015ft\u0131r&#8221; ifadelerine yer verdi.<\/p>\n<p style=\"text-align: justify;\">Mustafa \u00c7evik, &#8220;Buna kar\u015f\u0131n, baz\u0131 medya kurulu\u015flar\u0131nda m\u00fcdafilerden saklanan soru\u015fturma dosyas\u0131na at\u0131fta bulunularak m\u00fcvekkilimin pe\u015finen su\u00e7lu olarak ilan edilmesi her t\u00fcrl\u00fc hukuki izahtan yoksundur. G\u00fcndeme ta\u015f\u0131nan yeni iddialar\u0131n Genelkurmay Ba\u015fkanl\u0131\u011f\u0131 Askeri Savc\u0131l\u0131\u011f\u0131 taraf\u0131ndan ba\u015flat\u0131lan soru\u015fturma kapsam\u0131nda her y\u00f6n\u00fcyle incelenmesini ve ger\u00e7eklerin kamuoyuna a\u00e7\u0131klanmas\u0131n\u0131 bekliyoruz&#8221; dedi.<\/p>\n<p style=\"text-align: justify;\"><strong><em>G\u00fcndem de\u011fi\u015ftirme iddias\u0131 <\/em><\/strong><\/p>\n<p style=\"text-align: justify;\">\u0130rtica eylem plan\u0131, aylar sonra bir subay\u0131n savc\u0131lara g\u00f6nderdi\u011fi &#8220;orijinal belge&#8221; ve beraberindeki ihbar mektubuyla tekrar g\u00fcndemde. K\u00fcrt a\u00e7\u0131l\u0131m\u0131 ve PKK&#8217;l\u0131lar\u0131n geli\u015fi nedeniyle gergin g\u00fcnler ge\u00e7iren T\u00fcrkiye&#8217;de, g\u00fcndem de\u011fi\u015ftirme ama\u00e7l\u0131 olarak, belgenin ve beraberindeki iddialar\u0131n tekrar g\u00fcndeme &#8220;getirildi\u011fi&#8221; konu\u015fuluyor.<\/p>\n<p style=\"text-align: justify;\">CHP lideri Deniz Baykal da bug\u00fcnk\u00fc grup toplant\u0131s\u0131nda imal\u0131 konu\u015ftu; &#8220;4.5 ay \u00f6nceki albay problemi \u015fimdi Genelkurmay Ba\u015fkan\u0131 problemi haline getirildi. Bu tesad\u00fcfen mi oldu?&#8221; dedi. <a href=\"http:\/\/www.korhanyilmaz.com\/?p=16124\" target=\"_self\"><em>DETAY &gt;&gt; <\/em><\/a><\/p>\n<p style=\"text-align: justify;\"><strong><em>Belge ve tart\u0131\u015fmalar <\/em><\/strong><\/p>\n<p style=\"text-align: justify;\">\u0130rticayla M\u00fccadele Plan\u0131, Taraf gazetesinin 12 Haziran 2009 tarihli say\u0131s\u0131yla g\u00fcndeme gelmi\u015fti. Belgede, AK Parti ve Fethullah G\u00fclen cemaatini y\u0131pratmak i\u00e7in yap\u0131lmas\u0131 gerekenler s\u0131ralan\u0131yordu.<\/p>\n<p style=\"text-align: justify;\">&#8216;AKP ve G\u00fclen&#8217;i Bitirme Plan\u0131&#8217; ba\u015fl\u0131kl\u0131 haberde, \u0130stanbul Cumhuriyet Ba\u015fsavc\u0131l\u0131\u011f\u0131&#8217;nca y\u00fcr\u00fct\u00fclen soru\u015fturma kapsam\u0131nda, bir \u015f\u00fcphelinin ofisinde yap\u0131lan aramada ele ge\u00e7irildi\u011fi iddia edilen bir belgeye istinaden, Genelkurmay Harekat Ba\u015fkanl\u0131\u011f\u0131 Bilgi Destek Dairesi 3. Bilgi Destek \u015eube M\u00fcd\u00fcrl\u00fc\u011f\u00fc&#8217;nde &#8216;\u0130rtica ile M\u00fccadele Eylem Plan\u0131&#8217; ad\u0131 alt\u0131nda bir \u00e7al\u0131\u015fma yap\u0131ld\u0131\u011f\u0131 belirtiliyordu.<\/p>\n<p style=\"text-align: justify;\">\u00c7al\u0131\u015fmay\u0131 i\u00e7eren belgenin alt\u0131nda 3. Bilgi Destek \u015eube M\u00fcd\u00fcr\u00fc Deniz Kurmay Albay Dursun \u00c7i\u00e7ek&#8217;in paraf ve imzas\u0131n\u0131n bulundu\u011fu iddia edilmi\u015f ve belgeye ait fotokopiler yer alm\u0131\u015ft\u0131.<\/p>\n<p style=\"text-align: justify;\">Taraf gazetesinde yay\u0131mlanan haber \u00fczerine Genelkurmay Ba\u015fkanl\u0131\u011f\u0131&#8217;nca soru\u015fturma emri verilmi\u015f ve ayn\u0131 g\u00fcn Askeri Savc\u0131l\u0131k taraf\u0131ndan olayla ilgili soru\u015fturma ba\u015flat\u0131lm\u0131\u015ft\u0131.<\/p>\n<p style=\"text-align: justify;\">Albay Dursun \u00c7i\u00e7ek &#8220;\u00f6rg\u00fct \u00fcyeli\u011fi&#8221; su\u00e7lamas\u0131 ile tutuklanm\u0131\u015f ve Hasdal Askeri Cezaevi&#8217;ne konulmu\u015ftu. Kurmay Albay Dursun \u00c7i\u00e7ek tutuklanmas\u0131n\u0131n ard\u0131ndan 24 saat ge\u00e7meden avukatlar\u0131n\u0131n tutuklulu\u011fa yapt\u0131\u011f\u0131 itiraz \u00fczerine tahliye edilmi\u015fti.<\/p>\n<p style=\"text-align: justify;\">Belgenin sahte oldu\u011funun anla\u015f\u0131lmas\u0131 \u00fczerine, askeri savc\u0131l\u0131k kovu\u015fturmaya yer olmad\u0131\u011f\u0131na karar vermi\u015fti.<\/p>\n<p style=\"text-align: justify;\">Genelkurmay Ba\u015fkanl\u0131\u011f\u0131, do\u011frulu\u011fu ortaya konulamayan belgeyi \u00fcretenler, s\u0131zd\u0131ranlar ve yay\u0131mlayanlar hakk\u0131nda gerekli soru\u015fturman\u0131n yap\u0131lmas\u0131 amac\u0131yla dosyan\u0131n \u0130stanbul Cumhuriyet Ba\u015fsavc\u0131l\u0131\u011f\u0131&#8217;na g\u00f6nderilmesi kararla\u015ft\u0131rm\u0131\u015f ve &#8220;Sahte belge \u00fcretenler yarg\u0131lans\u0131n&#8221; demi\u015fti.<\/p>\n<p style=\"text-align: justify;\">Konu, bir subay\u0131n Ergenekon savc\u0131lar\u0131na g\u00f6nderdi\u011fi &#8220;orijinal belge&#8221; ve beraberindeki ihbar mektubuyla tekrar g\u00fcndemde. Belgeyi g\u00f6nderen subay, &#8220;Tart\u0131\u015fmalar\u0131n ba\u015flad\u0131\u011f\u0131 d\u00f6nemde Albay Dursun \u00c7i\u00e7ek&#8217;in odas\u0131ndaki belgelerin imha edildi\u011fini, kendisinin sadece bu belgeyi kurtarabildi\u011fini&#8221; yazm\u0131\u015ft\u0131.<\/p>\n<p style=\"text-align: justify;\"><span style=\"color: #888888;\">CNN T\u00dcRK<\/span><\/p>\n","protected":false},"excerpt":{"rendered":"<\/p>\n<p style=\"text-align: justify;\">Albay Dursun \u00c7i\u00e7ek&#8217;in avukat\u0131 Mustafa \u00c7evik, &#8220;m\u00fcvekkilinin pe\u015finen su\u00e7lu olarak ilan edilmesi her t\u00fcrl\u00fc hukuki izahtan yoksun&#8221; oldu\u011funu ifade etti.<\/p>\n<p style=\"text-align: justify;\">\u00c7evik, yapt\u0131\u011f\u0131 yaz\u0131l\u0131 a\u00e7\u0131klamada, medyada &#8220;irtica ile m\u00fccadele plan\u0131&#8221; ad\u0131 alt\u0131nda yer alan haberlerde &#8220;plan\u0131 m\u00fcvekkilinin haz\u0131rlad\u0131\u011f\u0131 ve alt\u0131n\u0131 imzalad\u0131\u011f\u0131n\u0131n iddia edildi\u011fini&#8221; kaydederek, bu iddialar \u00fczerine m\u00fcvekkili Albay Dursun \u00c7i\u00e7ek <\/p>\n","protected":false},"author":1,"featured_media":0,"comment_status":"open","ping_status":"closed","sticky":false,"template":"","format":"standard","meta":{"footnotes":""},"categories":[105],"tags":[],"class_list":["post-16176","post","type-post","status-publish","format-standard","hentry","category-gundem","odd"],"_links":{"self":[{"href":"http:\/\/www.korhanyilmaz.com\/index.php?rest_route=\/wp\/v2\/posts\/16176","targetHints":{"allow":["GET"]}}],"collection":[{"href":"http:\/\/www.korhanyilmaz.com\/index.php?rest_route=\/wp\/v2\/posts"}],"about":[{"href":"http:\/\/www.korhanyilmaz.com\/index.php?rest_route=\/wp\/v2\/types\/post"}],"author":[{"embeddable":true,"href":"http:\/\/www.korhanyilmaz.com\/index.php?rest_route=\/wp\/v2\/users\/1"}],"replies":[{"embeddable":true,"href":"http:\/\/www.korhanyilmaz.com\/index.php?rest_route=%2Fwp%2Fv2%2Fcomments&post=16176"}],"version-history":[{"count":0,"href":"http:\/\/www.korhanyilmaz.com\/index.php?rest_route=\/wp\/v2\/posts\/16176\/revisions"}],"wp:attachment":[{"href":"http:\/\/www.korhanyilmaz.com\/index.php?rest_route=%2Fwp%2Fv2%2Fmedia&parent=16176"}],"wp:term":[{"taxonomy":"category","embeddable":true,"href":"http:\/\/www.korhanyilmaz.com\/index.php?rest_route=%2Fwp%2Fv2%2Fcategories&post=16176"},{"taxonomy":"post_tag","embeddable":true,"href":"http:\/\/www.korhanyilmaz.com\/index.php?rest_route=%2Fwp%2Fv2%2Ftags&post=16176"}],"curies":[{"name":"wp","href":"https:\/\/api.w.org\/{rel}","templated":true}]}}