{"id":16172,"date":"2009-10-28T16:04:37","date_gmt":"2009-10-28T14:04:37","guid":{"rendered":"http:\/\/www.korhanyilmaz.com\/?p=16172"},"modified":"2009-10-28T16:04:37","modified_gmt":"2009-10-28T14:04:37","slug":"islak-imzayi-taklit-icin-makine-bile-var","status":"publish","type":"post","link":"http:\/\/www.korhanyilmaz.com\/?p=16172","title":{"rendered":"Islak imzay\u0131 taklit i\u00e7in makine bile var!"},"content":{"rendered":"<p style=\"text-align: center;\"><a href=\"http:\/\/www.korhanyilmaz.com\/wp-content\/uploads\/2009\/10\/ISLAK\u0130MZA.jpg\"  class=\"lightview\"><img loading=\"lazy\" decoding=\"async\" class=\"size-full wp-image-16173 aligncenter\" src=\"http:\/\/www.korhanyilmaz.com\/wp-content\/uploads\/2009\/10\/ISLAK\u0130MZA.jpg\" alt=\"\" width=\"307\" height=\"236\" \/><\/a><\/p>\n<p style=\"text-align: justify;\">&#8220;Islak imza&#8221; T\u00fcrkiye&#8217;nin g\u00fcndemine damgas\u0131n\u0131 vuran irticayla m\u00fccadele eylem plan\u0131yla tart\u0131\u015fmas\u0131n\u0131n oda\u011f\u0131nda. Belge orijinal mi de\u011fil mi, haz\u0131rlayan Albay \u00c7i\u00e7ek mi de\u011fil mi? T\u00fcm bu sorular\u0131 ayd\u0131nl\u0131\u011fa kavu\u015fturan \u00fczerinde &#8220;\u0131slak imza&#8221; olan orijinal metin oldu. Ancak Albay \u00c7i\u00e7ek&#8217;in avukat\u0131n\u0131n &#8220;\u0131slak imza da taklit edilebilir&#8221; savunmas\u0131 soru i\u015faretlerine yol a\u00e7t\u0131. Peki, bu ger\u00e7ekten m\u00fcmk\u00fcn m\u00fc? Bir g\u00f6r\u00fc\u015fe g\u00f6re m\u00fcmk\u00fcn, hatta makinesi bile var.<\/p>\n<p style=\"text-align: justify;\">\u0130nternette bir sitede sat\u0131lan bir makinenin her t\u00fcrl\u00fc imzay\u0131 taklit etti\u011fi \u00f6ne s\u00fcr\u00fcl\u00fcyor. <!--more--><\/p>\n<p style=\"text-align: justify;\">5 ay \u00f6nce Taraf gazetesinin ortaya \u00e7\u0131kard\u0131\u011f\u0131 \u0130rticayla M\u00fccadele Eylem Plan\u0131, T\u00fcrkiye g\u00fcndemini hala me\u015fgul ediyor. Bu kez tart\u0131\u015fman\u0131n oda\u011f\u0131nda &#8220;\u0131slak imza&#8221; var. Zira, \u0131slak imzal\u0131 orijinal metnin Adli T\u0131bba ula\u015fmas\u0131yla belgenin Albay Dursun \u00c7i\u00e7ek taraf\u0131ndan haz\u0131rland\u0131\u011f\u0131 neredeyse kesinle\u015fti.<\/p>\n<p style=\"text-align: justify;\">Ama Albay \u00c7i\u00e7ek&#8217;in avukat\u0131, &#8220;Islak imza da taklit edilebilir&#8221; dedi ve tart\u0131\u015fma alevlendi. <a href=\"http:\/\/www.korhanyilmaz.com\/?p=16176\" target=\"_self\"><em>Detay &gt;&gt;<\/em><\/a><\/p>\n<p style=\"text-align: justify;\"><strong><em>Peki, \u0131slak imzan\u0131n taklidi m\u00fcmk\u00fcn m\u00fc?<\/em><\/strong><\/p>\n<p style=\"text-align: justify;\">&#8220;Otomatik imza sistemi&#8221; denilen bir makinenin \u00fcreticilerine g\u00f6re, bu sorunun cevab\u0131 evet. \u0130nternetten sat\u0131lan makineye taklit edilmek istenen imza y\u00fckleniyor; ard\u0131ndan makineye istenilen renkte m\u00fcrekkep ve ka\u011f\u0131t konulup \u00e7al\u0131\u015ft\u0131r\u0131l\u0131yor. Y\u00fcklenen \u00f6rnek imza makinenin kalemiyle ka\u011f\u0131da i\u015fleniyor.<\/p>\n<p style=\"text-align: justify;\">Peki, makineden \u00e7\u0131kan \u00f6rnek imzay\u0131 orijinalinden ay\u0131rt etmek m\u00fcmk\u00fcn m\u00fc? Grafologlar\u0131n inceleme yaparken dikkate ald\u0131\u011f\u0131 bir\u00e7ok nokta var. M\u00fcrekkebin taze olup olmad\u0131\u011f\u0131, ka\u011f\u0131d\u0131n ya\u015f\u0131, imza at\u0131l\u0131rken ka\u011f\u0131da uygulanan bask\u0131 gibi.<\/p>\n<p style=\"text-align: justify;\">CNN T\u00dcRK&#8217;e konu\u015fan bir uzmana g\u00f6re, t\u00fcm bu fakt\u00f6rler \u0131\u015f\u0131\u011f\u0131nda, makineyle taklit edilen imzan\u0131n incelemeyle anla\u015f\u0131lmas\u0131 m\u00fcmk\u00fcn olabilir.<\/p>\n<p style=\"text-align: justify;\"><strong><em>Belge ve tart\u0131\u015fmalar <\/em><\/strong><\/p>\n<p style=\"text-align: justify;\">\u0130rticayla M\u00fccadele Plan\u0131, Taraf gazetesinin 12 Haziran 2009 tarihli say\u0131s\u0131yla g\u00fcndeme gelmi\u015fti. Belgede, AK Parti ve Fethullah G\u00fclen cemaatini y\u0131pratmak i\u00e7in yap\u0131lmas\u0131 gerekenler s\u0131ralan\u0131yordu.<\/p>\n<p style=\"text-align: justify;\">&#8216;AKP ve G\u00fclen&#8217;i Bitirme Plan\u0131&#8217; ba\u015fl\u0131kl\u0131 haberde, \u0130stanbul Cumhuriyet Ba\u015fsavc\u0131l\u0131\u011f\u0131&#8217;nca y\u00fcr\u00fct\u00fclen soru\u015fturma kapsam\u0131nda, bir \u015f\u00fcphelinin ofisinde yap\u0131lan aramada ele ge\u00e7irildi\u011fi iddia edilen bir belgeye istinaden, Genelkurmay Harekat Ba\u015fkanl\u0131\u011f\u0131 Bilgi Destek Dairesi 3. Bilgi Destek \u015eube M\u00fcd\u00fcrl\u00fc\u011f\u00fc&#8217;nde &#8216;\u0130rtica ile M\u00fccadele Eylem Plan\u0131&#8217; ad\u0131 alt\u0131nda bir \u00e7al\u0131\u015fma yap\u0131ld\u0131\u011f\u0131 belirtiliyordu.<\/p>\n<p style=\"text-align: justify;\">\u00c7al\u0131\u015fmay\u0131 i\u00e7eren belgenin alt\u0131nda 3. Bilgi Destek \u015eube M\u00fcd\u00fcr\u00fc Deniz Kurmay Albay Dursun \u00c7i\u00e7ek&#8217;in paraf ve imzas\u0131n\u0131n bulundu\u011fu iddia edilmi\u015f ve belgeye ait fotokopiler yer alm\u0131\u015ft\u0131.<\/p>\n<p style=\"text-align: justify;\">Taraf gazetesinde yay\u0131mlanan haber \u00fczerine Genelkurmay Ba\u015fkanl\u0131\u011f\u0131&#8217;nca soru\u015fturma emri verilmi\u015f ve ayn\u0131 g\u00fcn Askeri Savc\u0131l\u0131k taraf\u0131ndan olayla ilgili soru\u015fturma ba\u015flat\u0131lm\u0131\u015ft\u0131.<\/p>\n<p style=\"text-align: justify;\">Albay Dursun \u00c7i\u00e7ek &#8220;\u00f6rg\u00fct \u00fcyeli\u011fi&#8221; su\u00e7lamas\u0131 ile tutuklanm\u0131\u015f ve Hasdal Askeri Cezaevi&#8217;ne konulmu\u015ftu. Kurmay Albay Dursun \u00c7i\u00e7ek tutuklanmas\u0131n\u0131n ard\u0131ndan 24 saat ge\u00e7meden avukatlar\u0131n\u0131n tutuklulu\u011fa yapt\u0131\u011f\u0131 itiraz \u00fczerine tahliye edilmi\u015fti.<\/p>\n<p style=\"text-align: justify;\">Belgenin sahte oldu\u011funun anla\u015f\u0131lmas\u0131 \u00fczerine, askeri savc\u0131l\u0131k kovu\u015fturmaya yer olmad\u0131\u011f\u0131na karar vermi\u015fti.<\/p>\n<p style=\"text-align: justify;\">Genelkurmay Ba\u015fkanl\u0131\u011f\u0131, do\u011frulu\u011fu ortaya konulamayan belgeyi \u00fcretenler, s\u0131zd\u0131ranlar ve yay\u0131mlayanlar hakk\u0131nda gerekli soru\u015fturman\u0131n yap\u0131lmas\u0131 amac\u0131yla dosyan\u0131n \u0130stanbul Cumhuriyet Ba\u015fsavc\u0131l\u0131\u011f\u0131&#8217;na g\u00f6nderilmesi kararla\u015ft\u0131rm\u0131\u015f ve &#8220;Sahte belge \u00fcretenler yarg\u0131lans\u0131n&#8221; demi\u015fti.<\/p>\n<p style=\"text-align: justify;\">Konu, bir subay\u0131n Ergenekon savc\u0131lar\u0131na g\u00f6nderdi\u011fi &#8220;orijinal belge&#8221; ve beraberindeki ihbar mektubuyla tekrar g\u00fcndemde. Belgeyi g\u00f6nderen subay, &#8220;Tart\u0131\u015fmalar\u0131n ba\u015flad\u0131\u011f\u0131 d\u00f6nemde Albay Dursun \u00c7i\u00e7ek&#8217;in odas\u0131ndaki belgelerin imha edildi\u011fini, kendisinin sadece bu belgeyi kurtarabildi\u011fini&#8221; yazm\u0131\u015ft\u0131.<\/p>\n<p style=\"text-align: justify;\"><span style=\"color: #888888;\">CNN T\u00dcRK<\/span><\/p>\n","protected":false},"excerpt":{"rendered":"<p style=\"text-align: center;\">\n<p style=\"text-align: justify;\">&#8220;Islak imza&#8221; T\u00fcrkiye&#8217;nin g\u00fcndemine damgas\u0131n\u0131 vuran irticayla m\u00fccadele eylem plan\u0131yla tart\u0131\u015fmas\u0131n\u0131n oda\u011f\u0131nda. Belge orijinal mi de\u011fil mi, haz\u0131rlayan Albay \u00c7i\u00e7ek mi de\u011fil mi? T\u00fcm bu sorular\u0131 ayd\u0131nl\u0131\u011fa kavu\u015fturan \u00fczerinde &#8220;\u0131slak imza&#8221; olan orijinal metin oldu. Ancak Albay \u00c7i\u00e7ek&#8217;in avukat\u0131n\u0131n &#8220;\u0131slak imza da taklit edilebilir&#8221; savunmas\u0131 soru i\u015faretlerine yol a\u00e7t\u0131. Peki, <\/p>\n","protected":false},"author":1,"featured_media":0,"comment_status":"open","ping_status":"closed","sticky":false,"template":"","format":"standard","meta":{"footnotes":""},"categories":[105],"tags":[],"class_list":["post-16172","post","type-post","status-publish","format-standard","hentry","category-gundem","odd"],"_links":{"self":[{"href":"http:\/\/www.korhanyilmaz.com\/index.php?rest_route=\/wp\/v2\/posts\/16172","targetHints":{"allow":["GET"]}}],"collection":[{"href":"http:\/\/www.korhanyilmaz.com\/index.php?rest_route=\/wp\/v2\/posts"}],"about":[{"href":"http:\/\/www.korhanyilmaz.com\/index.php?rest_route=\/wp\/v2\/types\/post"}],"author":[{"embeddable":true,"href":"http:\/\/www.korhanyilmaz.com\/index.php?rest_route=\/wp\/v2\/users\/1"}],"replies":[{"embeddable":true,"href":"http:\/\/www.korhanyilmaz.com\/index.php?rest_route=%2Fwp%2Fv2%2Fcomments&post=16172"}],"version-history":[{"count":0,"href":"http:\/\/www.korhanyilmaz.com\/index.php?rest_route=\/wp\/v2\/posts\/16172\/revisions"}],"wp:attachment":[{"href":"http:\/\/www.korhanyilmaz.com\/index.php?rest_route=%2Fwp%2Fv2%2Fmedia&parent=16172"}],"wp:term":[{"taxonomy":"category","embeddable":true,"href":"http:\/\/www.korhanyilmaz.com\/index.php?rest_route=%2Fwp%2Fv2%2Fcategories&post=16172"},{"taxonomy":"post_tag","embeddable":true,"href":"http:\/\/www.korhanyilmaz.com\/index.php?rest_route=%2Fwp%2Fv2%2Ftags&post=16172"}],"curies":[{"name":"wp","href":"https:\/\/api.w.org\/{rel}","templated":true}]}}