{"id":16167,"date":"2009-10-28T16:15:28","date_gmt":"2009-10-28T14:15:28","guid":{"rendered":"http:\/\/www.korhanyilmaz.com\/?p=16167"},"modified":"2009-10-28T16:15:28","modified_gmt":"2009-10-28T14:15:28","slug":"orgeneral-basbugdan-29-ekim-mesaji","status":"publish","type":"post","link":"http:\/\/www.korhanyilmaz.com\/?p=16167","title":{"rendered":"Orgeneral Ba\u015fbu\u011f&#039;dan 29 Ekim mesaj\u0131"},"content":{"rendered":"<p style=\"text-align: center;\"><a href=\"http:\/\/www.korhanyilmaz.com\/wp-content\/uploads\/2009\/10\/BASBUG.jpg\"  class=\"lightview\"><img loading=\"lazy\" decoding=\"async\" class=\"size-full wp-image-16168 aligncenter\" src=\"http:\/\/www.korhanyilmaz.com\/wp-content\/uploads\/2009\/10\/BASBUG.jpg\" alt=\"\" width=\"307\" height=\"236\" \/><\/a><\/p>\n<p style=\"text-align: justify;\">T\u00fcrk Silahl\u0131 Kuvvetleri (TSK) 29 Ekim Cumhuriyet Bayram\u0131 dolay\u0131s\u0131yla yay\u0131mlad\u0131\u011f\u0131 mesajda, &#8220;Ulusal birli\u011fe kastedenlerin kar\u015f\u0131s\u0131nday\u0131z&#8221; ifadesini kulland\u0131.<\/p>\n<p style=\"text-align: justify;\">Genelkurmay Ba\u015fkan\u0131 Orgeneral \u0130lker Ba\u015fbu\u011f, ulusal birlik ve beraberli\u011fin sa\u011flanmas\u0131n\u0131n en b\u00fcy\u00fck g\u00fcvencesi olan Cumhuriyet&#8217;in, vatanda\u015fl\u0131k esas\u0131na dayal\u0131, Atat\u00fcrk&#8217;\u00fcn belirledi\u011fi milliyet\u00e7ilik anlay\u0131\u015f\u0131yla ulus-devlet yap\u0131s\u0131n\u0131 sonsuza dek ya\u015fat\u0131rken \u00fcniter-devlet yap\u0131s\u0131yla da T\u00fcrk milletinin ve yurdunun b\u00f6l\u00fcnmez b\u00fct\u00fcnl\u00fc\u011f\u00fcn\u00fcn teminat\u0131 olmaya devam edece\u011fini ifade etti. <!--more--><\/p>\n<p style=\"text-align: justify;\">Orgeneral Ba\u015fbu\u011f, T\u00fcrk Silahl\u0131 Kuvvetleri mensuplar\u0131na y\u00f6nelik Cumhuriyet Bayram\u0131 mesaj\u0131nda \u015funlar\u0131 kaydetti:<\/p>\n<p style=\"text-align: justify;\">&#8220;Var oldu\u011fu g\u00fcnden beri ba\u011f\u0131ms\u0131zl\u0131\u011f\u0131na kasteden d\u00fc\u015fmanlar\u0131 kar\u015f\u0131s\u0131nda tek y\u00fcrek ve tek bilek olmu\u015f y\u00fcce ulusumuzun Ebedi Ba\u015fkomutan\u0131m\u0131z Atat\u00fcrk \u00f6nderli\u011finde giri\u015fti\u011fi ba\u011f\u0131ms\u0131zl\u0131k m\u00fccadelesinden zaferle \u00e7\u0131kmas\u0131n\u0131n ard\u0131ndan kurulan Cumhuriyetimizin bug\u00fcn 86&#8217;nc\u0131 y\u0131l d\u00f6n\u00fcm\u00fcn\u00fc kutlaman\u0131n gururunu ve co\u015fkusunu ya\u015f\u0131yoruz.<\/p>\n<p style=\"text-align: justify;\">Atat\u00fcrk, halk egemenli\u011fine dayal\u0131 bir devlet \u015fekli olan Cumhuriyetin, T\u00fcrk milletinin karakterine en uygun y\u00f6netim \u015fekli oldu\u011funa inanm\u0131\u015ft\u0131r. Bu inan\u00e7la kurdu\u011fu Cumhuriyet, laik, demokratik, sosyal devlet ve hukuk devleti temelleri \u00fczerinde bug\u00fcnlere ula\u015fm\u0131\u015ft\u0131r. Ulusu olu\u015fturan t\u00fcm unsurlar\u0131 son derece \u00e7a\u011fda\u015f ve ileri bir \u00e7izgide birle\u015ftiren Atat\u00fcrk, ulusal ama\u00e7lar\u0131n ger\u00e7ekle\u015ftirilmesi yolunda gayretlerin en uyumlu ve en verimli \u015fekilde b\u00fct\u00fcnle\u015ftirilmesini sa\u011flam\u0131\u015ft\u0131r.<\/p>\n<p style=\"text-align: justify;\"><a href=\"http:\/\/www.korhanyilmaz.com\/wp-content\/uploads\/2009\/10\/BAYRAM.jpg\"  class=\"lightview\"><img loading=\"lazy\" decoding=\"async\" class=\"size-full wp-image-16169 aligncenter\" src=\"http:\/\/www.korhanyilmaz.com\/wp-content\/uploads\/2009\/10\/BAYRAM.jpg\" alt=\"\" width=\"406\" height=\"301\" \/><\/a><\/p>\n<p style=\"text-align: justify;\">Ulusumuzun \u00e7a\u011fda\u015f uygarl\u0131k d\u00fczeyinin \u00fcst\u00fcne \u00e7\u0131kmas\u0131nda itici g\u00fc\u00e7 olmas\u0131n\u0131n yan\u0131nda Cumhuriyet, ulus-devlet, \u00fcniter-devlet ve laik-devlet nitelikleriyle ulusal birlik i\u00e7inde huzurun ve mutlulu\u011fun da g\u00fcvencesidir. Bu nedenle, cumhuriyetin anlam\u0131n\u0131 kavrayanlar onu ya\u015fatmak i\u00e7in \u00e7al\u0131\u015fmay\u0131, en kutsal g\u00f6rev sayarlar. Ulusal birlik ve beraberli\u011fin sa\u011flanmas\u0131n\u0131n en b\u00fcy\u00fck g\u00fcvencesi olan Cumhuriyet, vatanda\u015fl\u0131k esas\u0131na dayal\u0131 Atat\u00fcrk&#8217;\u00fcn belirledi\u011fi milliyet\u00e7ilik anlay\u0131\u015f\u0131yla ulus-devlet yap\u0131s\u0131n\u0131 sonsuza dek ya\u015fat\u0131rken \u00fcniter-devlet yap\u0131s\u0131yla da T\u00fcrk milletinin ve yurdunun b\u00f6l\u00fcnmez b\u00fct\u00fcnl\u00fc\u011f\u00fcn\u00fcn teminat\u0131 olmaya devam edecektir.<\/p>\n<p style=\"text-align: justify;\">De\u011ferlerini tarihten, g\u00fcc\u00fcn\u00fc milletinden alan T\u00fcrk Silahl\u0131 Kuvvetleri, Edirne&#8217;den Hakkari&#8217;ye kadar vatan\u0131n her k\u00f6\u015fesinden gelen vatan evlatlar\u0131n\u0131n olu\u015fturdu\u011fu g\u00fc\u00e7l\u00fc bir kadroya sahiptir. Ulusumuzun t\u00fcm katmanlar\u0131n\u0131n ayn\u0131 ortamda bulu\u015ftu\u011fu ve ortak de\u011ferleri payla\u015ft\u0131\u011f\u0131 yer olan T\u00fcrk Silahl\u0131 Kuvvetleri, T\u00fcrk milletinin \u00f6z\u00fcd\u00fcr. Ordu-millet \u00f6zelli\u011fiyle T\u00fcrk kudret ve kabiliyetinin, T\u00fcrk vatanseverli\u011finin \u00e7elikle\u015fmi\u015f bir ifadesi olan T\u00fcrk Silahl\u0131 Kuvvetleri, geli\u015fen harp silah ve ara\u00e7lar\u0131yla donanm\u0131\u015f nitelikli personeli Atat\u00fcrk\u00e7\u00fc D\u00fc\u015f\u00fcnce Sistemi \u0131\u015f\u0131\u011f\u0131nda \u00e7al\u0131\u015fmalar\u0131na devam etmektedir. Ba\u011fr\u0131ndan \u00e7\u0131kt\u0131\u011f\u0131 y\u00fcce ulusunun g\u00fcveninden ald\u0131\u011f\u0131 destekle y\u00fckselen T\u00fcrk Silahl\u0131 Kuvvetleri, tarihten gelen sorumlulu\u011fu ve &#8216;G\u00fc\u00e7l\u00fc ordu, G\u00fc\u00e7l\u00fc T\u00fcrkiye&#8217; bilinciyle sergiledi\u011fi sa\u011fduyulu duru\u015fuyla T\u00fcrkiye Cumhuriyeti Devleti&#8217;nin b\u00f6l\u00fcnmez b\u00fct\u00fcnl\u00fc\u011f\u00fcne ve ulusal birli\u011fine kast eden t\u00fcm \u00e7abalar kar\u015f\u0131s\u0131nda, daima \u00e7elikten bir duvar gibi y\u00fckselecektir.<\/p>\n<p style=\"text-align: justify;\">B\u00fcy\u00fck zorluk ve fedakarl\u0131klara katlanarak kurulan Cumhuriyeti bizlere emanet eden ebedi Ba\u015fkomutan\u0131m\u0131z Atat\u00fcrk&#8217;\u00fcn, \u015fehitlerimizin, ebediyete intikal etmi\u015f komutanlar\u0131m\u0131z\u0131n ve gazilerimizin aziz hat\u0131ralar\u0131 \u00f6n\u00fcnde bug\u00fcn bir kez daha sayg\u0131yla e\u011filiyoruz. Cumhuriyeti ve onun kazan\u0131mlar\u0131n\u0131 koruma u\u011frunda b\u00fcy\u00fck bir \u00f6zveri ve kararl\u0131l\u0131kla s\u00fcrd\u00fcr\u00fclen m\u00fccadeleler esnas\u0131nda \u015fehitlik mertebesine ula\u015fan askerlerimizi rahmetle, kahraman gazilerimizi de \u015f\u00fckran ve minnetle an\u0131yoruz.<\/p>\n<p style=\"text-align: justify;\">Cumhuriyetin erdemine ve temel de\u011ferlerine y\u00fcrekten ba\u011fl\u0131 olan ve Atat\u00fcrk\u00e7\u00fc D\u00fc\u015f\u00fcnce Sistemi \u00e7er\u00e7evesinde hareket eden T\u00fcrk Silahl\u0131 Kuvvetlerinin de\u011ferli mensuplar\u0131n\u0131n ve onlar\u0131n k\u0131ymetli ailelerinin Cumhuriyet Bayram\u0131&#8217;n\u0131 en i\u00e7ten dileklerimle kutlar\u0131m.&#8221;<\/p>\n<p style=\"text-align: justify;\"><span style=\"color: #888888;\">CNN T\u00dcRK<\/span><\/p>\n","protected":false},"excerpt":{"rendered":"<p style=\"text-align: center;\">\n<p style=\"text-align: justify;\">T\u00fcrk Silahl\u0131 Kuvvetleri (TSK) 29 Ekim Cumhuriyet Bayram\u0131 dolay\u0131s\u0131yla yay\u0131mlad\u0131\u011f\u0131 mesajda, &#8220;Ulusal birli\u011fe kastedenlerin kar\u015f\u0131s\u0131nday\u0131z&#8221; ifadesini kulland\u0131.<\/p>\n<p style=\"text-align: justify;\">Genelkurmay Ba\u015fkan\u0131 Orgeneral \u0130lker Ba\u015fbu\u011f, ulusal birlik ve beraberli\u011fin sa\u011flanmas\u0131n\u0131n en b\u00fcy\u00fck g\u00fcvencesi olan Cumhuriyet&#8217;in, vatanda\u015fl\u0131k esas\u0131na dayal\u0131, Atat\u00fcrk&#8217;\u00fcn belirledi\u011fi milliyet\u00e7ilik anlay\u0131\u015f\u0131yla ulus-devlet yap\u0131s\u0131n\u0131 sonsuza dek ya\u015fat\u0131rken \u00fcniter-devlet yap\u0131s\u0131yla da T\u00fcrk <\/p>\n","protected":false},"author":1,"featured_media":0,"comment_status":"open","ping_status":"closed","sticky":false,"template":"","format":"standard","meta":{"footnotes":""},"categories":[105],"tags":[],"class_list":["post-16167","post","type-post","status-publish","format-standard","hentry","category-gundem","odd"],"_links":{"self":[{"href":"http:\/\/www.korhanyilmaz.com\/index.php?rest_route=\/wp\/v2\/posts\/16167","targetHints":{"allow":["GET"]}}],"collection":[{"href":"http:\/\/www.korhanyilmaz.com\/index.php?rest_route=\/wp\/v2\/posts"}],"about":[{"href":"http:\/\/www.korhanyilmaz.com\/index.php?rest_route=\/wp\/v2\/types\/post"}],"author":[{"embeddable":true,"href":"http:\/\/www.korhanyilmaz.com\/index.php?rest_route=\/wp\/v2\/users\/1"}],"replies":[{"embeddable":true,"href":"http:\/\/www.korhanyilmaz.com\/index.php?rest_route=%2Fwp%2Fv2%2Fcomments&post=16167"}],"version-history":[{"count":0,"href":"http:\/\/www.korhanyilmaz.com\/index.php?rest_route=\/wp\/v2\/posts\/16167\/revisions"}],"wp:attachment":[{"href":"http:\/\/www.korhanyilmaz.com\/index.php?rest_route=%2Fwp%2Fv2%2Fmedia&parent=16167"}],"wp:term":[{"taxonomy":"category","embeddable":true,"href":"http:\/\/www.korhanyilmaz.com\/index.php?rest_route=%2Fwp%2Fv2%2Fcategories&post=16167"},{"taxonomy":"post_tag","embeddable":true,"href":"http:\/\/www.korhanyilmaz.com\/index.php?rest_route=%2Fwp%2Fv2%2Ftags&post=16167"}],"curies":[{"name":"wp","href":"https:\/\/api.w.org\/{rel}","templated":true}]}}