{"id":16164,"date":"2009-10-28T17:55:56","date_gmt":"2009-10-28T15:55:56","guid":{"rendered":"http:\/\/www.korhanyilmaz.com\/?p=16164"},"modified":"2026-04-17T00:01:21","modified_gmt":"2026-04-16T21:01:21","slug":"cumhuriyet-mesajinda-teror-vurgusu","status":"publish","type":"post","link":"http:\/\/www.korhanyilmaz.com\/?p=16164","title":{"rendered":"Cumhuriyet mesaj\u0131nda &#039;ter\u00f6r&#039; vurgusu"},"content":{"rendered":"<p style=\"text-align: center;\">\n<p><a href=\"http:\/\/www.korhanyilmaz.com\/wp-content\/uploads\/2009\/10\/a-gul.png\"  class=\"lightview\"><img loading=\"lazy\" decoding=\"async\" class=\"aligncenter wp-image-2252421\" src=\"http:\/\/www.korhanyilmaz.com\/wp-content\/uploads\/2009\/10\/a-gul.png\" alt=\"\" width=\"500\" height=\"361\" \/><\/a><\/p>\n<p style=\"text-align: justify;\">Cumhurba\u015fkan\u0131 Abdullah G\u00fcl, T\u00fcrkiye&#8217;nin t\u00fcm farkl\u0131l\u0131klar\u0131yla, zenginlikleriyle, de\u011ferleriyle bir b\u00fct\u00fcn oldu\u011funu, herkesin T\u00fcrkiye Cumhuriyeti vatanda\u015f\u0131 olarak e\u015fit haklara sahip oldu\u011funu belirterek, &#8220;T\u00fcrkiye, bar\u0131\u015f ve huzur ortam\u0131n\u0131n peki\u015fmesi i\u00e7in iyi niyetle ve sab\u0131rla gayret g\u00f6sterirken, ter\u00f6rle m\u00fccadelesini de en g\u00fc\u00e7l\u00fc ve kararl\u0131 bir \u015fekilde devam ettirecektir&#8221; dedi. <!--more--><\/p>\n<p style=\"text-align: justify;\">Cumhurba\u015fkanl\u0131\u011f\u0131 Bas\u0131n Merkezi&#8217;nden yap\u0131lan a\u00e7\u0131klamaya g\u00f6re, Cumhurba\u015fkan\u0131 G\u00fcl, Cumhuriyet Bayram\u0131 mesaj\u0131na, &#8220;Cumhuriyetimizin kurulu\u015funun 86. y\u0131l d\u00f6n\u00fcm\u00fcn\u00fc millet\u00e7e y\u00fcrekten kutluyor ve bu \u00f6nemli g\u00fcnde b\u00fcy\u00fck bir gurur ya\u015f\u0131yoruz&#8221; diye ba\u015flad\u0131.<\/p>\n<p style=\"text-align: justify;\">Cumhuriyetin Atat\u00fcrk&#8217;\u00fcn \u00f6nderli\u011finde milletin azim ve kararl\u0131l\u0131\u011f\u0131yla v\u00fccut bulmu\u015f b\u00fcy\u00fck bir eser oldu\u011funu belirten G\u00fcl, bu eserin, b\u00fcy\u00fck bir vizyonla daima ileriye bakan, \u00f6zg\u00fcvenini sa\u011flam tutan, heyecanla ve \u015fevkle \u00e7al\u0131\u015fan bir neslin bug\u00fcnk\u00fc nesillere arma\u011fan\u0131 oldu\u011funu kaydetti.<\/p>\n<p style=\"text-align: justify;\">G\u00fcl, Cumhuriyetin kurulu\u015f felsefesinin temelinde muas\u0131r medeniyet seviyesinin \u00fcst\u00fcne \u00e7\u0131kma hedefi bulundu\u011funu ifade ederek, T\u00fcrkiye&#8217;nin bu hedefi yakalama s\u00fcrecinde, ekonomik-sosyal kalk\u0131nma ve halk\u0131n refah\u0131n\u0131 sa\u011flama hamlelerini, demokratik tutum ve davran\u0131\u015flar\u0131 her alanda hayata ge\u00e7irme gayretleriyle birlikte y\u00fcr\u00fctme kararl\u0131l\u0131\u011f\u0131nda oldu\u011funu vurgulad\u0131.<\/p>\n<p style=\"text-align: justify;\">T\u00fcrkiye&#8217;nin modernle\u015fme s\u00fcrecinin bu anlay\u0131\u015fla devam ettirildi\u011finin alt\u0131n\u0131 \u00e7izen G\u00fcl,herkesin huzur i\u00e7inde ya\u015fad\u0131\u011f\u0131 m\u00fcreffeh, h\u00fcr ve demokratik bir T\u00fcrkiye&#8217;ye ula\u015fmak i\u00e7in b\u00fcy\u00fck \u00f6zveri g\u00f6sterildi\u011fini belirtti.<\/p>\n<p style=\"text-align: justify;\">T\u00fcrkiye&#8217;nin, demokrasinin standartlar\u0131n\u0131 y\u00fckselterek, sosyal ve k\u00fclt\u00fcrel farkl\u0131l\u0131klar\u0131n\u0131 koruyup geli\u015ftirmeyi, birli\u011fini, huzuru ve karde\u015flik ortam\u0131n\u0131 g\u00fc\u00e7lendirmeyi, t\u00fcm vatanda\u015flar\u0131n\u0131n \u00fclke kalk\u0131nmas\u0131na katk\u0131da bulunmalar\u0131n\u0131 sa\u011flamay\u0131 ama\u00e7lad\u0131\u011f\u0131n\u0131 vurgulayan G\u00fcl, &#8220;Farkl\u0131l\u0131klar\u0131n, zenginlik olarak g\u00f6r\u00fclmesi, demokrasimizi oldu\u011fu gibi, \u00fclkemizin varl\u0131\u011f\u0131n\u0131 da g\u00fc\u00e7lendirecektir. Ayr\u0131mc\u0131l\u0131\u011f\u0131n olmad\u0131\u011f\u0131, bar\u0131\u015f ve karde\u015flik i\u00e7inde, \u00f6zg\u00fcrl\u00fck ve demokrasi i\u00e7inde ya\u015fayan bir T\u00fcrkiye&#8217;nin, toplumun t\u00fcm kesimlerinin katk\u0131 ve \u00e7abalar\u0131yla daha da g\u00fc\u00e7lenece\u011fine olan inanc\u0131m\u0131 bu vesileyle vurgulamak istiyorum&#8221; dedi.<\/p>\n<p style=\"text-align: justify;\"><strong><em>Ter\u00f6rle m\u00fccadeleye vurgu <\/em><\/strong><\/p>\n<p style=\"text-align: justify;\">&#8220;T\u00fcrkiye t\u00fcm farkl\u0131l\u0131klar\u0131yla, zenginlikleriyle, de\u011ferleriyle bir b\u00fct\u00fcnd\u00fcr. Bu \u00fclkede ya\u015fayan herkes, T\u00fcrkiye Cumhuriyeti vatanda\u015f\u0131 olarak e\u015fit haklara sahiptir&#8221; diyen G\u00fcl, &#8220;Herkes gelecek korkusu olmadan, insan gibi ya\u015fama ve kendini geli\u015ftirme hakk\u0131na sahiptir. T\u00fcrkiye, bar\u0131\u015f ve huzur ortam\u0131n\u0131n peki\u015fmesi i\u00e7in iyi niyetle ve sab\u0131rla gayret g\u00f6sterirken, ter\u00f6rle m\u00fccadelesini de en g\u00fc\u00e7l\u00fc ve kararl\u0131 bir \u015fekilde devam ettirecektir. Siyaset \u00fcst\u00fc konular\u0131n g\u00fcnl\u00fck tart\u0131\u015fmalara alet edilmemesinin, herkesin, iyi niyetli gayretleri istismar eden, provokatif ve \u00f6l\u00e7\u00fcs\u00fcz davran\u0131\u015flardan ka\u00e7\u0131nmas\u0131n\u0131n \u00f6nemini bir kez daha hat\u0131rlatmakta fayda g\u00f6r\u00fcyorum. T\u00fcrkiye art\u0131k enerjisini bo\u015fa harcamayacakt\u0131r. Halk\u0131n\u0131n, vatanda\u015flar\u0131n\u0131n mutlulu\u011fu ve refah\u0131 i\u00e7in, \u00fclkenin topyekun kalk\u0131nmas\u0131 i\u00e7in harcayacakt\u0131r&#8221; ifadelerini kulland\u0131.<\/p>\n<p style=\"text-align: justify;\">Cumhurba\u015fkan\u0131 G\u00fcl, T\u00fcrkiye&#8217;nin, demokratik, laik, sosyal bir hukuk devleti olarak bug\u00fcn, geli\u015fmi\u015f demokrasisi, dinamik ekonomisi, g\u00fc\u00e7l\u00fc ordusu ve diplomasisiyle, \u00e7evresine istikrar yayan bir \u00fclke haline geldi\u011fini belirterek, b\u00f6lgesel ve uluslararas\u0131 problemleri, diyalog, kar\u015f\u0131l\u0131kl\u0131 g\u00fcven ve sayg\u0131yla \u00e7\u00f6zme, i\u015f birli\u011fini geli\u015ftirme konusunda izlenen politikalar\u0131n t\u00fcm d\u00fcnyada takdir toplad\u0131\u011f\u0131n\u0131 kaydetti.<\/p>\n<p style=\"text-align: justify;\">G\u00fcl, &#8220;Bu ba\u015far\u0131lar\u0131m\u0131z, Cumhuriyetin 100. y\u0131l\u0131nda koydu\u011fumuz hedeflere ula\u015faca\u011f\u0131m\u0131z inanc\u0131n\u0131 daha da g\u00fc\u00e7lendirmektedir. T\u00fcrkiye&#8217;nin gelece\u011finin parlak oldu\u011funa y\u00fcrekten inan\u0131yorum&#8221; dedi.<\/p>\n<p style=\"text-align: justify;\">Cumhurba\u015fkan\u0131 Abdullah G\u00fcl, mesaj\u0131n\u0131, &#8220;Yurt i\u00e7indeki ve d\u0131\u015f\u0131ndaki b\u00fct\u00fcn vatanda\u015flar\u0131m\u0131z\u0131n, gelece\u011fimizi emanet edece\u011fimiz sevgili \u00e7ocuklar\u0131m\u0131z\u0131n ve gen\u00e7lerimizin Cumhuriyet Bayram\u0131n\u0131 kutluyorum. Cumhuriyetimizin kurucusu Atat\u00fcrk&#8217;\u00fc, silah arkada\u015flar\u0131n\u0131 ve bu topraklar\u0131 vatan yapan aziz \u015fehitlerimizi sayg\u0131 ve rahmetle, gazilerimizi minnetle an\u0131yorum. B\u00fct\u00fcn vatanda\u015flar\u0131m\u0131za bu b\u00fcy\u00fck bayram g\u00fcn\u00fcnde selam ve sevgilerimi sunuyorum&#8221; diye tamamlad\u0131.<\/p>\n<p style=\"text-align: justify;\"><span style=\"color: #888888;\">CNN T\u00dcRK<\/span><\/p>\n","protected":false},"excerpt":{"rendered":"<p style=\"text-align: center;\">\n<p style=\"text-align: justify;\">Cumhurba\u015fkan\u0131 Abdullah G\u00fcl, T\u00fcrkiye&#8217;nin t\u00fcm farkl\u0131l\u0131klar\u0131yla, zenginlikleriyle, de\u011ferleriyle bir b\u00fct\u00fcn oldu\u011funu, herkesin T\u00fcrkiye Cumhuriyeti vatanda\u015f\u0131 olarak e\u015fit haklara sahip oldu\u011funu belirterek, &#8220;T\u00fcrkiye, bar\u0131\u015f ve huzur ortam\u0131n\u0131n peki\u015fmesi i\u00e7in iyi niyetle ve sab\u0131rla gayret g\u00f6sterirken, ter\u00f6rle m\u00fccadelesini de en g\u00fc\u00e7l\u00fc ve kararl\u0131 bir \u015fekilde devam ettirecektir&#8221; dedi. <\/p>\n","protected":false},"author":1,"featured_media":0,"comment_status":"open","ping_status":"closed","sticky":false,"template":"","format":"standard","meta":{"footnotes":""},"categories":[105],"tags":[],"class_list":["post-16164","post","type-post","status-publish","format-standard","hentry","category-gundem","odd"],"_links":{"self":[{"href":"http:\/\/www.korhanyilmaz.com\/index.php?rest_route=\/wp\/v2\/posts\/16164","targetHints":{"allow":["GET"]}}],"collection":[{"href":"http:\/\/www.korhanyilmaz.com\/index.php?rest_route=\/wp\/v2\/posts"}],"about":[{"href":"http:\/\/www.korhanyilmaz.com\/index.php?rest_route=\/wp\/v2\/types\/post"}],"author":[{"embeddable":true,"href":"http:\/\/www.korhanyilmaz.com\/index.php?rest_route=\/wp\/v2\/users\/1"}],"replies":[{"embeddable":true,"href":"http:\/\/www.korhanyilmaz.com\/index.php?rest_route=%2Fwp%2Fv2%2Fcomments&post=16164"}],"version-history":[{"count":0,"href":"http:\/\/www.korhanyilmaz.com\/index.php?rest_route=\/wp\/v2\/posts\/16164\/revisions"}],"wp:attachment":[{"href":"http:\/\/www.korhanyilmaz.com\/index.php?rest_route=%2Fwp%2Fv2%2Fmedia&parent=16164"}],"wp:term":[{"taxonomy":"category","embeddable":true,"href":"http:\/\/www.korhanyilmaz.com\/index.php?rest_route=%2Fwp%2Fv2%2Fcategories&post=16164"},{"taxonomy":"post_tag","embeddable":true,"href":"http:\/\/www.korhanyilmaz.com\/index.php?rest_route=%2Fwp%2Fv2%2Ftags&post=16164"}],"curies":[{"name":"wp","href":"https:\/\/api.w.org\/{rel}","templated":true}]}}