{"id":16159,"date":"2009-10-28T14:14:27","date_gmt":"2009-10-28T12:14:27","guid":{"rendered":"http:\/\/www.korhanyilmaz.com\/?p=16159"},"modified":"2009-10-28T14:14:27","modified_gmt":"2009-10-28T12:14:27","slug":"bahceliden-cok-sert-suclamalar","status":"publish","type":"post","link":"http:\/\/www.korhanyilmaz.com\/?p=16159","title":{"rendered":"Bah\u00e7eli&#039;den \u00e7ok sert su\u00e7lamalar"},"content":{"rendered":"<p style=\"text-align: justify;\"><a href=\"http:\/\/www.korhanyilmaz.com\/wp-content\/uploads\/2009\/10\/BAHCEL\u01302.jpg\"  class=\"lightview\"><img loading=\"lazy\" decoding=\"async\" class=\"size-full wp-image-16160 aligncenter\" src=\"http:\/\/www.korhanyilmaz.com\/wp-content\/uploads\/2009\/10\/BAHCEL\u01302.jpg\" alt=\"\" width=\"320\" height=\"100\" \/><\/a><\/p>\n<p style=\"text-align: justify;\">&#8216;Ba\u015fbakan ve ilgililer hain senaryo i\u00e7in hesap verecek..&#8217;<\/p>\n<p style=\"text-align: justify;\">MHP lideri Devlet Bah\u00e7eli, T\u00fcrkiye \u00fczerinde sahnelenmek isteyen oyunun nihai hedefinin \u201c\u00e7ok par\u00e7al\u0131 devlet yap\u0131s\u0131n\u0131n\u201d kabul edilmesi oldu\u011funu belirterek, \u201cBa\u015fta Ba\u015fbakan, ilgili Bakanlar ve buna alet olan her kademedeki b\u00fct\u00fcn g\u00f6revliler olmak \u00fczere bu hain senaryoda sorumlulu\u011fu olan herkes, T\u00fcrkiye bir hukuk devletiyse zaman\u0131 geldi\u011finde mutlaka hesap vereceklerdir\u201d dedi. <!--more--><\/p>\n<p style=\"text-align: justify;\">Bah\u00e7eli, 27-28 Ekim\u2019deki Merkez Y\u00f6netim Kurulu \u00dcyeleri, Milletvekilleri ve \u0130l Ba\u015fkanlar\u0131yla yap\u0131lan \u00f6zel g\u00fcndemli toplant\u0131larla ilgili g\u00f6r\u00fc\u015flerini yaz\u0131l\u0131 a\u00e7\u0131klamayla duyurdu.<\/p>\n<p style=\"text-align: justify;\">MHP\u2019nin T\u00fcrk Milliyet\u00e7ili\u011fi fikriyat\u0131 \u00fczerinde, refah, huzur, kalk\u0131nma, g\u00fcvenlik ve karde\u015fli\u011fi ilke edinerek 8-9 \u015eubat 1969 y\u0131l\u0131nda T\u00fcrk siyasal hayat\u0131na girmi\u015f sayg\u0131n bir siyaset kurumu, okulu ve ekol\u00fc oldu\u011funu belirten Bah\u00e7eli, millet hizmetinde s\u00fcrd\u00fcr\u00fclen bu k\u0131rk y\u0131ll\u0131k uzun yolculu\u011fun 8 Kas\u0131m\u2019da yap\u0131lacak &#8220;Sonsuza Kadar &#8216;Var ol&#8217; T\u00fcrkiye&#8221; 9\u2019uncu Ola\u011fan B\u00fcy\u00fck Kurultay\u0131 ile ta\u00e7lanaca\u011f\u0131n\u0131 bildirdi. Bah\u00e7eli, Kurultay\u2019\u0131n, millet ve siyaset i\u00e7in anlam\u0131n\u0131 daha iyi yorumlayabilmenin yolunun, \u00fclkenin i\u00e7inde bulundu\u011fu a\u011f\u0131r \u015fart ve olaylar\u0131n analizinden ge\u00e7ti\u011fini kaydetti.<\/p>\n<p style=\"text-align: justify;\"><strong><em>-BAH\u00c7EL\u0130: T\u00dcRK\u0130YE HER G\u00dcN \u00d6NCEK\u0130NDEN VAH\u0130M KAVGA ORTAMINA S\u00dcR\u00dcKLEN\u0130YOR- <\/em><\/strong><\/p>\n<p style=\"text-align: justify;\">Bug\u00fcn T\u00fcrkiye\u2019nin AKP h\u00fck\u00fcmetiyle her ge\u00e7en g\u00fcn, \u00f6ncekinden daha vahim geli\u015fmelere a\u00e7\u0131k, gerilim, \u00e7at\u0131\u015fma ve kavga ortam\u0131na biraz daha s\u00fcr\u00fcklendi\u011fini anlatan Devlet Bah\u00e7eli, \u201c\u00d6zellikle son d\u00f6nemde ya\u015fanan geli\u015fmeler, merkezinde kanl\u0131 ter\u00f6r \u00f6rg\u00fct\u00fcn\u00fcn siyasalla\u015fmas\u0131n\u0131n bulundu\u011fu bir senaryonun T\u00fcrkiye&#8217;ye dayat\u0131lmas\u0131nda son a\u015famaya gelindi\u011finin i\u015faretlerini vermeye ba\u015flam\u0131\u015ft\u0131r\u201d dedi.<\/p>\n<p style=\"text-align: justify;\">Devlet Bah\u00e7eli, \u201cT\u00fcrkiye \u00fczerinde sahnelenmek istenen bu oyunun nihai hedefi, tek millet ve tek devlet dayanan T\u00fcrkiye Cumhuriyetinin milli birlik, b\u00f6l\u00fcnmez b\u00fct\u00fcnl\u00fck ve milli egemenlik anlay\u0131\u015f\u0131n\u0131n yeniden tan\u0131mlanmas\u0131 ve \u00e7ok kimlikli, \u00e7ok milletli par\u00e7al\u0131 bir devlet yap\u0131s\u0131n\u0131n kabul edilmesidir\u201d dedi.<\/p>\n<p style=\"text-align: justify;\">AKP zihniyetinin geride kalan yedi uzun y\u0131ldaki uygulamalar\u0131 ve s\u00f6ylemlerinin, devleti ve milleti Cumhuriyet tarihinin en b\u00fcy\u00fck problemleri ile kar\u015f\u0131 kar\u015f\u0131ya b\u0131rakt\u0131\u011fn\u0131, yanl\u0131\u015f kurgulad\u0131\u011f\u0131 siyasetin bata\u011f\u0131na s\u00fcr\u00fcklenen h\u00fck\u00fcmetin bug\u00fcn hi\u00e7bir milli meselede direnme ve dayanma imk\u00e2n\u0131 kalmad\u0131\u011f\u0131n\u0131, anlatan Bah\u00e7eli, \u201cErmenistan\u2019la tek tarafl\u0131 ili\u015fkiler, K\u0131br\u0131s\u2019\u0131n Avrupa ipote\u011fine ve Rum insaf\u0131na ba\u011flanmas\u0131, Avrupa birli\u011fi ile ili\u015fkilerin sanal s\u00fcrece sokulmas\u0131, Irak ve Pe\u015fmerge ile boyun e\u011ferek s\u00fcrd\u00fcr\u00fclen onursuz m\u00fcnasebetler, Heybeliada Ruhban Okulu\u2019nun a\u00e7\u0131lmas\u0131 ve stat\u00fcs\u00fc gibi temel meseleler girilen \u00e7\u0131kmaz soka\u011f\u0131n ba\u015fl\u0131ca teslimiyet istasyonlar\u0131d\u0131r.Israrla s\u00fcrd\u00fcr\u00fclmeye \u00e7al\u0131\u015f\u0131lan gayri milli politikalar \u00fclkemizi bir u\u00e7urumun kenar\u0131na kadar getirmi\u015ftir. Ve en tehlikeli olan\u0131, bin y\u0131l\u0131n k\u00f6kl\u00fc ve derin karde\u015fli\u011fine dayanan sosyal, siyasal ve k\u00fclt\u00fcrel mutabakat\u0131n yerine \u00f6fke ve ku\u015fkular\u0131n yer ald\u0131\u011f\u0131 tehlikeli bir \u00e7at\u0131\u015fma s\u00fcrecinin \u00f6n\u00fcm\u00fcze konulmu\u015f olmas\u0131d\u0131r\u201d ifadesini kulland\u0131.<\/p>\n<p style=\"text-align: justify;\">A\u011f\u0131r ekonomik krizin h\u00fck\u00fcmeti k\u00fcresel g\u00fc\u00e7lere tam bir teslimiyete itti\u011fini, dayatma listelerinin Ba\u015fbakan\u0131n \u00f6n\u00fcne konuldu\u011funu kaydeden Bah\u00e7eli, \u201cT\u00fcrkiye, \u00f6zellikle son aylar i\u00e7inde, tarihinde ya\u015famad\u0131\u011f\u0131 bir teslimiyet ve zafiyet g\u00f6stermi\u015f, aziz milletimizin mukaddesat\u0131m\u0131z\u0131 as\u0131rlard\u0131r ta\u015f\u0131yan y\u00fcksek vicdan\u0131 h\u00fck\u00fcmet eliyle a\u011f\u0131r yara alm\u0131\u015f ve derinden h\u0131rpalanm\u0131\u015ft\u0131r.<\/p>\n<p style=\"text-align: justify;\">Ba\u015fbakan Erdo\u011fan\u2019\u0131n s\u00f6zde \u201cK\u00fcrt a\u00e7\u0131l\u0131m\u0131\u201d etiketiyle g\u00fcndeme getirdi\u011fi \u201cY\u0131k\u0131m Projesi\u201dnin s\u00f6ylemden eyleme ge\u00e7mesinin ilk ad\u0131m\u0131n\u0131n ge\u00e7en hafta at\u0131ld\u0131\u011f\u0131n\u0131 kaydeden Bah\u00e7eli \u015fu su\u00e7lamalarda bulundu:<\/p>\n<p style=\"text-align: justify;\">\u201c\u0130mral\u0131 canisi ile kol kola giren Ba\u015fbakan T\u00fcrkiye\u2019nin milli birli\u011finin temellerine ilk darbeyi Habur\u2019da vurmu\u015ftur.<\/p>\n<p style=\"text-align: justify;\">PKK kontrol\u00fcndeki Mahmur kamp\u0131ndan ve ter\u00f6r \u00f6rg\u00fct\u00fcn\u00fcn Kandil kadrosundan 34 ki\u015finin T\u00fcrkiye\u2019ye gelmesi ve sonras\u0131 ya\u015fanan geli\u015fmeler, T\u00fcrk milletini derinden sarsm\u0131\u015ft\u0131r.<\/p>\n<p style=\"text-align: justify;\">Ba\u015fbakan Erdo\u011fan\u2019\u0131n yol haritas\u0131n\u0131n ilk a\u015famas\u0131nda ya\u015fanan bu rezaletlerin siyasi ve hukuki sonu\u00e7lar\u0131 ve yans\u0131malar\u0131 olmas\u0131 ka\u00e7\u0131n\u0131lmazd\u0131r.<\/p>\n<p style=\"text-align: justify;\"><strong><em>-&#8220;HESAP VERECEKLER&#8221;- <\/em><\/strong><\/p>\n<p style=\"text-align: justify;\">Ba\u015fta Ba\u015fbakan, ilgili Bakanlar ve buna alet olan her kademedeki b\u00fct\u00fcn g\u00f6revliler olmak \u00fczere bu hain senaryoda sorumlulu\u011fu olan herkes, T\u00fcrkiye bir hukuk devletiyse zaman\u0131 geldi\u011finde mutlaka hesap vereceklerdir.<\/p>\n<p style=\"text-align: justify;\">Bu s\u00fcre\u00e7te ya\u015fananlar\u0131n siyasi, ahlaki ve hukuki sakatl\u0131klar\u0131 konusunda \u00f6zellikle \u015fu hususlar\u0131n kayda ge\u00e7irilmesi, T\u00fcrk adaleti \u00f6n\u00fcnde g\u00f6r\u00fclecek hesab\u0131n \u00e7er\u00e7evesini belirlemek bak\u0131m\u0131ndan \u00f6nem ta\u015f\u0131maktad\u0131r.<\/p>\n<p style=\"text-align: justify;\">\u0130hanet kafilesinin T\u00fcrkiye\u2019ye geli\u015fi s\u0131ras\u0131nda b\u00f6lgede devlet otoritesi felce u\u011fram\u0131\u015f, yerini kin, nefret ve husumet g\u00f6sterileriyle devlete meydan okuyan ter\u00f6r \u00f6rg\u00fct\u00fc ve ma\u015falar\u0131na b\u0131rakm\u0131\u015ft\u0131r.<\/p>\n<p style=\"text-align: justify;\">H\u00fck\u00fcmet ve devlet g\u00f6revlileri bu ihanet resmi ge\u00e7idine nezaret etmi\u015f, bunu adata bir devlet t\u00f6renine d\u00f6n\u00fc\u015ft\u00fcrm\u00fc\u015ft\u00fcr.<\/p>\n<p style=\"text-align: justify;\">Bu vesileyle Ba\u015fbakan\u2019\u0131n ter\u00f6ristlere \u00f6rt\u00fcl\u00fc af projesinin fiilen hayata ge\u00e7irilmesinin ilk provas\u0131 yap\u0131lm\u0131\u015f, ter\u00f6ristlerin gururunun rencide edilmemesi ad\u0131na, T\u00fcrkiye Cumhuriyeti devletinin onuru ve haysiyeti ayaklar alt\u0131na al\u0131nm\u0131\u015ft\u0131r.<\/p>\n<p style=\"text-align: justify;\">Bu s\u00fcre\u00e7te hukuk devleti ve hukukun \u00fcst\u00fcnl\u00fc\u011f\u00fc ilkeleri \u00e7i\u011fnenmi\u015f, Anayasa ve kanunlar \u00e7\u00f6pe at\u0131lm\u0131\u015ft\u0131r.<\/p>\n<p style=\"text-align: justify;\">AKP h\u00fck\u00fcmetinin talimat\u0131yla \u2018ter\u00f6riste \u00f6zel imtiyazl\u0131 uygulama\u2019 yap\u0131lm\u0131\u015f, \u2018ter\u00f6r\u00fc koruma i\u00e7tihad\u0131\u2019 olu\u015fturulmu\u015f ve \u2018Kandil dokunulmazl\u0131\u011f\u0131\u2019 getirilmi\u015ftir.\u201d<\/p>\n<p style=\"text-align: justify;\">\u0130kinci ihanet kafilesinin geli\u015fini ertelemesinin sadece taktik bir zamanlama ayarlamas\u0131 oldu\u011funu kaydeden Bah\u00e7eli, Ba\u015fbakan Erdo\u011fan\u2019\u0131n tepkilerin dinmesini bekledi\u011fini kaydetti. Devlet Bah\u00e7eli, \u201cT\u00fcrk milletinin \u00f6fkeyle \u015fahit oldu\u011fu bu geli\u015fmelerle sis perdesi aralanm\u0131\u015f ve resmin par\u00e7alar\u0131 birer birer yerine oturmaya ba\u015flam\u0131\u015ft\u0131r. Bu ihanet projesinin ama\u00e7lar\u0131, hedefleri ve yol haritas\u0131 ile Ba\u015fbakan\u2019\u0131n ger\u00e7ek niyetleri olanca \u00e7irkinli\u011fiyle ortaya \u00e7\u0131km\u0131\u015ft\u0131\u201d dedi. Devlet Bah\u00e7eli, AKP h\u00fck\u00fcmetinin \u201c\u0130mral\u0131 canisi ve ter\u00f6r \u00f6rg\u00fct\u00fcn\u00fcn Kandil\u2019deki eleba\u015flar\u0131yla arac\u0131l\u0131 bir pazarl\u0131k s\u00fcreci ba\u015flatt\u0131\u011f\u0131n\u0131\u201d, \u201c\u0130lk ter\u00f6r kafilesinin T\u00fcrkiye\u2019ye geli\u015fi ve haklar\u0131nda hi\u00e7bir adli kovu\u015fturma yap\u0131lmadan giri\u015flerinin\u201d bu pazarl\u0131\u011f\u0131n bir oldu\u011funu ifade etti. Bah\u00e7eli \u015f\u00f6yle devam etti:<\/p>\n<p style=\"text-align: justify;\">\u201c-\u0130mral\u0131 canisinin s\u00f6zde \u2018yol haritas\u0131\u2019 Ba\u015fbakan\u2019\u0131n elindedir. Bu s\u00fcrecin ilerletilmesinde \u0130mral\u0131\u2019n\u0131n yol haritas\u0131 ile Ba\u015fbakan\u2019\u0131n \u2018oyun plan\u0131\u2019 koordine edilmekte, imk\u00e2nlar \u00f6l\u00e7\u00fcs\u00fcnde uyumla\u015ft\u0131r\u0131lmas\u0131na \u00e7al\u0131\u015f\u0131lmaktad\u0131r.Ter\u00f6r \u00f6rg\u00fct\u00fcn\u00fc perde arkas\u0131nda me\u015fru muhatap kabul eden AKP h\u00fck\u00fcmeti, bu s\u00fcre\u00e7te kar\u015f\u0131l\u0131kl\u0131 olarak at\u0131lacak ad\u0131mlar\u0131n niteli\u011fini ve zamanlamas\u0131n\u0131 bir takvime ba\u011flamay\u0131 ama\u00e7lamaktad\u0131r. Kandil\u2019deki ter\u00f6r eleba\u015flar\u0131 ilk kafileyi g\u00f6ndererek kendilerinin bir a\u00e7\u0131l\u0131m yapt\u0131\u011f\u0131n\u0131, \u015fimdi bu pazarl\u0131k s\u00fcrecinin ileri a\u015famalar\u0131na ge\u00e7ilmesi i\u00e7in AKP\u2019nin ad\u0131m atmas\u0131n\u0131 beklediklerini a\u00e7\u0131klam\u0131\u015flard\u0131r. Bu beyanlar, kar\u015f\u0131l\u0131kl\u0131 ad\u0131mlarla hayata ge\u00e7irilecek projenin uygulama takviminin m\u00fczakere edildi\u011fini g\u00f6stermektedir. T\u00fcrkiye\u2019ye gelen ilk ter\u00f6rist kafilesinin \u2018numune oldu\u011fu ve test ama\u00e7l\u0131 geldikleri\u2019 ter\u00f6r eleba\u015flar\u0131n\u0131n ayn\u0131 g\u00fcn yapt\u0131\u011f\u0131 a\u00e7\u0131klamalarla ortaya konulmu\u015ftur. Bu kafilenin teslim olmak i\u00e7in de\u011fil, PKK\u2019n\u0131n siyasi \u00e7\u00f6z\u00fcm anlay\u0131\u015f\u0131 konusunda temaslarda bulunmak ve lobi yapmak i\u00e7in geldi\u011fini, bu ama\u00e7la beraberlerindeki mektuplar\u0131 s\u0131n\u0131rda kendilerini kar\u015f\u0131layan m\u00fclki yetkiliye verdikleri de a\u00e7\u0131klanm\u0131\u015ft\u0131r. \u0130mral\u0131 canisinin birka\u00e7 g\u00fcn \u00f6nce PKK yay\u0131n organlar\u0131nda yay\u0131nlanan s\u00f6zde yol haritas\u0131n\u0131n da bu yakla\u015f\u0131m \u00fczerine bina edildi\u011fi a\u00e7\u0131\u011fa \u00e7\u0131km\u0131\u015ft\u0131r.\u201d<\/p>\n<p style=\"text-align: justify;\">Ba\u015fbakan\u2019\u0131n ilk kafilenin kar\u015f\u0131lanmas\u0131 s\u0131ras\u0131ndaki g\u00f6steriler kar\u015f\u0131s\u0131nda \u201cg\u00fcven bunal\u0131m\u0131 olu\u015ftu, b\u00f6yle devam ederse ba\u015fa d\u00f6neriz\u201d s\u00f6zleri, ter\u00f6r \u00f6rg\u00fct\u00fc ile yap\u0131lan pazarl\u0131klar\u0131n a\u00e7\u0131k bir itiraf\u0131 oldu\u011funu, Ba\u015fbakan Erdo\u011fan\u2019\u0131n bu s\u00f6zleriyle PKK ile g\u00fcvene dayal\u0131 bir ili\u015fki kurdu\u011funu, bu zeminde bir mutabakata var\u0131ld\u0131\u011f\u0131n\u0131 kabul etti\u011fini, ancak bunun d\u0131\u015f\u0131na \u00e7\u0131k\u0131lmas\u0131 nedeniyle bu anla\u015fmay\u0131 ge\u00e7ici olarak ask\u0131ya al\u0131nd\u0131\u011f\u0131n\u0131 s\u00f6yleyerek ter\u00f6r \u00f6rg\u00fct\u00fcne sorumluluklar\u0131n\u0131 hat\u0131rlatt\u0131\u011f\u0131n\u0131 belirten Bah\u00e7eli, \u015f\u00f6yle dedi:<\/p>\n<p style=\"text-align: justify;\">\u201cTer\u00f6r \u00f6rg\u00fct\u00fc ile g\u00fcvene dayal\u0131 bir ili\u015fki kurabilen bu Ba\u015fbakan portesi \u00e7ok iyi anla\u015f\u0131lmal\u0131d\u0131r. T\u00fcrkiye\u2019nin kar\u015f\u0131s\u0131ndaki ihanet tablosu maalesef budur. Ter\u00f6ristlerin bar\u0131\u015f el\u00e7isi, \u0130mral\u0131 canisinin mihmandar\u0131 ve Ba\u015fbakan\u2019\u0131n ta\u015feronu oldu\u011fu bu \u2018Y\u0131k\u0131m Projesi\u2019 bu niteli\u011fiyle bir ihanet projesidir. Bu ihanetin art\u0131k fark\u0131na varan ve mukaddesat\u0131 sorgulanan milletimiz \u015fehitlerine, gazilerine ve hat\u0131rlar\u0131na sahip \u00e7\u0131kmak \u00fczere aya\u011fa kalkm\u0131\u015ft\u0131r. Hukukun ter\u00f6riste g\u00f6re \u015fekil de\u011fi\u015ftirdi\u011fi, mahallinde portatif mahkemelerin kuruldu\u011fu, ter\u00f6ristin kahraman gibi kar\u015f\u0131land\u0131\u011f\u0131 g\u00f6r\u00fcnt\u00fcler milletimizde hakl\u0131 infial uyand\u0131rm\u0131\u015ft\u0131r. S\u0131n\u0131rdan giri\u015f yaparken, \u00fczerlerinde ta\u015f\u0131d\u0131klar\u0131 \u00f6rg\u00fct pa\u00e7avralar\u0131yla, bar\u0131\u015f g\u00f6n\u00fcll\u00fcs\u00fc olarak takdim edilen ve h\u00fck\u00fcmet nezdinde de \u00f6yle kabul g\u00f6rd\u00fc\u011f\u00fc anla\u015f\u0131lan eli kanl\u0131 canilere yap\u0131lan h\u00fck\u00fcmet te\u015frifat\u0131 milletimizde kapanmayacak yaralar a\u00e7m\u0131\u015ft\u0131r. Her bedeli \u00f6demeye haz\u0131r oldu\u011funu s\u00f6yleyen Ba\u015fbakan, son tepkiler \u00fczerine geri ad\u0131m atm\u0131\u015f, yeni y\u0131\u011f\u0131naklara haz\u0131rl\u0131k yapmak i\u00e7in a\u00e7\u0131l\u0131m denen y\u0131k\u0131m s\u00fcrecine mola vermek durumunda kalm\u0131\u015ft\u0131r. AKP zihniyetinin \u2018PKK a\u00e7\u0131l\u0131m\u0131\u2019 kapsam\u0131ndaki teslim t\u00f6renlerinin milletimizdeki infialini durdurmak i\u00e7in y\u00fcr\u00fctt\u00fc\u011f\u00fc kafa kar\u0131\u015ft\u0131r\u0131c\u0131 oyunlar\u0131 ve y\u0131llard\u0131r kullanmaya \u00e7al\u0131\u015ft\u0131\u011f\u0131 karartma ve s\u0131yr\u0131lma senaryolar\u0131n\u0131 da art\u0131k \u00f6\u011frenmi\u015ftir.\u201d<\/p>\n<p style=\"text-align: justify;\"><strong><em>-MHP KIZILCAHAMAM TOPLANTILARINDA ALINAN KARARLAR- <\/em><\/strong><\/p>\n<p style=\"text-align: justify;\">Bah\u00e7eli yaz\u0131l\u0131 a\u00e7\u0131klamas\u0131nda K\u0131z\u0131lcahamam\u2019da parti organlar\u0131n\u0131n yapt\u0131\u011f\u0131 toplant\u0131larda al\u0131nan kararlar\u0131 da a\u00e7\u0131klad\u0131. Toplant\u0131larda \u015fu kararlar al\u0131nd\u0131:<\/p>\n<p style=\"text-align: justify;\">\u201c1.Cumhuriyetimizin 86. y\u0131l\u0131n\u0131 kutlamaya haz\u0131rland\u0131\u011f\u0131m\u0131z bug\u00fcnlerde, kurucu ilkelerimiz ve temel de\u011ferlerimiz i\u015fba\u015f\u0131ndaki h\u00fck\u00fcmet taraf\u0131ndan tehlikelere maruz b\u0131rak\u0131lm\u0131\u015ft\u0131r.<\/p>\n<p style=\"text-align: justify;\">2. \u0130\u00e7 ve d\u0131\u015f geli\u015fmeler milletimizin huzuru, refah\u0131 ve birli\u011fi y\u00f6n\u00fcnde ciddi tehlikelerin yakla\u015fmakta oldu\u011funu i\u015faret etmektedir.<\/p>\n<p style=\"text-align: justify;\">Kar\u015f\u0131m\u0131zdaki en b\u00fcy\u00fck tehlike bin y\u0131ld\u0131r milli k\u00fclt\u00fcr\u00fcn etraf\u0131nda olu\u015fturdu\u011fumuz karde\u015flik hukukunun ve milli kimli\u011fin \u00e7\u00f6z\u00fclmesidir. Bu tehlike milli devletin ve \u00fcniter yap\u0131n\u0131n ortadan kalkmas\u0131na neden olacak y\u0131k\u0131lma dinamiklerini i\u00e7inde ta\u015f\u0131maktad\u0131r.<\/p>\n<p style=\"text-align: justify;\">3. H\u00fck\u00fcmetin \u201cPKK a\u00e7\u0131l\u0131m\u0131\u201d tam bir teslimiyete d\u00f6n\u00fc\u015fm\u00fc\u015f ve Ba\u015fbakan Erdo\u011fan\u2019\u0131n ger\u00e7ek y\u00fcz\u00fc kamuoyu taraf\u0131ndan g\u00f6r\u00fclm\u00fc\u015ft\u00fcr. S\u00fcrecin sonunda ya\u015fanan ger\u00e7ekler, partimizin milli kimlik ve karde\u015flik i\u00e7in verdi\u011fi m\u00fccadelenin hakl\u0131l\u0131\u011f\u0131n\u0131 ve do\u011frulu\u011funu ortaya \u00e7\u0131karm\u0131\u015ft\u0131r.<\/p>\n<p style=\"text-align: justify;\">4. H\u00fck\u00fcmetin \u00e7at\u0131\u015fmac\u0131, d\u0131\u015flay\u0131c\u0131 ve kutupla\u015ft\u0131r\u0131c\u0131 siyaset anlay\u0131\u015f\u0131 toplumda \u00f6fkeye ve umutsuzlu\u011fa neden olmaktad\u0131r. T\u00fcrkiye\u2019mizin ya\u015fad\u0131\u011f\u0131 a\u011f\u0131r buhran\u0131n sorumlusu AKP h\u00fck\u00fcmetleridir.<\/p>\n<p style=\"text-align: justify;\">5. T\u00fcrkiye\u2019nin hi\u00e7bir meselesi bu a\u011f\u0131r tabloya ra\u011fmen \u00e7\u00f6z\u00fclemez de\u011fildir. Her sorunun \u00e7aresi ve \u00e7\u0131k\u0131\u015f yolu vard\u0131r. Ancak, \u00fclkemizin \u00f6n\u00fcn\u00fcn a\u00e7\u0131lmas\u0131, AKP zihniyetinin teslimiyet\u00e7i anlay\u0131\u015f\u0131ndan ve kadrolar\u0131ndan milletimizin bir an \u00f6nce kurtulmas\u0131na ba\u011fl\u0131d\u0131r.<\/p>\n<p style=\"text-align: justify;\">6. \u00d6n\u00fcm\u00fczdeki s\u00fcre\u00e7 milletimizin b\u00fct\u00fcn g\u00f6z boyama ve kafa kar\u0131\u015ft\u0131rma \u00e7abalar\u0131na ra\u011fmen ger\u00e7ekleri g\u00f6rmeye ba\u015flad\u0131\u011f\u0131n\u0131 i\u015faret etmektedir. Bu umut verici uyan\u0131\u015f, milletimizi i\u00e7ine d\u00fc\u015ft\u00fc\u011f\u00fc k\u0131s\u0131r d\u00f6ng\u00fcden kurtarmaya talip, huzura ve refaha kavu\u015fturmay\u0131 sa\u011flayacak olan Milliyet\u00e7i Harekete ve kadrolar\u0131na olan tevecc\u00fch\u00fc art\u0131rmaktad\u0131r.<\/p>\n<p style=\"text-align: justify;\">7. Partimiz yeni d\u00f6nemde milletimizin gelece\u011fi a\u00e7\u0131s\u0131ndan tarihin kendisine y\u00fckledi\u011fi sorumlulu\u011fun fark\u0131nda ve \u015fuurundad\u0131r. T\u00fcrkiye\u2019nin ve insanl\u0131\u011f\u0131n b\u00fct\u00fcn meselelerine ili\u015fkin g\u00f6r\u00fc\u015f\u00fc, yorumu ve de\u011ferlendirmesi vard\u0131r ve \u00e7\u00f6z\u00fcm i\u00e7in haz\u0131rd\u0131r.<\/p>\n<p style=\"text-align: justify;\">8. Milliyet\u00e7i Hareket, \u00dclkemizin da\u011f\u0131lma ve \u00e7\u00f6z\u00fclme s\u00fcrecine s\u00fcr\u00fcklenmesine asla izin vermeyecektir.<\/p>\n<p style=\"text-align: justify;\">T\u00fcrkiye\u2019nin bir avu\u00e7 i\u015fbirlik\u00e7inin elinde ufalan\u0131p yok olmas\u0131na g\u00f6z yummayacakt\u0131r.<\/p>\n<p style=\"text-align: justify;\">Dayatmalara, istismara ve i\u015fbirlik\u00e7ili\u011fine boyun e\u011fmeyecek, yolsuzlu\u011fu ve yoksullu\u011fu bir kader olarak kabul etmeyecektir.<\/p>\n<p style=\"text-align: justify;\">A\u011f\u0131r tahriklerle \u00e7\u00f6z\u00fclme belirtileri g\u00f6steren karde\u015fli\u011fi onaracak, T\u00fcrkiye\u2019nin milli kimlik etraf\u0131nda toplan\u0131lmas\u0131n\u0131 sa\u011flayacakt\u0131r.<\/p>\n<p style=\"text-align: justify;\">Milli de\u011ferler etraf\u0131nda kenetlenmeye davet edecek, ayr\u0131\u015fmayaca\u011f\u0131m\u0131z\u0131 ve ayr\u0131lmayaca\u011f\u0131m\u0131z\u0131, dosta ve d\u00fc\u015fmana g\u00f6sterecektir.<\/p>\n<p style=\"text-align: justify;\">Daha m\u00fcreffeh, daha huzurlu, daha onurlu ve daha kudretli bir T\u00fcrkiye\u2019nin kap\u0131lar\u0131n\u0131 a\u00e7acakt\u0131r.<\/p>\n<p style=\"text-align: justify;\">Ve T\u00fcrkiye Cumhuriyeti, ebedi vatan\u0131nda milli varl\u0131\u011f\u0131n\u0131 ve birli\u011fini sonsuza kadar koruyacakt\u0131r.<\/p>\n<p style=\"text-align: justify;\">9. Milliyet\u00e7i Hareket, bu kutlu de\u011ferleri ve kutsal emanetleri muhafaza etmeye yeminlidir. Her y\u00f6netim kademesindeki mensuplar\u0131 aras\u0131nda bu ilke ve hedeflere ula\u015f\u0131lmas\u0131 konusunda tam bir uzla\u015fma ve kararl\u0131l\u0131k vard\u0131r.<\/p>\n<p style=\"text-align: justify;\">Partimiz, \u00fczerine d\u00fc\u015fen g\u00f6revleri, milletimizin esenli\u011fi i\u00e7in kendisinden beklenen duru\u015fu ve tepkileri bug\u00fcne kadar oldu\u011fu gibi bundan sonra da yapacak inanca ve \u00fclk\u00fclere sahiptir.<\/p>\n<p style=\"text-align: justify;\">\u0130nanc\u0131m\u0131z odur ki, Cenab-\u0131 Allah, T\u00fcrkiye\u2019yi ve B\u00fcy\u00fck T\u00fcrk Milletini kar\u015f\u0131l\u0131ks\u0131z seven ve bu u\u011furda her \u00e7ileye ve g\u00fc\u00e7l\u00fc\u011fe katlanmaya haz\u0131r olan Milliyet\u00e7i Hareketi iktidar yolunda mutlaka muzaffer k\u0131lacakt\u0131r.<\/p>\n<p style=\"text-align: justify;\">10. \u00d6n\u00fcm\u00fczdeki 9. Ola\u011fan Kongre s\u00fcreci, bu ger\u00e7eklere vak\u0131f, yeni d\u00f6nemin a\u011f\u0131r g\u00fcndemini ta\u015f\u0131yacak, \u00e7\u00f6z\u00fcm bekleyen sorunlar\u0131n fark\u0131nda, \u00f6nce \u00fclkem ve milletim, sonra partim ve sonra ben diyen T\u00fcrkiye Sevdal\u0131lar\u0131 aras\u0131ndan yap\u0131lacak se\u00e7imin milletimize m\u00fcjdesidir.<\/p>\n<p style=\"text-align: justify;\">Bu g\u00f6rev de demokratik bir yar\u0131\u015fma ve heyecan i\u00e7inde, T\u00fcrk Milletini ve T\u00fcrk milliyet\u00e7ili\u011fini esas alan bir siyasi rekabet ortam\u0131nda, Ahl\u00e2k\u0131 ve erdemi muhafaza ederek, Birle\u015ftiren, kucakla\u015ft\u0131ran, kayna\u015ft\u0131ran bir milli siyaset anlay\u0131\u015f\u0131 ile Milliyet\u00e7ilere yak\u0131\u015fan bir olgunluk i\u00e7erisinde y\u00fcr\u00fct\u00fclecektir.<\/p>\n<p style=\"text-align: justify;\">K\u0131rk y\u0131ll\u0131k siyaset tecr\u00fcbemiz, kar\u015f\u0131l\u0131ks\u0131z millet sevgimiz ve tarihe, ecdada ve kutlu de\u011ferlere olan ba\u011fl\u0131l\u0131\u011f\u0131m\u0131z, her zorlu\u011fun a\u015f\u0131lmas\u0131nda en \u00f6nemli dayana\u011f\u0131m\u0131z ve \u00e7\u0131k\u0131\u015f noktam\u0131z olacakt\u0131r.\u201d <span style=\"color: #888888;\">( ANKA )<\/span><\/p>\n<p style=\"text-align: justify;\"><span style=\"color: #888888;\">Haber Kayna\u011f\u0131 : VATAN<\/span><\/p>\n","protected":false},"excerpt":{"rendered":"<p style=\"text-align: justify;\">\n<p style=\"text-align: justify;\">&#8216;Ba\u015fbakan ve ilgililer hain senaryo i\u00e7in hesap verecek..&#8217;<\/p>\n<p style=\"text-align: justify;\">MHP lideri Devlet Bah\u00e7eli, T\u00fcrkiye \u00fczerinde sahnelenmek isteyen oyunun nihai hedefinin \u201c\u00e7ok par\u00e7al\u0131 devlet yap\u0131s\u0131n\u0131n\u201d kabul edilmesi oldu\u011funu belirterek, \u201cBa\u015fta Ba\u015fbakan, ilgili Bakanlar ve buna alet olan her kademedeki b\u00fct\u00fcn g\u00f6revliler olmak \u00fczere bu hain senaryoda sorumlulu\u011fu olan herkes, T\u00fcrkiye <\/p>\n","protected":false},"author":1,"featured_media":0,"comment_status":"open","ping_status":"closed","sticky":false,"template":"","format":"standard","meta":{"footnotes":""},"categories":[105],"tags":[],"class_list":["post-16159","post","type-post","status-publish","format-standard","hentry","category-gundem","odd"],"_links":{"self":[{"href":"http:\/\/www.korhanyilmaz.com\/index.php?rest_route=\/wp\/v2\/posts\/16159","targetHints":{"allow":["GET"]}}],"collection":[{"href":"http:\/\/www.korhanyilmaz.com\/index.php?rest_route=\/wp\/v2\/posts"}],"about":[{"href":"http:\/\/www.korhanyilmaz.com\/index.php?rest_route=\/wp\/v2\/types\/post"}],"author":[{"embeddable":true,"href":"http:\/\/www.korhanyilmaz.com\/index.php?rest_route=\/wp\/v2\/users\/1"}],"replies":[{"embeddable":true,"href":"http:\/\/www.korhanyilmaz.com\/index.php?rest_route=%2Fwp%2Fv2%2Fcomments&post=16159"}],"version-history":[{"count":0,"href":"http:\/\/www.korhanyilmaz.com\/index.php?rest_route=\/wp\/v2\/posts\/16159\/revisions"}],"wp:attachment":[{"href":"http:\/\/www.korhanyilmaz.com\/index.php?rest_route=%2Fwp%2Fv2%2Fmedia&parent=16159"}],"wp:term":[{"taxonomy":"category","embeddable":true,"href":"http:\/\/www.korhanyilmaz.com\/index.php?rest_route=%2Fwp%2Fv2%2Fcategories&post=16159"},{"taxonomy":"post_tag","embeddable":true,"href":"http:\/\/www.korhanyilmaz.com\/index.php?rest_route=%2Fwp%2Fv2%2Ftags&post=16159"}],"curies":[{"name":"wp","href":"https:\/\/api.w.org\/{rel}","templated":true}]}}