{"id":16155,"date":"2009-10-28T13:09:20","date_gmt":"2009-10-28T11:09:20","guid":{"rendered":"http:\/\/www.korhanyilmaz.com\/?p=16155"},"modified":"2009-10-28T13:09:20","modified_gmt":"2009-10-28T11:09:20","slug":"oktay-eksi-mektubu-nasil-yorumluyor","status":"publish","type":"post","link":"http:\/\/www.korhanyilmaz.com\/?p=16155","title":{"rendered":"Oktay Ek\u015fi mektubu nas\u0131l yorumluyor?"},"content":{"rendered":"<p style=\"text-align: center;\"><a href=\"http:\/\/www.korhanyilmaz.com\/wp-content\/uploads\/2009\/10\/EKS\u0130.jpg\"  class=\"lightview\"><img loading=\"lazy\" decoding=\"async\" class=\"size-full wp-image-16156 aligncenter\" src=\"http:\/\/www.korhanyilmaz.com\/wp-content\/uploads\/2009\/10\/EKS\u0130.jpg\" alt=\"\" width=\"307\" height=\"236\" \/><\/a><\/p>\n<p style=\"text-align: justify;\">H\u00fcrriyet gazetesi ba\u015fyazar\u0131 Oktay Ek\u015fi, bir subay\u0131n irtica eylem plan\u0131yla ilgili olarak Ergenekon savc\u0131lar\u0131na g\u00f6nderdi\u011fi ihbar mektubunun ard\u0131ndaki ama\u00e7lar\u0131 de\u011ferlendirdi. Ek\u015fi, &#8220;Uzun uzun d\u00fc\u015f\u00fcn\u00fclm\u00fc\u015f, hangi mercileri ortadan kald\u0131rmak laz\u0131m, ona g\u00f6re haz\u0131rlanm\u0131\u015f&#8221; dedi. Ek\u015fi, askerin sorumlulu\u011fuyla ilgili olarak da, &#8220;Hukuk s\u00fcrecinin tamamlanmas\u0131 gerekir&#8221; diye konu\u015ftu.<!--more--><\/p>\n<p style=\"text-align: justify;\">CNN T\u00dcRK&#8217;te yay\u0131nlanan Medya Mahallesi program\u0131nda Ay\u015fenur Arslan&#8217;\u0131n sorular\u0131n\u0131 yan\u0131tlayan Oktay Ek\u015fi, &#8220;Bir ki\u015finin tek ba\u015f\u0131na haz\u0131rlayabilece\u011fi mektuplardan farkl\u0131 nitelikleri var. \u00dczerinde uzun uzun d\u00fc\u015f\u00fcn\u00fclm\u00fc\u015f, \u00e7e\u015fitli hedefler konulmu\u015f, siyasi i\u00e7erikli de\u011ferlendirmeler yap\u0131lm\u0131\u015f ve onlara y\u00f6nelik do\u011fruca hangi mercileri tahrip etmek, ortadan kald\u0131rmak laz\u0131m ona g\u00f6re haz\u0131rlanm\u0131\u015f bir mektup. Yer yer insana \u00e7ok makul gelmeyen de\u011ferlendirmeler yap\u0131yor&#8221; dedi.<\/p>\n<p style=\"text-align: justify;\"><strong><em>Ek\u015fi, durumu &#8220;belirli hedefe d\u00f6n\u00fck stratejinin, senaryonun uygulanmas\u0131 gibi bir olay&#8221; diye nitelendirdi. <\/em><\/strong><\/p>\n<p style=\"text-align: justify;\">Ek\u015fi, askerlerin sorumlulu\u011fuyla ilgili olarak da, &#8220;Askerin i\u00e7inde askerli\u011fin d\u0131\u015f\u0131na \u00e7\u0131kan, siyasi ama\u00e7lar g\u00fcden faaliyetler varsa, ya kendi disiplin kurallar\u0131 i\u00e7inde ya da yasalar\u0131n koydu\u011fu kurallar i\u00e7inde oturtulmal\u0131. Bu Albay \u00c7i\u00e7ek&#8217;tir vb. Kimse onlara bir\u015fey yap\u0131lmas\u0131n demiyor. Hukuk s\u00fcrecinin tamamlanmas\u0131 konusunda kimsenin ihtilaf\u0131 yok&#8221; ifadesini kulland\u0131.<\/p>\n<p style=\"text-align: justify;\">\u0130rtica eylem plan\u0131, aylar sonra bir subay\u0131n savc\u0131lara g\u00f6nderdi\u011fi &#8220;orijinal belge&#8221; ve beraberindeki ihbar mektubuyla tekrar g\u00fcndemde. Belgeyi g\u00f6nderen subay, &#8220;Tart\u0131\u015fmalar\u0131n ba\u015flad\u0131\u011f\u0131 d\u00f6nemde Albay Dursun \u00c7i\u00e7ek&#8217;in odas\u0131ndaki belgelerin imha edildi\u011fini, kendisinin sadece bu belgeyi kurtarabildi\u011fini&#8221; yazm\u0131\u015ft\u0131.<\/p>\n<p style=\"text-align: justify;\"><span style=\"color: #888888;\">CNN T\u00dcRK<\/span><\/p>\n","protected":false},"excerpt":{"rendered":"<p style=\"text-align: center;\">\n<p style=\"text-align: justify;\">H\u00fcrriyet gazetesi ba\u015fyazar\u0131 Oktay Ek\u015fi, bir subay\u0131n irtica eylem plan\u0131yla ilgili olarak Ergenekon savc\u0131lar\u0131na g\u00f6nderdi\u011fi ihbar mektubunun ard\u0131ndaki ama\u00e7lar\u0131 de\u011ferlendirdi. Ek\u015fi, &#8220;Uzun uzun d\u00fc\u015f\u00fcn\u00fclm\u00fc\u015f, hangi mercileri ortadan kald\u0131rmak laz\u0131m, ona g\u00f6re haz\u0131rlanm\u0131\u015f&#8221; dedi. Ek\u015fi, askerin sorumlulu\u011fuyla ilgili olarak da, &#8220;Hukuk s\u00fcrecinin tamamlanmas\u0131 gerekir&#8221; diye konu\u015ftu.<\/p>\n","protected":false},"author":1,"featured_media":0,"comment_status":"open","ping_status":"closed","sticky":false,"template":"","format":"standard","meta":{"footnotes":""},"categories":[105],"tags":[],"class_list":["post-16155","post","type-post","status-publish","format-standard","hentry","category-gundem","odd"],"_links":{"self":[{"href":"http:\/\/www.korhanyilmaz.com\/index.php?rest_route=\/wp\/v2\/posts\/16155","targetHints":{"allow":["GET"]}}],"collection":[{"href":"http:\/\/www.korhanyilmaz.com\/index.php?rest_route=\/wp\/v2\/posts"}],"about":[{"href":"http:\/\/www.korhanyilmaz.com\/index.php?rest_route=\/wp\/v2\/types\/post"}],"author":[{"embeddable":true,"href":"http:\/\/www.korhanyilmaz.com\/index.php?rest_route=\/wp\/v2\/users\/1"}],"replies":[{"embeddable":true,"href":"http:\/\/www.korhanyilmaz.com\/index.php?rest_route=%2Fwp%2Fv2%2Fcomments&post=16155"}],"version-history":[{"count":0,"href":"http:\/\/www.korhanyilmaz.com\/index.php?rest_route=\/wp\/v2\/posts\/16155\/revisions"}],"wp:attachment":[{"href":"http:\/\/www.korhanyilmaz.com\/index.php?rest_route=%2Fwp%2Fv2%2Fmedia&parent=16155"}],"wp:term":[{"taxonomy":"category","embeddable":true,"href":"http:\/\/www.korhanyilmaz.com\/index.php?rest_route=%2Fwp%2Fv2%2Fcategories&post=16155"},{"taxonomy":"post_tag","embeddable":true,"href":"http:\/\/www.korhanyilmaz.com\/index.php?rest_route=%2Fwp%2Fv2%2Ftags&post=16155"}],"curies":[{"name":"wp","href":"https:\/\/api.w.org\/{rel}","templated":true}]}}