{"id":16149,"date":"2009-10-28T14:12:10","date_gmt":"2009-10-28T12:12:10","guid":{"rendered":"http:\/\/www.korhanyilmaz.com\/?p=16149"},"modified":"2009-10-28T14:12:10","modified_gmt":"2009-10-28T12:12:10","slug":"erdogan-gokten-ne-yagar-ki-yer-kabul-etmez","status":"publish","type":"post","link":"http:\/\/www.korhanyilmaz.com\/?p=16149","title":{"rendered":"Erdo\u011fan: &#8216;G\u00f6kten ne ya\u011far ki yer kabul etmez&#8217;"},"content":{"rendered":"<p style=\"text-align: center;\"><a href=\"http:\/\/www.korhanyilmaz.com\/wp-content\/uploads\/2009\/10\/erdogan21.jpg\"  class=\"lightview\"><img loading=\"lazy\" decoding=\"async\" class=\"size-full wp-image-16150 aligncenter\" src=\"http:\/\/www.korhanyilmaz.com\/wp-content\/uploads\/2009\/10\/erdogan21.jpg\" alt=\"\" width=\"307\" height=\"236\" \/><\/a><\/p>\n<p style=\"text-align: justify;\">Ba\u015fbakan Recep Tayyip Erdo\u011fan, \u0130ran&#8217;\u0131 ziyaret sebebinin ABD-\u0130ran aras\u0131nda arabuluculuk yapmak olmad\u0131\u011f\u0131n\u0131, ana amac\u0131n ticari ili\u015fkileri geli\u015ftirmek oldu\u011funu s\u00f6yledi. Erdo\u011fan, bu durumu &#8220;g\u00f6kten ne ya\u011far ki, yer kabul etmez&#8221; s\u00f6zleriyle a\u00e7\u0131klad\u0131.<\/p>\n<p style=\"text-align: justify;\">Erdo\u011fan, &#8221;\u0130ki y\u0131l i\u00e7inde 1&#8217;e 6 neredeyse d\u0131\u015f ticaret hacmi artan iki \u00fclke durumunday\u0131z. Bunu da yeterli bulmad\u0131\u011f\u0131m\u0131z\u0131 s\u00f6yledik. 2011 sonu  itibar\u0131yla 20 milyar dolarl\u0131k bir hedef belirlemi\u015ftik. Say\u0131n Rahimi (Cumhurba\u015fkan\u0131 Birinci Yard\u0131mc\u0131s\u0131 Muhammed R\u0131za Rahimi) , &#8216;Niye 30 milyar dolar olmas\u0131n&#8217; diye yeni bir hedef belirledi. Biz de kendilerine, &#8216;G\u00f6kten ne ya\u011far ki, yer kabul etmez&#8217; dedik. Eyvallah. Bu ziyaretimizin ana esprisi budur&#8221; diye konu\u015ftu. <!--more--><\/p>\n<p style=\"text-align: justify;\">Ba\u015fbakan Erdo\u011fan, T\u00fcrkiye&#8217;nin Tahran B\u00fcy\u00fckel\u00e7ili\u011fi&#8217;nde T\u00fcrk ve yabanc\u0131 gazetecilerin kat\u0131l\u0131m\u0131yla bas\u0131n toplant\u0131s\u0131 d\u00fczenledi.<\/p>\n<p style=\"text-align: justify;\"><strong><em>&#8220;\u0130ran anahtar&#8221; <\/em><\/strong><\/p>\n<p style=\"text-align: justify;\">\u0130ran&#8217;\u0131n b\u00f6lgede stratejik co\u011frafi konumu, ekonomik ve be\u015feri potansiyeli ile b\u00f6lgesinde \u00f6nemli bir \u00fclke oldu\u011funu belirten Erdo\u011fan, &#8220;\u0130ran, yapacaklar\u0131 ve yapmayacaklar\u0131 ile bar\u0131\u015f ve istikrar\u0131n temini ve devam\u0131 bak\u0131m\u0131ndan her zaman anahtar bir konuma sahip olacakt\u0131r&#8221; dedi.<\/p>\n<p style=\"text-align: justify;\">T\u00fcrkiye ve \u0130ran&#8217;\u0131n b\u00f6lgenin en \u00f6nemli dengeleri oldu\u011funu ve bar\u0131\u015f i\u00e7in b\u00f6lgede yapacaklar\u0131 \u00e7ok \u015fey oldu\u011funu s\u00f6yleyen Erdo\u011fan, daha \u00e7ok barda\u011f\u0131n dolu taraf\u0131n\u0131 g\u00f6rmek gerekti\u011fini kaydetti.<\/p>\n<p style=\"text-align: justify;\">Erdo\u011fan, &#8220;Enerjimizi, zekam\u0131z\u0131, do\u011fal zenginliklerimizi ve maddi kaynaklar\u0131m\u0131z\u0131 insanl\u0131\u011f\u0131n huzuru ve sa\u011fl\u0131\u011f\u0131 i\u00e7in harcad\u0131\u011f\u0131m\u0131zda asl\u0131nda aram\u0131zdaki husumetleri de gidermi\u015f olaca\u011f\u0131z. 1638 y\u0131l\u0131nda Kasr\u0131\u015firin Antla\u015fmas\u0131 ile att\u0131\u011f\u0131m\u0131z dostluk s\u0131n\u0131r\u0131, 2009 y\u0131l\u0131na de\u011fin de\u011fi\u015fmedi. Belki de d\u00fcnyan\u0131n en uzun tarihli, de\u011fi\u015fmeyen s\u0131n\u0131r\u0131na sahibiz. Bu derin k\u00f6klere sahip dostlu\u011fumuzun daha nice uzun y\u0131llar devam etmesini arzu ediyoruz, bundan da ku\u015fkum yok&#8221; dedi.<\/p>\n<p style=\"text-align: justify;\"><strong><em>ABD ile arabuluculuk <\/em><\/strong><\/p>\n<p style=\"text-align: justify;\">\u0130ran&#8217;l\u0131 bir gazetecinin, &#8221;T\u00fcrkiye&#8217;den gelme sebebinizin, \u0130ran ile ABD aras\u0131nda ara buluculuk yapmak oldu\u011funa inan\u0131l\u0131yor. \u00c7\u00fcnk\u00fc buradan sonra ABD&#8217;ye ziyaretiniz olacak. \u0130ran-ABD ili\u015fkileri konusunda yap\u0131lmas\u0131 gereken bir plan var m\u0131?&#8221; sorusu \u00fczerine Erdo\u011fan, &#8221;\u0130ran&#8217;a ziyaretimiz, herhangi bir ara buluculuk d\u00fc\u015f\u00fcncesiyle de\u011fil&#8221; dedi.<\/p>\n<p style=\"text-align: justify;\"><em><strong>T\u00fcrkiye-\u0130srail <\/strong><\/em><\/p>\n<p style=\"text-align: justify;\">Ba\u015fbakan Erdo\u011fan, T\u00fcrkiye-\u0130srail ili\u015fkilerine ili\u015fkin bir soruya, &#8221;\u0130srail-T\u00fcrkiye ili\u015fkileri zaten malum ve hakkaniyet \u00f6l\u00e7\u00fcleri i\u00e7inde her zaman m\u00fcnasebetlerimizi devam ettiririz. Ama hi\u00e7 bir zaman T\u00fcrkiye&#8217;nin siyasi iradesi \u00fczerinde iradeyi kabul etmeyiz. T\u00fcrkiye kendi siyasi iradesini kendisi belirler ve bu istikamette de ad\u0131m\u0131n\u0131 atar&#8221; yan\u0131t\u0131n\u0131 verdi.<\/p>\n<p style=\"text-align: justify;\"><strong><em>\u0130ran&#8217;\u0131n n\u00fckleer silahlar\u0131 <\/em><\/strong><\/p>\n<p style=\"text-align: justify;\">Erdo\u011fan, \u0130ran&#8217;\u0131n n\u00fckleer silahlar\u0131 konusunda da, &#8221;\u00d6zellikle n\u00fckleer silahlar\u0131n yay\u0131lmas\u0131n\u0131n engellenmesi konusunda daimi \u00fcyelerin ilk ad\u0131mlar\u0131 atmas\u0131 gerekti\u011fini s\u00f6yledim, hepsinin huzurunda. Onlar bu ad\u0131mlar\u0131 atacak ki, n\u00fckleer silahlar\u0131n d\u00fcnyam\u0131zda yay\u0131lmas\u0131n\u0131 engelleme \u00e7al\u0131\u015fmalar\u0131 ilgi, ra\u011fbet g\u00f6rs\u00fcn. \u0130nsani ama\u00e7l\u0131 olarak n\u00fckleer enerjiyi kullanmak her \u00fclkenin en tabii, do\u011fal hakk\u0131d\u0131r. Bu \u0130ran&#8217;\u0131n da T\u00fcrkiye&#8217;nin de hakk\u0131d\u0131r&#8221; ifadesini kulland\u0131.<\/p>\n<p style=\"text-align: justify;\"><strong><em>Davos tavr\u0131 <\/em><\/strong><\/p>\n<p style=\"text-align: justify;\">Bir gazetecinin, &#8220;Davos&#8217;ta bir tart\u0131\u015fma s\u00f6z konusu oldu, oray\u0131 terk ettiniz. \u0130srail&#8217;in politikalar\u0131yla ilgili baz\u0131 ele\u015ftirileriniz oldu. Acaba bu bir d\u00f6n\u00fc\u015f m\u00fc? Bat\u0131&#8217;dan ayr\u0131l\u0131p b\u00f6lgeye y\u00f6nelmekle ilgili mi?&#8221; sorusuna, Erdo\u011fan \u015fu yan\u0131t\u0131 verdi:<\/p>\n<p style=\"text-align: justify;\">&#8220;Oradaki (Dovos&#8217;taki) olay spontane bir geli\u015fmedir. \u00d6nceden planlanm\u0131\u015f bir geli\u015fme de\u011fildir. Bizim oradaki bu tavr\u0131m\u0131z\u0131 Bat\u0131&#8217;ya kar\u015f\u0131 olmak gibi, de\u011ferlendirme ayr\u0131 bir yanl\u0131\u015ft\u0131r ve biz Bat\u0131&#8217;yla da Do\u011fu&#8217;yla da ili\u015fkilerini en iyi \u015fekilde devam ettirmenin gayreti i\u00e7erisinde olan bir \u00fclkeyiz. T\u00fcrkiye&#8217;nin bir y\u00fcz\u00fc Bat\u0131&#8217;ya bak\u0131yor, bir y\u00fcz\u00fc Do\u011fu&#8217;ya bak\u0131yor. Biz, bir taraftan Bat\u0131&#8217;n\u0131n hem giri\u015fi, hem de Do\u011fu&#8217;dan gelip Bat\u0131&#8217;ya giri\u015f kap\u0131s\u0131y\u0131z. Do\u011fu&#8217;ya bakt\u0131\u011f\u0131m\u0131z zaman, bir taraftan Do\u011fu&#8217;ya giri\u015f ve Do\u011fu&#8217;dan da Bat\u0131&#8217;ya giri\u015finin ilk kap\u0131s\u0131y\u0131z. B\u00f6yle bir durum var.&#8221;<\/p>\n<p style=\"text-align: justify;\">Siyasi, askeri, ticari, k\u00fclt\u00fcrel her alanda Bat\u0131 ile de Do\u011fu ile de ili\u015fkileri s\u00fcrekli olarak geli\u015ftirmenin gayreti i\u00e7inde olduklar\u0131n\u0131 vurgulayan Erdo\u011fan, &#8220;Bunlardan bir tanesi bizlerin AB s\u00fcrecidir ve biz bu AB s\u00fcreci i\u00e7erisinde m\u00fczakereci bir \u00fclke konumunday\u0131z. Bunun yan\u0131nda NATO&#8217;nun \u00fcyesiyiz, bir\u00e7ok Bat\u0131l\u0131 \u00fclkelerle bir arada olan bir \u00fclkeyiz&#8230; Ve yap\u0131m\u0131z\u0131n demokratik, laik, sosyal bir hukuk devleti olarak zaten \u015fekillenmesinin neler ifade etti\u011fi zaten \u00e7ok a\u00e7\u0131k net ortad\u0131r. Ve biz bu vesileyle bundan sonraki s\u00fcreci de ayn\u0131 kararl\u0131l\u0131kla ayn\u0131 \u015fekilde devam ettiriyoruz. Herhangi bir olay bizim bir yerden kopup, bir yere varmam\u0131z gibi tan\u0131mlanmamal\u0131. Biz bug\u00fcne kadar s\u00fcreci nas\u0131l g\u00f6t\u00fcrd\u00fcysek bundan sonra da ayn\u0131 \u015fekilde g\u00f6t\u00fcr\u00fcce\u011fiz&#8221; dedi.<\/p>\n<p style=\"text-align: justify;\">&#8220;Menfaatlerimizi de bir tarafa atmam\u0131z m\u00fcmk\u00fcn de\u011fil&#8221; diyen Ba\u015fbakan, &#8220;\u00dclkemizin \u00e7\u0131karlar\u0131, menfaatleri de her zaman her yerde her \u015feyin de \u00f6n\u00fcndedir. \u00c7\u00fcnk\u00fc insan\u0131m\u0131z\u0131n refah d\u00fczeyini y\u00fckseltmenin gayreti i\u00e7erisinde olaca\u011f\u0131z&#8221; \u015feklinde konu\u015ftu.<\/p>\n<p style=\"text-align: justify;\"><span style=\"color: #888888;\">CNN T\u00dcRK<\/span><\/p>\n","protected":false},"excerpt":{"rendered":"<p style=\"text-align: center;\">\n<p style=\"text-align: justify;\">Ba\u015fbakan Recep Tayyip Erdo\u011fan, \u0130ran&#8217;\u0131 ziyaret sebebinin ABD-\u0130ran aras\u0131nda arabuluculuk yapmak olmad\u0131\u011f\u0131n\u0131, ana amac\u0131n ticari ili\u015fkileri geli\u015ftirmek oldu\u011funu s\u00f6yledi. Erdo\u011fan, bu durumu &#8220;g\u00f6kten ne ya\u011far ki, yer kabul etmez&#8221; s\u00f6zleriyle a\u00e7\u0131klad\u0131.<\/p>\n<p style=\"text-align: justify;\">Erdo\u011fan, &#8221;\u0130ki y\u0131l i\u00e7inde 1&#8217;e 6 neredeyse d\u0131\u015f ticaret hacmi artan iki \u00fclke durumunday\u0131z. Bunu da yeterli <\/p>\n","protected":false},"author":1,"featured_media":0,"comment_status":"open","ping_status":"closed","sticky":false,"template":"","format":"standard","meta":{"footnotes":""},"categories":[3],"tags":[],"class_list":["post-16149","post","type-post","status-publish","format-standard","hentry","category-dunya","odd"],"_links":{"self":[{"href":"http:\/\/www.korhanyilmaz.com\/index.php?rest_route=\/wp\/v2\/posts\/16149","targetHints":{"allow":["GET"]}}],"collection":[{"href":"http:\/\/www.korhanyilmaz.com\/index.php?rest_route=\/wp\/v2\/posts"}],"about":[{"href":"http:\/\/www.korhanyilmaz.com\/index.php?rest_route=\/wp\/v2\/types\/post"}],"author":[{"embeddable":true,"href":"http:\/\/www.korhanyilmaz.com\/index.php?rest_route=\/wp\/v2\/users\/1"}],"replies":[{"embeddable":true,"href":"http:\/\/www.korhanyilmaz.com\/index.php?rest_route=%2Fwp%2Fv2%2Fcomments&post=16149"}],"version-history":[{"count":0,"href":"http:\/\/www.korhanyilmaz.com\/index.php?rest_route=\/wp\/v2\/posts\/16149\/revisions"}],"wp:attachment":[{"href":"http:\/\/www.korhanyilmaz.com\/index.php?rest_route=%2Fwp%2Fv2%2Fmedia&parent=16149"}],"wp:term":[{"taxonomy":"category","embeddable":true,"href":"http:\/\/www.korhanyilmaz.com\/index.php?rest_route=%2Fwp%2Fv2%2Fcategories&post=16149"},{"taxonomy":"post_tag","embeddable":true,"href":"http:\/\/www.korhanyilmaz.com\/index.php?rest_route=%2Fwp%2Fv2%2Ftags&post=16149"}],"curies":[{"name":"wp","href":"https:\/\/api.w.org\/{rel}","templated":true}]}}