{"id":16144,"date":"2009-10-28T12:38:01","date_gmt":"2009-10-28T10:38:01","guid":{"rendered":"http:\/\/www.korhanyilmaz.com\/?p=16144"},"modified":"2009-10-28T12:38:01","modified_gmt":"2009-10-28T10:38:01","slug":"kurt-meselesi-surec-ve-hukumetlerin-vahim-hatalari","status":"publish","type":"post","link":"http:\/\/www.korhanyilmaz.com\/?p=16144","title":{"rendered":"K\u00fcrt Meselesi, S\u00fcre\u00e7 ve H\u00fck\u00fcmetlerin Vahim Hatalar\u0131"},"content":{"rendered":"<p style=\"text-align: justify;\"><a href=\"http:\/\/www.korhanyilmaz.com\/wp-content\/uploads\/2009\/10\/eralp.jpg\"  class=\"lightview\"><img loading=\"lazy\" decoding=\"async\" class=\"aligncenter size-full wp-image-16145\" src=\"http:\/\/www.korhanyilmaz.com\/wp-content\/uploads\/2009\/10\/eralp.jpg\" alt=\"\" width=\"307\" height=\"236\" \/><\/a><\/p>\n<div id=\"attachment_16146\" style=\"width: 118px\" class=\"wp-caption alignleft\"><img loading=\"lazy\" decoding=\"async\" aria-describedby=\"caption-attachment-16146\" class=\"size-full wp-image-16146\" style=\"margin-left: 10px; margin-right: 10px;\" title=\"Yal\u0131m Eralp - Emekli B\u00fcy\u00fckel\u00e7i - CNN T\u00dcRK Diplomasi Dan\u0131\u015fman\u0131\" src=\"http:\/\/www.korhanyilmaz.com\/wp-content\/uploads\/2009\/10\/yalimeralp.jpg\" alt=\"Yal\u0131m Eralp\" width=\"108\" height=\"115\" \/><p id=\"caption-attachment-16146\" class=\"wp-caption-text\">Yal\u0131m Eralp<\/p><\/div>\n<p style=\"text-align: justify;\">Kabul edelim ki &#8220;K\u00fcrt meselesini&#8221; H\u00fck\u00fcmetlerimiz ve kurumlar\u0131m\u0131z uzun s\u00fcredir ard\u0131 ard\u0131na yapt\u0131klar\u0131 yanl\u0131\u015flarla yaratt\u0131lar. Devlet uzunca bir s\u00fcre T\u00fcrkiye&#8217;de K\u00fcrt olmad\u0131\u011f\u0131n\u0131 iddia etti, K\u00fcrt kimli\u011fini tan\u0131mad\u0131. Kelimeyi telaffuz dahi yasakt\u0131. Ama komiklikler de olmuyor de\u011fildi. Kuzey Irak&#8217;takilere K\u00fcrt denilirken s\u0131n\u0131r\u0131 ge\u00e7ince K\u00fcrtlerin adeta yok olduklar\u0131n\u0131 varsay\u0131yorduk. Bu inkar s\u00fcrecini k\u0131saca g\u00f6rmek ve tabloyu ortaya \u00e7\u0131karmakta yarar var.<\/p>\n<p style=\"text-align: justify;\">Her \u015feyden \u00f6nce K\u00fcrt sorununun sorun olmas\u0131n\u0131 engelleyebilecek bir madde Lozan Antla\u015fmas\u0131nda vard\u0131. Az\u0131nl\u0131klar ile ilgili 37-44 \u00fcnc\u00fc maddeler aras\u0131nda bir tanesi \u00f6nem ta\u015f\u0131r. Bu maddelerin hepsi az\u0131nl\u0131k haklar\u0131ndan bahsederken bir tanesi her T\u00fcrk vatanda\u015f\u0131 diyordu. Maddeyi aynen hat\u0131rlamakta yarar var. <!--more-->Unutulan veya unutturulan 39\/ 4 maddesi \u015f\u00f6yle der: &#8220;Herhangi bir T\u00fcrk uyru\u011funun, gerek \u00f6zel gerekse ticaret ili\u015fkilerinde, din, bas\u0131n ya da her \u00e7e\u015fit yay\u0131n konular\u0131yla a\u00e7\u0131k toplant\u0131lar\u0131nda, diledi\u011fi bir dili kullanmas\u0131na kar\u015f\u0131 hi\u00e7bir k\u0131s\u0131tlama konulmayacakt\u0131r.&#8221; E\u011fer bu madde uygulansa idi etnik kimli\u011fe dil yoluyla yasak konmayacak ve belki de bug\u00fcn kar\u015f\u0131la\u015ft\u0131\u011f\u0131m\u0131z sorun bu denli b\u00fcy\u00fck olmayacakt\u0131. Tabloya ana hatlar\u0131 ile g\u00f6z atal\u0131m.<\/p>\n<p style=\"text-align: justify;\">K\u00fcrt sorunu ba\u015flang\u0131\u00e7ta T\u00fcrkiye&#8217;de isyanlar dolay\u0131s\u0131yla tart\u0131\u015f\u0131ld\u0131. Mecliste askeri harekata \u00f6nem veren &#8220;\u015fahin&#8221; \u0130n\u00f6n\u00fc ile sorunun sadece askeri boyutu olmad\u0131\u011f\u0131n\u0131 iddia eden &#8220;\u0131l\u0131ml\u0131&#8221; Fethi Okyar aras\u0131ndaki tart\u0131\u015fmay\u0131 hat\u0131rlayanlar vard\u0131r. O zamanlarda da farkl\u0131 yakla\u015f\u0131mlar mevcuttu.<\/p>\n<p style=\"text-align: justify;\"><strong><em>K\u00f6y ve kaza isimleri <\/em><\/strong><\/p>\n<p style=\"text-align: justify;\">1930&#8217;lu y\u0131llarda K\u00fcrt k\u00f6kenli vatanda\u015flar\u0131m\u0131z\u0131n \u00e7ocuklar\u0131na istedikleri isimleri vermeleri engellendi. K\u00f6y ve kaza isimleri tedricen 70&#8217;li y\u0131llara kadar de\u011fi\u015ftirildi; T\u00fcrk\u00e7ele\u015ftirildi. Kimse K\u00fcrt k\u00f6kenli oldu\u011funu s\u00f6yleyemez hale geldi. 1991 y\u0131l\u0131nda D\u0131\u015fi\u015fleri Bakan\u0131 olan Hikmet \u00c7etin bile K\u00fcrt k\u00f6kenli oldu\u011funun s\u00f6ylenmesinden pek ho\u015flanm\u0131yordu. Yeni bir ulus yaratma s\u00fcrecinde ba\u015flang\u0131\u00e7ta belki baz\u0131 k\u0131s\u0131tlamalar anla\u015f\u0131labilirdi. Ama a\u015f\u0131r\u0131ya gidildi ve zamanla ciddi bir kimlik inkar\u0131na d\u00f6n\u00fc\u015ft\u00fc. Bu dil yasa\u011f\u0131, doru\u011fa, 1980 darbesi sonunda &#8220;evlerde dahi K\u00fcrt\u00e7e konu\u015fmak&#8221; yasaklanarak ula\u015ft\u0131. Rahmetli Turgut \u00d6zal 1991 y\u0131l\u0131nda b\u00fcy\u00fck gayret sonunda bu yasa\u011f\u0131 kald\u0131rtt\u0131.<\/p>\n<p style=\"text-align: justify;\">1965 y\u0131l\u0131nda D\u0131\u015fi\u015fleri Bakanl\u0131\u011f\u0131, Ankara&#8217;daki diplomatik \u00e7evrelerden G\u00fcneydo\u011fu kayn\u0131yor haberleri duyunca b\u00f6lgeye gizlice \u00fc\u00e7 ki\u015filik bir heyet yollad\u0131. Heyet d\u00f6n\u00fc\u015fte haz\u0131rlad\u0131\u011f\u0131 raporda 20 y\u0131l i\u00e7inde isyan \u00e7\u0131kabilece\u011fini belirtiyordu. Tabii H\u00fck\u00fcmet raporu dikkate almad\u0131. Asl\u0131nda herkes sorunu biliyor ama bilmezlikten geliyordu. 80&#8217;li y\u0131llarda baz\u0131 \u00fcst d\u00fczey devlet g\u00f6revlileri &#8220;halk\u0131 uyand\u0131r\u0131r\u0131z&#8221; endi\u015fesi ile G\u00fcneydo\u011fuya yat\u0131r\u0131ma kar\u015f\u0131 \u00e7\u0131k\u0131yordu .<\/p>\n<p style=\"text-align: justify;\"><strong><em>PKK ter\u00f6r\u00fcn\u00fcn ba\u015flang\u0131c\u0131 <\/em><\/strong><\/p>\n<p style=\"text-align: justify;\">Ve de PKK ter\u00f6r\u00fc 1984 y\u0131l\u0131nda ba\u015flad\u0131. 1965 raporunu daktilo eden( sekreterlere K\u00fcrt kelimesi ge\u00e7ti\u011finden raporun daktilosu yapt\u0131r\u0131lam\u0131yordu) ki\u015fi olarak \u015fa\u015f\u0131rmad\u0131m. 1988 y\u0131l\u0131nda hala yurt d\u0131\u015f\u0131ndaki B\u00fcy\u00fckel\u00e7ilerden bulunduklar\u0131 \u00fclke makamlar\u0131na K\u00fcrt kelimesinin &#8220;kart kurttan&#8221; geldi\u011finin izah edilmesi isteniyordu. Demirel 1991 y\u0131l\u0131nda Ba\u015fbakan olunca K\u00fcrt kimli\u011fini tan\u0131d\u0131 ama sonradan nedense a\u011fz\u0131na almad\u0131.<\/p>\n<p style=\"text-align: justify;\"><strong><em>\u00c7iller&#8217;e dan\u0131\u015fmanken&#8230; <\/em><\/strong><\/p>\n<p style=\"text-align: justify;\">1993 y\u0131l\u0131nda Ba\u015fbakan \u00c7iller&#8217;e dan\u0131\u015fman oldu\u011fum zaman kendisine \u015funu s\u00f6yledim: Bu mesele bir partinin meselesi olamaz; TBMM&#8217;nin i\u015fidir. Meclis&#8217;te bir komisyon kurdurun ve de b\u00f6lgede \u00e7al\u0131\u015fan b\u00fcrokratlar\u0131, b\u00f6lgenin se\u00e7ilmi\u015f \u015fah\u0131slar\u0131n\u0131 ve konu hakk\u0131nda bilgi sahiplerini komisyon dinleyip rapor haz\u0131rlas\u0131n ve TBMM Genel Kurulunda konu ele al\u0131ns\u0131n. Ba\u015fbakan konuyu Meclis Ba\u015fkan\u0131 Cindoruk&#8217;a g\u00f6t\u00fcrm\u00fc\u015f; Ba\u015fkan da Anayasaya ayk\u0131r\u0131 deyip reddetmi\u015f.Cindoruk&#8217;un tutumunu anlamak zor..<\/p>\n<p style=\"text-align: justify;\">1999 Temmuz ay\u0131nda \u0130stanbul&#8217;da yap\u0131lacak AG\u0130T zirvesi i\u00e7in Cumhurba\u015fkan\u0131 Demirel taraf\u0131ndan izahat vermek i\u00e7in kabul edildi\u011fimde devletin K\u00fcrt\u00e7e TV yapmas\u0131n\u0131n yanl\u0131\u015f olaca\u011f\u0131n\u0131 , T\u00fcrkiye&#8217;nin uluslararas\u0131 y\u00fck\u00fcml\u00fcl\u00fc\u011f\u00fcn\u00fcn k\u00fclt\u00fcrel kimlikler \u00f6n\u00fcndeki engelleri kald\u0131rmak oldu\u011funu, bu t\u00fcr i\u015fleri devletin yapmas\u0131na gerek olmad\u0131\u011f\u0131n\u0131 , yerel \u00f6zel TV&#8217;lerin K\u00fcrt\u00e7e yay\u0131n\u0131na izin verilmesinin en uygun yol olaca\u011f\u0131n\u0131 anlatt\u0131m. Cumhurba\u015fkan\u0131 konuyu zaman\u0131n Genelkurmay Ba\u015fkan\u0131na taraf\u0131mdan anlat\u0131lmas\u0131n\u0131 istedi. Anlatt\u0131m. Genelkurmay Ba\u015fkan\u0131 Kuzey Irak&#8217;ta bir TV kurdurulmakta oldu\u011funu s\u00f6yleyince bunun kula\u011f\u0131 tersten g\u00f6stermek oldu\u011funu belirttim.Devletin k\u00fclt\u00fcrel kimlikler \u00f6n\u00fcndeki engelleri kald\u0131rmas\u0131 gerekti\u011fi hala anla\u015f\u0131lamam\u0131\u015ft\u0131..<\/p>\n<p style=\"text-align: justify;\"><strong><em>K\u00fcrt\u00e7e gazete ve dergiler <\/em><\/strong><\/p>\n<p style=\"text-align: justify;\">Ancak, bu arada T\u00fcrkiye&#8217;de K\u00fcrt\u00e7e gazete ve dergiler de \u00e7\u0131kmaya ba\u015flad\u0131. Bunda Turgut \u00d6zal&#8217;\u0131n b\u00fcy\u00fck gayreti vard\u0131r. H\u00fck\u00fcmet de bunun, d\u0131\u015f d\u00fcnyada yasaklar konusundaki tepkilere cevaben, d\u0131\u015f d\u00fcnyaya anlat\u0131lmas\u0131n\u0131 istiyordu. Tam bunu Avrupa G\u00fcvenlik ve \u0130\u015fbirli\u011fi \u00d6rg\u00fct\u00fcne anlatacakken o s\u0131rada Ba\u015fbakan rahmetli Ecevit K\u00fcrt\u00e7e diye bir dil olmad\u0131\u011f\u0131n\u0131 ilan etti. Dil yoksa gazete nas\u0131l \u00e7\u0131k\u0131yordu! \u00c7eli\u015fkiler devam etti.<\/p>\n<p style=\"text-align: justify;\"><strong><em>Aspirin ile halledilebilecekken&#8230; <\/em><\/strong><\/p>\n<p style=\"text-align: justify;\">Tablo yukar\u0131daki gibidir. Temel haklar\u0131n ciddi bi\u00e7imde tan\u0131nmas\u0131 yoluyla halledilecek mesele, tabir caizse aspirin veya antibiyotik ile halledilebilecekken &#8220;hasta&#8221; adeta ameliyat masas\u0131na yat\u0131r\u0131lm\u0131\u015ft\u0131r&#8230;<\/p>\n<p style=\"text-align: justify;\">K\u00fcrt kelimesinin daha serbest\u00e7e kullan\u0131lmaya ba\u015fland\u0131\u011f\u0131 1990&#8217;l\u0131 y\u0131llarda hemen b\u00fct\u00fcn Ba\u015fbakan ve Bakanlar iki vahim hataya imza atm\u0131\u015flard\u0131r. Birincisi K\u00fcrtler asli unsurdur s\u00f6z\u00fc. Bu ne demek! T\u00fcrkiye&#8217;de tali unsurlar da m\u0131 var; varsa kimler? \u00dclkenin vatanda\u015flar\u0131 aras\u0131nda ortak noktan\u0131n e\u015fit vatanda\u015fl\u0131k oldu\u011funu belirtip vatanda\u015flar\u0131 asli-tali unsur diye ay\u0131rman\u0131n ciddi bir \u00e7eli\u015fki oldu\u011funu g\u00f6remediler. Asli unsur s\u00f6z\u00fcn\u00fc duyan baz\u0131 K\u00fcrt liderler de belirli bir otonomiye dayanan 1921 Anayasas\u0131na d\u00f6n\u00fclmesini istediler. K\u00fcrtlerin T\u00fcrkler ile beraber zikredilmesini istemeye ba\u015flad\u0131lar. Ayr\u0131ca, K\u00fcrt\u00e7enin de resmi dil olmas\u0131n\u0131 istiyorlard\u0131. \u015eimdi ise \u00f6nde gelen K\u00fcrt k\u00f6kenli liderler buna Anayasal g\u00fcvenceler diyor. D\u00fc\u015f\u00fcnmeden sarf edilen ve K\u00fcrtlerin az\u0131nl\u0131k olmad\u0131\u011f\u0131n\u0131 g\u00f6stermeye \u00e7al\u0131\u015fan &#8220;asli unsur&#8221; s\u00f6z\u00fc bir yerlere \u00e7ekilmeye ba\u015fland\u0131.<\/p>\n<p style=\"text-align: justify;\">Ba\u015fbakanlar\u0131n ikinci ortak hatas\u0131 &#8220;ter\u00f6r bitsin haklar\u0131 tan\u0131yal\u0131m&#8221; \u015feklinde \u00f6zetlenebilecek yakla\u015f\u0131mlar\u0131d\u0131r. Bu yakla\u015f\u0131m belki yukar\u0131daki hatadan da daha vahimdir. Semantik gibi g\u00f6r\u00fcnen, ancak i\u015fin \u00f6z\u00fcn\u00fc te\u015fkil eden bu meseleyi a\u00e7\u0131klamak gerekir. Mevcut H\u00fck\u00fcmet de &#8220;a\u00e7\u0131l\u0131m&#8221; a isim verme konusunda zorlanm\u0131\u015ft\u0131r. Evvela K\u00fcrt a\u00e7\u0131l\u0131m\u0131, sonra demokratik a\u00e7\u0131l\u0131m, daha sonra da Milli Birlik projesi denmi\u015ftir. Bu H\u00fck\u00fcmetin yakla\u015f\u0131m\u0131 ter\u00f6r biterken ona paralel olarak haklar\u0131 tan\u0131yal\u0131m s\u00fcrecidir. Ba\u015fbakan Yard\u0131mc\u0131s\u0131 Ar\u0131n\u00e7&#8217;\u0131n ifadesi ile ac\u0131 ilac\u0131 i\u00e7elim deniyor. Bu t\u00fcr beyanlar ise \u00d6calan&#8217;\u0131 cesaretlendiriyor.<\/p>\n<p style=\"text-align: justify;\"><strong><em>Pazarl\u0131k konusu olamaz <\/em><\/strong><\/p>\n<p style=\"text-align: justify;\">Temel haklar\u0131n par\u00e7as\u0131 olan k\u00fclt\u00fcrel kimlik haklar\u0131 g\u00fcn\u00fcm\u00fczde pazarl\u0131k konusu olamaz. Herkesin ana dilini \u00f6\u011frenmesi, \u00e7ocu\u011funa istedi\u011fi ismi vermesi, k\u00f6y ve kasabalar\u0131n asli isimlerine kavu\u015fmalar\u0131, liselerde se\u00e7meli K\u00fcrt\u00e7e dersi, \u00fcniversitelerde K\u00fcrt dili k\u00fcrs\u00fcleri kurulmas\u0131 gibi durumlar Anayasa de\u011fi\u015fikli\u011fi gerektirmiyor. &#8220;Ben bu haklar\u0131 bir s\u00fcre\u00e7 i\u00e7inde verece\u011fim; ama ter\u00f6r de bu arada son bulsun&#8221; derseniz \u0130mral\u0131 ile dolayl\u0131 pazarl\u0131\u011fa girmi\u015f g\u00f6r\u00fcnt\u00fcs\u00fc verirsiniz. Ter\u00f6r devam etse de temel haklar verilmelidir ve bir \u015farta ba\u011flanmamal\u0131d\u0131r. Asl\u0131nda yap\u0131lmas\u0131 d\u00fc\u015f\u00fcn\u00fclenler 1999 y\u0131l\u0131nda T\u00fcrkiye AB taraf\u0131ndan resmen aday ilan edilmesinden sonra Avrupa Birli\u011fince Kopenhag \u00f6l\u00e7\u00fctleri \u00e7er\u00e7evesinde T\u00fcrkiye&#8217;ye verilen yol haritas\u0131nda yer al\u0131yor. Etnik ve k\u00fclt\u00fcrel kimliklerin tan\u0131nmas\u0131 ve ona uygun tertiplerin uygulanmas\u0131 yol haritas\u0131nda mevcuttur. AB&#8217;nin demokratikle\u015fme gereklili\u011fi \u00e7er\u00e7evesinde bunlar yap\u0131lsa idi olmaz m\u0131 idi?<\/p>\n<p style=\"text-align: justify;\"><strong><em>D\u00fc\u015fman olu\u015fumla m\u00fczakere en zor i\u015f <\/em><\/strong><\/p>\n<p style=\"text-align: justify;\">Uluslararas\u0131 planda &#8220;d\u00fc\u015fman h\u00fck\u00fcmet veya olu\u015fumlar ile m\u00fczakere&#8221;, (negotiating with hostile governments or entities) en zor i\u015ftir. Ya do\u011frudan ya arac\u0131l\u0131 olur ve ister istemez bir uzla\u015f\u0131 gerektirir. T\u00fcrkiye Cumhuriyetinin bu konuda deneyimi yoktur. Bug\u00fcn Afganistan&#8217;da Taliban ile yap\u0131ld\u0131\u011f\u0131 anla\u015f\u0131lan m\u00fczakere bu t\u00fcr bir m\u00fczakeredir. \u0130ngiltere ter\u00f6r \u00f6rg\u00fct\u00fc IRA&#8217;n\u0131n siyasi kanad\u0131 olan Sein Fein arac\u0131l\u0131\u011f\u0131 ile IRA ile m\u00fczakere ederek bu s\u00fcre\u00e7ten ge\u00e7ti. \u0130ngilizler bu alanda deneyimlidir.<\/p>\n<p style=\"text-align: justify;\">Zira, s\u00f6m\u00fcrgeci bir ge\u00e7mi\u015fi vard\u0131r ve bulundu\u011fu yerlerde bunu yapm\u0131\u015ft\u0131r. \u0130spanya&#8217;n\u0131n ETA ile yapt\u0131\u011f\u0131 ise farkl\u0131 bir ge\u00e7mi\u015ften geliyor. Fa\u015fist Franco rejimi sonras\u0131 \u00f6zg\u00fcrl\u00fc\u011fe susam\u0131\u015f, uzla\u015f\u0131ya yatk\u0131n \u0130spanya&#8217;n\u0131n \u00f6n\u00fcnde Avrupa Birli\u011fi perspektifi yat\u0131yordu. Ve de kamuoyu uzla\u015f\u0131 istiyordu.<\/p>\n<p style=\"text-align: justify;\">Benzer bir s\u00fcre\u00e7 g\u00fc\u00e7l\u00fc bir kamuoyu beraberli\u011fi gerektirir. T\u00fcrkkamu oyunun, son zamanlarda g\u00f6r\u00fcld\u00fc\u011f\u00fc gibi buna haz\u0131r olmad\u0131\u011f\u0131 anla\u015f\u0131l\u0131yor. \u0130\u00e7i\u015fleri Bakan\u0131n\u0131n bir tak\u0131m ayd\u0131n ve yazarlarla g\u00f6r\u00fc\u015fmeler yapmas\u0131 yetmedi. Asl\u0131nda, bu g\u00f6r\u00fc\u015fmeler sonunda ne yap\u0131lmak isteniyor ku\u015fkular\u0131 ortaya \u00e7\u0131kt\u0131. Zira yap\u0131lmak istenenlerin Avrupa Birli\u011fi yol haritas\u0131ndan farkl\u0131 oldu\u011fu izlenimi belirdi. Hele Bakan\u0131n a\u00e7\u0131klamalar\u0131 yan\u0131 s\u0131ra \u0130mral\u0131&#8217;dan a\u00e7\u0131klamalar gelince DTP \u00fczerinden \u00d6calan&#8217;la g\u00f6r\u00fc\u015f\u00fcld\u00fc\u011f\u00fc \u015f\u00fcpheleri belirdi. \u00d6calan&#8217;\u0131n g\u00fcndemi ise H\u00fck\u00fcmetinkinden farkl\u0131 idi. \u00d6calan af ve siyasete girmeyi hedefliyordu. K\u0131sacas\u0131 birbiriyle uyumlu olmayan iki proje ortaya \u00e7\u0131kt\u0131 ve Habur&#8217;da, H\u00fck\u00fcmetin dahi k\u0131zd\u0131\u011f\u0131 g\u00f6r\u00fcnt\u00fcler meydana geldi. Asl\u0131nda bu ka\u00e7\u0131n\u0131lmazd\u0131; gelenler \u00d6calan&#8217;\u0131n yol haritas\u0131n\u0131 izliyordu. Analar\u0131n g\u00f6z ya\u015flar\u0131 dinsin, bu durum devam edemez denince \u00d6calan cesaretlendi. Haritay\u0131 kendisinin \u00e7izdi\u011fini a\u00e7\u0131klad\u0131.<\/p>\n<p style=\"text-align: justify;\"><strong><em>Ba\u015fbakan\u0131n yanl\u0131\u015f\u0131 <\/em><\/strong><\/p>\n<p style=\"text-align: justify;\">Ba\u015fbakan\u0131n k\u0131zarak da\u011fdan inenleri co\u015fku ile kar\u015f\u0131lamalar devam ederse sil ba\u015ftan yapar\u0131z demesi de yanl\u0131\u015f. \u0130\u015fin ba\u015f\u0131ndan beri do\u011frusu AB demokratikle\u015fme s\u00fcreci i\u00e7inde, ter\u00f6r biter mi bitmez mi tart\u0131\u015fmas\u0131 yapmadan, gerekeni TBMM i\u00e7inde yapmakt\u0131. Bu yap\u0131labilse idi \u00d6calan&#8217;\u0131n alt\u0131ndan hal\u0131 da bir \u00f6l\u00e7\u00fcde \u00e7ekilmi\u015f olurdu. Halbuki, verilen g\u00f6r\u00fcnt\u00fc, ter\u00f6r\u00fcn bitmesine paralel, haklar\u0131 veririz \u015feklinde olunca \u00d6calan&#8217;da haklar\u0131 s\u00f6ke s\u00f6ke alaca\u011f\u0131 hissi uyand\u0131. Bu da beraberinde kamu oyu tepkilerine yol a\u00e7t\u0131 . Ve de maalesef milli birlik yerine tehlikeli bir ayr\u0131\u015fma ortaya \u00e7\u0131kt\u0131. Bir yerlere Ba\u015fbakan geri d\u00f6necekse Avrupa Birli\u011fi yol haritas\u0131na d\u00f6n\u00fcp gerekeni yapmas\u0131 ve herhangi bir pazarl\u0131\u011fa girmemesi en do\u011frusudur.<\/p>\n<p style=\"text-align: justify;\">\u00d6zet: T\u00fcrkiye h\u00fck\u00fcmetler ge\u00e7mi\u015fte uzun s\u00fcre K\u00fcrtlerin varl\u0131\u011f\u0131n\u0131 dikkat almad\u0131lar ve hatta inkar ettiler. Ge\u00e7mi\u015fte k\u00fclt\u00fcrel haklar\u0131n tan\u0131nmas\u0131 ile halledilebilecek bir mesele bug\u00fcn adeta ameliyat\u0131 gerektirir oldu. H\u00fck\u00fcmetlerin ortak iki hatas\u0131ndan birincisi K\u00fcrtler \u00fclkenin asli unsurudur s\u00f6z\u00fcd\u00fcr. Sanki tali unsur varm\u0131\u015f gibi. \u0130kincisi de ter\u00f6r bitsin baz\u0131 haklar\u0131 tan\u0131r\u0131m politikas\u0131. Temel haklar pazarl\u0131k konusu olamaz.Bu ikinci hata \u00d6calan&#8217;\u0131 h\u00fck\u00fcmetinkine paralel ama onunla \u00e7at\u0131\u015fan kendi yol haritas\u0131n\u0131 a\u00e7\u0131klamaya cesaretlendirmi\u015ftir.D\u00fc\u015fman birimlerle m\u00fczakere kamu oyu beraberli\u011fi gerektirir ve \u0130ngiltere ve \u0130spanya&#8217;n\u0131n aksine T\u00fcrkiye&#8217;de bu yoktur.En do\u011fru yol AB&#8217;nin demokratikle\u015fme yol haritas\u0131na d\u00f6nmektir.<\/p>\n<p style=\"text-align: justify;\"><span style=\"color: #888888;\"><em>Yal\u0131m Eralp bu yaz\u0131y\u0131 \u0130stanbul K\u00fclt\u00fcr \u00dcniversitesi b\u00fcnyesindeki &#8220;Global Political Trends Center&#8221; i\u00e7in yazd\u0131.<\/em><\/span><\/p>\n<p style=\"text-align: justify;\"><span style=\"color: #888888;\">CNN T\u00dcRK<\/span><\/p>\n","protected":false},"excerpt":{"rendered":"<p style=\"text-align: justify;\">\n<p id=\"caption-attachment-16146\" class=\"wp-caption-text\">Yal\u0131m Eralp<\/p>\n<p style=\"text-align: justify;\">Kabul edelim ki &#8220;K\u00fcrt meselesini&#8221; H\u00fck\u00fcmetlerimiz ve kurumlar\u0131m\u0131z uzun s\u00fcredir ard\u0131 ard\u0131na yapt\u0131klar\u0131 yanl\u0131\u015flarla yaratt\u0131lar. Devlet uzunca bir s\u00fcre T\u00fcrkiye&#8217;de K\u00fcrt olmad\u0131\u011f\u0131n\u0131 iddia etti, K\u00fcrt kimli\u011fini tan\u0131mad\u0131. Kelimeyi telaffuz dahi yasakt\u0131. Ama komiklikler de olmuyor de\u011fildi. Kuzey Irak&#8217;takilere K\u00fcrt denilirken s\u0131n\u0131r\u0131 ge\u00e7ince K\u00fcrtlerin adeta yok olduklar\u0131n\u0131 <\/p>\n","protected":false},"author":1,"featured_media":0,"comment_status":"open","ping_status":"closed","sticky":false,"template":"","format":"standard","meta":{"footnotes":""},"categories":[16],"tags":[],"class_list":["post-16144","post","type-post","status-publish","format-standard","hentry","category-kose-yazilari","odd"],"_links":{"self":[{"href":"http:\/\/www.korhanyilmaz.com\/index.php?rest_route=\/wp\/v2\/posts\/16144","targetHints":{"allow":["GET"]}}],"collection":[{"href":"http:\/\/www.korhanyilmaz.com\/index.php?rest_route=\/wp\/v2\/posts"}],"about":[{"href":"http:\/\/www.korhanyilmaz.com\/index.php?rest_route=\/wp\/v2\/types\/post"}],"author":[{"embeddable":true,"href":"http:\/\/www.korhanyilmaz.com\/index.php?rest_route=\/wp\/v2\/users\/1"}],"replies":[{"embeddable":true,"href":"http:\/\/www.korhanyilmaz.com\/index.php?rest_route=%2Fwp%2Fv2%2Fcomments&post=16144"}],"version-history":[{"count":0,"href":"http:\/\/www.korhanyilmaz.com\/index.php?rest_route=\/wp\/v2\/posts\/16144\/revisions"}],"wp:attachment":[{"href":"http:\/\/www.korhanyilmaz.com\/index.php?rest_route=%2Fwp%2Fv2%2Fmedia&parent=16144"}],"wp:term":[{"taxonomy":"category","embeddable":true,"href":"http:\/\/www.korhanyilmaz.com\/index.php?rest_route=%2Fwp%2Fv2%2Fcategories&post=16144"},{"taxonomy":"post_tag","embeddable":true,"href":"http:\/\/www.korhanyilmaz.com\/index.php?rest_route=%2Fwp%2Fv2%2Ftags&post=16144"}],"curies":[{"name":"wp","href":"https:\/\/api.w.org\/{rel}","templated":true}]}}