{"id":16141,"date":"2009-10-27T11:56:09","date_gmt":"2009-10-27T09:56:09","guid":{"rendered":"http:\/\/www.korhanyilmaz.com\/?p=16141"},"modified":"2009-10-27T11:56:09","modified_gmt":"2009-10-27T09:56:09","slug":"16141","status":"publish","type":"post","link":"http:\/\/www.korhanyilmaz.com\/?p=16141","title":{"rendered":"Atalay: &#039;S\u00fcre\u00e7 devam ediyor, bu sadece ara&#039;"},"content":{"rendered":"<p style=\"text-align: center;\"><a href=\"http:\/\/www.korhanyilmaz.com\/wp-content\/uploads\/2009\/10\/atalay.jpg\"  class=\"lightview\"><img loading=\"lazy\" decoding=\"async\" class=\"aligncenter\" src=\"http:\/\/www.korhanyilmaz.com\/wp-content\/uploads\/2009\/10\/atalay.jpg\" alt=\"\" width=\"292\" height=\"204\" \/><\/a><\/p>\n<p style=\"text-align: justify;\">\u0130\u00e7i\u015fleri Bakan\u0131 Be\u015fir Atalay, &#8220;Demokratik A\u00e7\u0131l\u0131mla ilgili \u00e7al\u0131\u015fmalar\u0131n devam etti\u011fini&#8221; belirterek, &#8220;Bu geli\u015fleri erteliyoruz, da\u011fdan ini\u015fle ilgili, eve d\u00f6n\u00fc\u015fle ilgili konuya bir ara veriyoruz&#8221; dedi.<\/p>\n<p style=\"text-align: justify;\">TRT 1&#8217;deki &#8220;Enine Boyuna&#8221; program\u0131na kat\u0131lan Atalay, &#8220;Zor bir konunun \u00e7\u00f6z\u00fcm\u00fc i\u00e7in u\u011fra\u015ft\u0131klar\u0131n\u0131&#8221; ifade ederek, &#8220;10 y\u0131l \u00f6nce soruna \u00e7\u00f6z\u00fcm bulmak daha kolay olabilirdi. Bu f\u0131rsat iyi de\u011ferlendirilmezse bundan sonras\u0131 daha da zorla\u015facak tabii olarak&#8221; diye konu\u015ftu.<!--more--><\/p>\n<p style=\"text-align: justify;\">T\u00fcrkiye&#8217;nin d\u00fcnyan\u0131n en b\u00fcy\u00fck \u00fclkelerinden biri olmak i\u00e7in \u00f6nemli ad\u0131mlar att\u0131\u011f\u0131n\u0131 dile getiren Bakan Atalay, &#8220;Bu prangay\u0131 da e\u011fer aya\u011f\u0131ndan atabilirsek T\u00fcrkiye \u00e7ok \u00f6nemli bir s\u0131\u00e7rama yapacakt\u0131r&#8221; dedi.<\/p>\n<p style=\"text-align: justify;\">&#8220;Demokratik A\u00e7\u0131l\u0131m \u00e7al\u0131\u015fmalar\u0131n\u0131n yerli bir proje mi, yoksa d\u0131\u015fardan dayat\u0131lan bir proje mi oldu\u011fu&#8221; y\u00f6n\u00fcnde sorular bulundu\u011funun hat\u0131rlat\u0131lmas\u0131 \u00fczerine Atalay, bu t\u00fcr s\u00f6ylemlere &#8220;\u00fcz\u00fcld\u00fc\u011f\u00fcn\u00fc&#8221; belirtti.<\/p>\n<p style=\"text-align: justify;\">Atalay, &#8220;B\u00fcy\u00fck bir \u00f6zg\u00fcvenle sorunlar\u0131m\u0131z\u0131 ele al\u0131yoruz. T\u00fcrkiye kendine g\u00fcvenen kendini sorunlar\u0131n\u0131 \u00e7\u00f6zen bir duruma geliyor&#8221; diye konu\u015ftu.<\/p>\n<p style=\"text-align: justify;\">\u00c7al\u0131\u015fmalarda illegal yap\u0131lar\u0131 muhatap almalar\u0131n\u0131n s\u00f6z konusu olamayaca\u011f\u0131n\u0131 kaydeden Atalay, &#8220;\u00dclkemizin gelece\u011fi i\u00e7in vatanda\u015flar\u0131m\u0131z i\u00e7in bir sorunu \u00e7\u00f6zmeye \u00e7al\u0131\u015f\u0131yoruz. Bunun i\u00e7in de muhatab\u0131m\u0131z milletimizdir&#8221; dedi.<\/p>\n<p style=\"text-align: justify;\">\u0130\u00e7i\u015fleri Bakan\u0131 Be\u015fir Atalay, demokratik a\u00e7\u0131l\u0131m s\u00fcrecinde Mahmur Kamp\u0131&#8217;nda ya\u015fayanlar\u0131n T\u00fcrkiye&#8217;ye d\u00f6nmelerini de \u00f6ng\u00f6rd\u00fcklerini s\u00f6yledi.<\/p>\n<p style=\"text-align: justify;\">S\u00fcrecin en \u00f6nemli unsurunun silah b\u0131rak\u0131larak da\u011fdan inilmesi oldu\u011funu belirten Atalay, ter\u00f6ristlerin teslim olmas\u0131 s\u0131ras\u0131nda ya\u015fananlar\u0131n onaylanmas\u0131n\u0131n m\u00fcmk\u00fcn olmad\u0131\u011f\u0131n\u0131 s\u00f6yledi.<\/p>\n<p style=\"text-align: justify;\">&#8220;Bu geli\u015fleri erteliyoruz, da\u011fdan ini\u015fle ilgili, eve d\u00f6n\u00fc\u015fle ilgili konuya bir ara veriyoruz&#8221; diyen Atalay, &#8220;Bunu bir de\u011ferlendirece\u011fiz. \u00c7\u00fcnk\u00fc bunun istismar\u0131 oldu. Toplumumuzda bu hassasiyetler var. Toplumumuzun hassasiyetleri bizim i\u00e7in \u00f6nemli, bunlar\u0131 de\u011ferlendirece\u011fiz, ama bizim s\u00fcre\u00e7le ilgili Demokratik A\u00e7\u0131l\u0131m s\u00fcreci ile ilgili \u00e7al\u0131\u015fmalar\u0131m\u0131z devam ediyor. Uluslararas\u0131 boyutu devam ediyor. \u00d6n\u00fcm\u00fczdeki haftada D\u0131\u015fi\u015fleri Bakan\u0131m\u0131z\u0131n yine Irak seyahati olacak. Ba\u015fbakan\u0131m\u0131z\u0131n \u0130ran&#8217;da g\u00f6r\u00fc\u015fmeleri var. Orada yine bunlar g\u00fcndeme gelecek. T\u00fcrkiye b\u00f6lgede ger\u00e7ekten \u00e7ok ileri ad\u0131mlar at\u0131yor. Kom\u015fular\u0131m\u0131zla ili\u015fkiler T\u00fcrkiye&#8217;nin lehine oluyor. T\u00fcrkiye b\u00f6lgede giderek \u00f6nc\u00fc bir \u00fclke oluyor&#8221; dedi.<\/p>\n<p style=\"text-align: justify;\">Ter\u00f6ristlerin teslim olmas\u0131 s\u0131ras\u0131nda ya\u015fanan olaylara \u015fehit ailelerinin g\u00f6sterdi\u011fi tepkinin hat\u0131rlat\u0131lmas\u0131 \u00fczerine Atalay, parti olarak \u015fehitli\u011fin ne demek oldu\u011funu \u00e7ok iyi bildiklerini s\u00f6yledi.<\/p>\n<p style=\"text-align: justify;\">Atalay, &#8220;Bu s\u00fcrece ba\u015flad\u0131\u011f\u0131m\u0131zda \u015fehit ailelerinin g\u00f6n\u00fcllerini alan g\u00f6r\u00fc\u015fmelerimiz oldu. \u015eehitlerimiz bizim i\u00e7in \u00e7ok de\u011ferlidir. Onlar sayesinde bu ad\u0131mlar\u0131 at\u0131yoruz. Bunun bilincindeyiz. Biz, \u015funun i\u00e7in \u00e7al\u0131\u015f\u0131yoruz; daha fazla \u015fehidimiz olmas\u0131n. \u015eehit ailelerini anlay\u0131\u015fa davet ediyorum&#8221; diye konu\u015ftu.<\/p>\n<p style=\"text-align: justify;\"><span style=\"color: #888888;\">CNN T\u00dcRK<\/span><\/p>\n","protected":false},"excerpt":{"rendered":"<p style=\"text-align: center;\">\n<p style=\"text-align: justify;\">\u0130\u00e7i\u015fleri Bakan\u0131 Be\u015fir Atalay, &#8220;Demokratik A\u00e7\u0131l\u0131mla ilgili \u00e7al\u0131\u015fmalar\u0131n devam etti\u011fini&#8221; belirterek, &#8220;Bu geli\u015fleri erteliyoruz, da\u011fdan ini\u015fle ilgili, eve d\u00f6n\u00fc\u015fle ilgili konuya bir ara veriyoruz&#8221; dedi.<\/p>\n<p style=\"text-align: justify;\">TRT 1&#8217;deki &#8220;Enine Boyuna&#8221; program\u0131na kat\u0131lan Atalay, &#8220;Zor bir konunun \u00e7\u00f6z\u00fcm\u00fc i\u00e7in u\u011fra\u015ft\u0131klar\u0131n\u0131&#8221; ifade ederek, &#8220;10 y\u0131l \u00f6nce soruna \u00e7\u00f6z\u00fcm bulmak daha kolay <\/p>\n","protected":false},"author":1,"featured_media":0,"comment_status":"open","ping_status":"closed","sticky":false,"template":"","format":"standard","meta":{"footnotes":""},"categories":[105],"tags":[],"class_list":["post-16141","post","type-post","status-publish","format-standard","hentry","category-gundem","odd"],"_links":{"self":[{"href":"http:\/\/www.korhanyilmaz.com\/index.php?rest_route=\/wp\/v2\/posts\/16141","targetHints":{"allow":["GET"]}}],"collection":[{"href":"http:\/\/www.korhanyilmaz.com\/index.php?rest_route=\/wp\/v2\/posts"}],"about":[{"href":"http:\/\/www.korhanyilmaz.com\/index.php?rest_route=\/wp\/v2\/types\/post"}],"author":[{"embeddable":true,"href":"http:\/\/www.korhanyilmaz.com\/index.php?rest_route=\/wp\/v2\/users\/1"}],"replies":[{"embeddable":true,"href":"http:\/\/www.korhanyilmaz.com\/index.php?rest_route=%2Fwp%2Fv2%2Fcomments&post=16141"}],"version-history":[{"count":0,"href":"http:\/\/www.korhanyilmaz.com\/index.php?rest_route=\/wp\/v2\/posts\/16141\/revisions"}],"wp:attachment":[{"href":"http:\/\/www.korhanyilmaz.com\/index.php?rest_route=%2Fwp%2Fv2%2Fmedia&parent=16141"}],"wp:term":[{"taxonomy":"category","embeddable":true,"href":"http:\/\/www.korhanyilmaz.com\/index.php?rest_route=%2Fwp%2Fv2%2Fcategories&post=16141"},{"taxonomy":"post_tag","embeddable":true,"href":"http:\/\/www.korhanyilmaz.com\/index.php?rest_route=%2Fwp%2Fv2%2Ftags&post=16141"}],"curies":[{"name":"wp","href":"https:\/\/api.w.org\/{rel}","templated":true}]}}