{"id":16128,"date":"2009-10-27T13:20:17","date_gmt":"2009-10-27T11:20:17","guid":{"rendered":"http:\/\/www.korhanyilmaz.com\/?p=16128"},"modified":"2009-10-27T13:20:17","modified_gmt":"2009-10-27T11:20:17","slug":"subayin-savciya-yolladigi-bir-belge-daha","status":"publish","type":"post","link":"http:\/\/www.korhanyilmaz.com\/?p=16128","title":{"rendered":"Subay\u0131n savc\u0131ya yollad\u0131\u011f\u0131 bir belge daha"},"content":{"rendered":"<p><a href=\"http:\/\/www.korhanyilmaz.com\/wp-content\/uploads\/2009\/10\/GKURMAY.jpg\"  class=\"lightview\"><img loading=\"lazy\" decoding=\"async\" class=\"aligncenter size-full wp-image-16129\" src=\"http:\/\/www.korhanyilmaz.com\/wp-content\/uploads\/2009\/10\/GKURMAY.jpg\" alt=\"\" width=\"292\" height=\"201\" \/><\/a><\/p>\n<p style=\"text-align: justify;\">AK Parti h\u00fck\u00fcmetini y\u0131kmak i\u00e7in haz\u0131rland\u0131\u011f\u0131 belirtilen &#8216;\u0130rticayla M\u00fccadele Eylem Plan\u0131&#8217;n\u0131n orijinal belgesiyle birlikte Ergenekon savc\u0131lar\u0131na g\u00f6nderilen eklerde yer alan &#8216;Bilgi Destek Plan\u0131&#8217;n\u0131n da ortaya \u00e7\u0131kt\u0131\u011f\u0131 belirtiliyor.<\/p>\n<p style=\"text-align: justify;\">Genelkurmay Ba\u015fkan\u0131 emriyle haz\u0131rland\u0131\u011f\u0131 belirtilen Korgeneral Nusret Ta\u015fdeler&#8217;in ad\u0131n\u0131n yer ald\u0131\u011f\u0131 &#8216;gizli&#8217; belgede &#8217;22 Temmuz se\u00e7imleri T\u00fcrkiye&#8217;nin \u0131l\u0131ml\u0131 \u0130slam&#8217;a d\u00f6n\u00fc\u015ft\u00fcr\u00fclmesi gayretleri bak\u0131m\u0131ndan bir milat&#8217; olarak nitelendiriliyor. <!--more--><\/p>\n<p style=\"text-align: justify;\">Belgede ayr\u0131ca, &#8216;AKP ve yanda\u015flar\u0131 f\u00fctursuz davranabilir&#8217; deniliyor.<\/p>\n<p style=\"text-align: justify;\">\u0130\u015fte Radikal gazetesinde yer alan Ertan K\u0131l\u0131\u00e7 imzal\u0131 haberin ayr\u0131nt\u0131lar\u0131&#8230;<\/p>\n<p style=\"text-align: justify;\">Bir subay\u0131n savc\u0131ya yollad\u0131\u011f\u0131 \u2018Bilgi Destek Plan\u0131\u2019n\u0131n tam metnini yay\u0131ml\u0131yoruz.<\/p>\n<p style=\"text-align: justify;\">AKP h\u00fck\u00fcmetini y\u0131kmak i\u00e7in haz\u0131rland\u0131\u011f\u0131 belirtilen \u2018\u0130rticayla M\u00fccadele Eylem Plan\u0131\u2019n\u0131n orijinal belgesiyle birlikte Ergenekon savc\u0131lar\u0131na g\u00f6nderilen eklerde yer alan \u2018Bilgi Destek Plan\u0131\u2019 da ortaya \u00e7\u0131kt\u0131.<\/p>\n<p style=\"text-align: justify;\">Korgeneral Nusret Ta\u015fdeler\u2019in ad\u0131n\u0131 ta\u015f\u0131yan Eyl\u00fcl 2007 tarihli be\u015f sayfal\u0131k belgede 22 Temmuz 2007 se\u00e7imleri sonras\u0131 T\u00fcrkiye\u2019nin durumuyla ilgili tespitler ve de\u011ferlendirmeler yer al\u0131yor. Son sayfas\u0131nda \u2018Genelkurmay Ba\u015fkan\u0131\u2019n\u0131n emriyle\u2019 ibaresi bulunan belgede, 22 Temmuz se\u00e7imlerinin \u2018T\u00fcrkiye\u2019nin \u0131l\u0131ml\u0131 \u0130slam\u2019a d\u00f6n\u00fc\u015ft\u00fcr\u00fclmesi gayretleri bak\u0131m\u0131ndan milat oldu\u011fu\u2019 \u00f6ne s\u00fcr\u00fcl\u00fcrken, T\u00fcrk Silahl\u0131 Kuvvetleri\u2019ne (TSK) duyulan g\u00fcvenin de azald\u0131\u011f\u0131 vurgulan\u0131yor. Ergenekon savc\u0131lar\u0131nda olan belgenin tam metni \u015f\u00f6yle:<\/p>\n<p style=\"text-align: justify;\"><strong><em>Genel Durum: <\/em><\/strong><\/p>\n<p style=\"text-align: justify;\"><strong><em>a. \u0130SLAM\u0130 GEL\u0130\u015eMELER:<\/em><\/strong><\/p>\n<p style=\"text-align: justify;\">1) Se\u00e7imler sonunda milliyet\u00e7ilik s\u00f6ylemleri ve politikalar\u0131n\u0131n darbe ald\u0131\u011f\u0131n\u0131 kabul etmek gerekmektedir. Se\u00e7im sonu\u00e7lar\u0131 \u0131l\u0131ml\u0131 \u0130slam\u2019\u0131n bir zaferi olarak kabul g\u00f6rmektedir. Bat\u0131n\u0131n \u0130slam kar\u015f\u0131tl\u0131\u011f\u0131n\u0131n bu kadar yayg\u0131n oldu\u011fu bir d\u00f6nemde, \u0130slamist-\u0130slamc\u0131 olarak niteledikleri bir h\u00fck\u00fcmeti bu derece desteklemeleri \u00f6zellikle dikkat \u00e7ekicidir.<\/p>\n<p style=\"text-align: justify;\">2) Bat\u0131 taraf\u0131ndan radikal \u0130slam ile m\u00fccadele vas\u0131tas\u0131 \u0131l\u0131ml\u0131 \u0130slam olarak se\u00e7ilmi\u015ftir. Bu ama\u00e7la, \u00f6zellikle ABD bas\u0131n yay\u0131n organlar\u0131nda M\u00fcsl\u00fcman Karde\u015fler ve Hizbul Tahrir\u2019in ter\u00f6rist olmad\u0131klar\u0131 hatta Vahabiler\u2019in bile eskisi kadar \u015fiddet uygulamad\u0131klar\u0131 yolunda yaz\u0131lar yay\u0131mlanmakta, bu \u015fekilde, ter\u00f6r \u00f6rg\u00fctleri dahi \u0131l\u0131ml\u0131 \u0130slam saflar\u0131na \u00e7ekilmeye \u00e7al\u0131\u015f\u0131lmaktad\u0131r.<\/p>\n<p style=\"text-align: justify;\">3) The Economist dergisi; y\u0131llar boyu \u0130slam\u2019\u0131 d\u0131\u015far\u0131da tutan T\u00fcrkiye\u2019nin 10 y\u0131ldan fazla bir denemeden sonra, \u0130slam\u2019\u0131n uysalla\u015fm\u0131\u015f bir \u015feklinin d\u00f6n\u00fc\u015f\u00fcne izin vererek, AKP gibi \u0131l\u0131ml\u0131 bir partinin y\u00fckselmesine m\u00fcsaade etti\u011fini ve demokrasisini g\u00fc\u00e7lendirdi\u011fini savunmakta ve \u0130slam d\u00fcnyas\u0131n\u0131n bu durumdan ders \u00e7\u0131karmas\u0131n\u0131 ve \u00f6rnek almas\u0131n\u0131 tavsiye etmektedir. Benzer tavsiyeler \u00f6zellikle \u0130slam d\u00fcnyas\u0131ndaki bas\u0131n ve yay\u0131n organlar\u0131nda da yer almaktad\u0131r.<\/p>\n<p style=\"text-align: justify;\">4) Tepkiler, bu tavsiyenin tutuldu\u011funu g\u00f6stermektedir. \u00c7e\u015fitli yazar ve bas\u0131n-yay\u0131n organlar\u0131, AKP politikalar\u0131n\u0131n \u0130slam ile demokrasinin bir arada ya\u015fayabilece\u011fini g\u00f6sterdi\u011fini ileri s\u00fcrerek \u201cT\u00fcrkiye se\u00e7imlerinden \u00e7\u0131kar\u0131lacak en \u00f6nemli ders: Demokrasi, milliyet\u00e7ilik, laiklik, cumhuriyet\u00e7ilik, anayasalc\u0131l\u0131k, istikrar, refah ve \u0130slam\u2019\u0131n, ortak bir s\u00fcre\u00e7 i\u00e7inde birle\u015fmesinin m\u00fcmk\u00fcn olmas\u0131d\u0131r\u201d yorumunu getirirken, HAMAS, olaya ba\u015fka bir a\u00e7\u0131dan yakla\u015farak, \u201cAKP\u2019nin kazand\u0131\u011f\u0131 zafer, insanlar\u0131n \u0130slam\u0131 ideallere geri d\u00f6n\u00fc\u015flerinin bir g\u00f6stergisi\u201d oldu\u011funu ileri s\u00fcrmektedir. Ba\u015fka bir g\u00f6r\u00fc\u015f de 22 Temmuz se\u00e7imlerinde Avrupa ile ekonomik entegrasyonunu sa\u011flamaya \u00e7al\u0131\u015fan T\u00fcrkiye\u2019nin siyasi ve sosyal y\u00f6nden Asya\u2019y\u0131 tercih etti\u011fi yolundad\u0131r. T\u00fcrkiye\u2019nin \u00fcstlendi\u011fi bu \u2018\u0130slami Demokrasi\u2019 modelinin daha da yayg\u0131nla\u015fmas\u0131n\u0131n, \u00fclkemizin \u00f6zellikle Bat\u0131 ile ili\u015fkilerinin ne \u015fekilde etkileyece\u011fi \u00f6nem arz etmektedir.<\/p>\n<p style=\"text-align: justify;\">5) T\u00fcrkiye\u2019de \u0131l\u0131ml\u0131 \u0130slam\u2019\u0131 ger\u00e7ekle\u015ftirmek isteyenler ama\u00e7lar\u0131na ula\u015fm\u0131\u015flar, T\u00fcrkiye, M\u00fcsl\u00fcman \u00fclkeler i\u00e7in \u2018bir model\u2019 olarak g\u00f6r\u00fclmeye ba\u015flanm\u0131\u015ft\u0131r. Bu e\u011filimi ve \u2018\u0130slami Demokrasi\u2019 ba\u011flam\u0131nda kazan\u0131lm\u0131\u015f olan ivmeyi, halen gelmi\u015f oldu\u011fu noktadan \u00e7evirmenin son derece zor oldu\u011fu a\u00e7\u0131kt\u0131r.<\/p>\n<p style=\"text-align: justify;\">6) 22 Temmuz se\u00e7imlerinin bu nedenle T\u00fcrkiye\u2019nin \u0131l\u0131ml\u0131 \u0130slam\u2019a d\u00f6n\u00fc\u015ft\u00fcr\u00fclmesi gayretleri bak\u0131m\u0131ndan bir milat oldu\u011fu ve 22 Temmuz\u2019da kazan\u0131lm\u0131\u015f olan ba\u015far\u0131n\u0131n verdi\u011fi cesaretle AKP\u2019yi ve destek\u00e7ilerini daha f\u00fctursuz ve c\u00fcretk\u00e2r davranmaya y\u00f6neltebilecek din eksenli yeni bir d\u00f6nemin \u00f6tesinde cumhuriyetin ve milletimizin temel de\u011ferlerlerinin a\u015f\u0131nd\u0131r\u0131lmas\u0131na y\u00f6nelik bir s\u00fcreci ba\u015flatma tehlikesini ortaya \u00e7\u0131kard\u0131\u011f\u0131n\u0131 da s\u00f6ylemek m\u00fcmk\u00fcnd\u00fcr.<\/p>\n<p style=\"text-align: justify;\">7) Nitekim gerek i\u00e7erde ve gerekse d\u0131\u015far\u0131da T\u00fcrkiye\u2019nin giderek daha fazla din k\u0131skac\u0131na al\u0131nd\u0131\u011f\u0131na dikkat \u00e7ekilerek, mevcut h\u00fck\u00fcmetin bundan sonra esas olarak kendi taban\u0131ndan gelecek a\u015f\u0131r\u0131 isteklerle u\u011fra\u015faca\u011f\u0131 ve as\u0131l krizlerin AKP\u2019nin kendi i\u00e7inde kaynaklanaca\u011f\u0131 dile getirilmektedir. Se\u00e7imlerden hemen sonraki \u2018sivil anayasa\u2019 ve \u2018Atat\u00fcrk\u00e7\u00fcl\u00fc\u011fe anayasada yer olup olmad\u0131\u011f\u0131\u2019 tart\u0131\u015fmalar\u0131, yeni anayasan\u0131n t\u00fcrbana kilitlenmesi, Y\u00fcksek Askeri \u015eura (YA\u015e) kararlar\u0131n\u0131n yarg\u0131 denetimine a\u00e7\u0131lmas\u0131 bu sanc\u0131l\u0131 d\u00f6nemin ve s\u00fcrecin ilk i\u015faretlerini vermektedir.<\/p>\n<p style=\"text-align: justify;\">8 ) 22 Temmuz se\u00e7imleri, ayr\u0131ca \u0131l\u0131ml\u0131 \u0130slam\u2019\u0131n kazan\u00e7lar\u0131 ile bitti denilen B\u00fcy\u00fck Ortado\u011fu Projesi\u2019nin tekrar canlanmas\u0131n\u0131 sa\u011flam\u0131\u015f, T\u00fcrkiye\u2019ye bi\u00e7ilen \u2018yeni Osmanl\u0131\u2019 rol\u00fcn\u00fcn yeniden g\u00fcndeme getirilmesine yol a\u00e7m\u0131\u015ft\u0131r. Ulu \u00f6nder Atat\u00fcrk\u2019\u00fcn \u00f6zverili, planl\u0131 ve bilin\u00e7li gayretleri sonucu cumhuriyetin kurulmas\u0131 ile birlikte ba\u015flayan \u2018\u00c7a\u011fda\u015fla\u015fma, Ayd\u0131nlanma ve K\u00fclt\u00fcrel De\u011fi\u015fim S\u00fcreci\u2019, mevcut iktidar ve irticai kesimlerinin i\u015fbirli\u011fi sonucu, \u00e7e\u015fitli uzman ve bilim adamlar\u0131 taraf\u0131ndan I\u0131l\u0131ml\u0131 \u0130slam, Yeni Osmanl\u0131c\u0131l\u0131k ve K\u00fclt\u00fcrel Geri D\u00f6n\u00fc\u015f\u00fcm S\u00fcreci\u2019 veya \u2018Kar\u015f\u0131 Devrim S\u00fcreci\u2019 olarak ifade edilen bir hareketle durdurulmu\u015f ve etkisiz k\u0131l\u0131nm\u0131\u015f. Cumhuriyet\u2019in de\u011ferleri ve kazan\u0131mlar\u0131 hedef al\u0131nmaya ba\u015flanm\u0131\u015ft\u0131r.<\/p>\n<p style=\"text-align: justify;\">9) Ba\u015fbakan\u2019a yap\u0131lan b\u00fct\u00fcn telkinlere ra\u011fmen Abdullah G\u00fcl Cumhurba\u015fkan\u0131 se\u00e7ilmi\u015ftir. Bu durumu parti i\u00e7i dengelerin ve partinin prestijinin korunmas\u0131n\u0131n bir gere\u011fi olarak g\u00f6rmek m\u00fcmk\u00fcn olsa da G\u00fcl\u2019\u00fcn cumhurba\u015fkanl\u0131\u011f\u0131n\u0131n yarataca\u011f\u0131 s\u0131k\u0131nt\u0131lar\u0131 sineye \u00e7ekmeye ve g\u00f6\u011f\u00fcslemeye de haz\u0131r olduklar\u0131 \u015feklinde anlamak gerekmektedir.<\/p>\n<p style=\"text-align: justify;\">10) \u0130\u00e7 ve d\u0131\u015f tepkiler, G\u00fcl\u2019\u00fcn cumhurba\u015fkanl\u0131\u011f\u0131n\u0131n parlamenter demokrasinin normal bir uygulamas\u0131 oldu\u011fu y\u00f6n\u00fcndedir. Kamoyu ve medya t\u00fcrban\u0131 benimsemi\u015f g\u00f6r\u00fclmekte. Cumhurba\u015fkan\u0131, t\u00fcrban ve di\u011fer hassas konularda ba\u015flang\u0131\u00e7ta dikkatli davranm\u0131\u015f ise de yava\u015f yava\u015f t\u00fcrban\u0131n davetler, kar\u015f\u0131lama, u\u011furlama t\u00f6renleri vs. ile resmi mahaller ile g\u00fcnl\u00fck ya\u015fama girmeye ba\u015flad\u0131\u011f\u0131 g\u00f6r\u00fclmektedir. Zaten bir m\u00fcddetten beri esas kamusal alan olan TBMM\u2019de yap\u0131lan \u00e7e\u015fitli toplant\u0131larda t\u00fcrbanl\u0131 ve hatta \u00e7ar\u015fafl\u0131 han\u0131mlar boy g\u00f6stermektedir.<\/p>\n<p style=\"text-align: justify;\"><strong><em>b. DEMOKRAT\u0130K T\u00dcRK\u0130YE PART\u0130S\u0130 (DTP) \u0130LE \u0130LG\u0130L\u0130 HUSUSLAR:<\/em><\/strong><\/p>\n<p style=\"text-align: justify;\">1) DTP\u2019nin TBMM\u2019ye girmesi, T\u00fcrkiye demokrasisi i\u00e7in bir talihsizliktir. PKK\u2019y\u0131 karde\u015f ve hatta \u2018kendileri\u2019 ilan eden, ter\u00f6rist ba\u015f\u0131n\u0131n ya\u015fam ko\u015fullar\u0131n\u0131 TBMM\u2019ye ta\u015f\u0131yacaklar\u0131n\u0131 a\u00e7\u0131klayan bu ki\u015filerin; ge\u00e7mi\u015ften ders almad\u0131klar\u0131, ama\u00e7lar\u0131n\u0131n kendilerinden \u00f6ncekiler gibi demokratik bir platformda g\u00f6r\u00fc\u015flerini dile getirmek de\u011fil devletle kavga etmek oldu\u011fu daha ilk g\u00fcnden anla\u015f\u0131lm\u0131\u015ft\u0131r.<\/p>\n<p style=\"text-align: justify;\">2) DTP\u2019nin kendi i\u00e7inde ve DTP-\u0130mral\u0131-G\u00fcneydo\u011fu-Kandil-K.Irak denkleminde, istismara m\u00fcsait \u00f6nemli fikir ayr\u0131l\u0131klar\u0131ndan kaynaklanan \u00e7at\u0131rdamalar oldu\u011fu g\u00f6r\u00fclmektedir.<\/p>\n<p style=\"text-align: justify;\">3) \u0130\u00e7 ve d\u0131\u015f kamuoyunda DTP\u2019nin meclise girmesinin \u2018K\u00fcrt sorununun \u00e7\u00f6z\u00fclmesi\u2019 bak\u0131m\u0131ndan \u00f6nemli bir f\u0131rsat oldu\u011fu yolunda g\u00f6r\u00fc\u015fler \u00e7o\u011falmaktad\u0131r. Diyarbak\u0131r Sur Belediye Ba\u015fkan\u0131\u2019n\u0131n g\u00f6revden al\u0131nmas\u0131na Avrupa Yerel ve B\u00f6lgesel Y\u00f6netimler Kongresi\u2019nin g\u00f6sterdi\u011fi tepkiden, Avrupa Birli\u011fi (AB)\u2019nin K\u00fcrtlerin hamili\u011fine devam edece\u011fi anla\u015f\u0131lmaktad\u0131r. Ayr\u0131ca kas\u0131m ay\u0131nda yay\u0131mlanacak AB \u0130lerleme Raporu \u00f6ncesi DTP\u2019nin taleplerini artt\u0131rarak kriz ve gerginlik yaratmaya \u00e7al\u0131\u015faca\u011f\u0131 ve bu s\u00fcretle T\u00fcrkiye \u00fczerindeki AB bask\u0131s\u0131n\u0131 art\u0131rmay\u0131 hedefleyece\u011fi tahmin edilmektedir.<\/p>\n<p style=\"text-align: justify;\"><strong><em>c. T\u00dcRK S\u0130LAHLI KUVVETLER\u0130 (TSK)\u2019NE DESTEK:<\/em><\/strong><\/p>\n<p style=\"text-align: justify;\">1) TSK\u2019n\u0131n i\u015fbirli\u011fi yapabilece\u011fi kurum ve kurulu\u015flar azalmaktad\u0131r. Bas\u0131n, i\u015f d\u00fcnyas\u0131, sendikalar, \u00fcniversitelerin bir k\u0131sm\u0131, Sivil Toplum \u00d6rg\u00fctleri (ST\u00d6), hatta kamuoyunun bir k\u0131sm\u0131 art\u0131k TSK\u2019n\u0131n yan\u0131nda de\u011fildir. Buna ra\u011fmen yeni anayasa tasla\u011f\u0131n\u0131n temel felsefesine ve \u00f6zellikle de laikli\u011fin a\u015f\u0131nd\u0131r\u0131lmas\u0131na baz\u0131 ST\u00d6\u2019lerin g\u00f6sterdikleri tepkilerden istifade ile, g\u00f6r\u00fc\u015fleri TSK ile \u00f6rt\u00fc\u015fen konularda i\u015fbirli\u011fi yapayap\u0131labilme imk\u00e2nlar\u0131 aranmal\u0131d\u0131r.<\/p>\n<p style=\"text-align: justify;\">2) Dini a\u011f\u0131rl\u0131kl\u0131 TV kanallar\u0131nda ve yaz\u0131l\u0131 bas\u0131nda asker, \u015fehit ve gaziler ile programlar d\u00fczenlenmekte, \u015fehit aileleri ve gazilere iftar yemekleri verilmekte, evlerine ramazan paketleri g\u00f6nderilmektedir. Burada verilmeye \u00e7al\u0131\u015f\u0131lan mesaj \u2018Peygamberler oca\u011f\u0131\u2019 olan ordunun halk\u0131n ordusu oldu\u011fu ancak Genelkurmay Ba\u015fkanl\u0131\u011f\u0131 ve kuvvet komutanl\u0131klar\u0131ndan olu\u015fan komuta kademesinin halk\u0131n ordusu olmad\u0131\u011f\u0131d\u0131r. Ayn\u0131 ba\u011flamda Uzman \u00e7avu\u015f ve onba\u015f\u0131lar ile astsubaylar, yani gayri memnun z\u00fcmrenin \u00fczerine gidilmekte, bunlar\u0131n problemleri abart\u0131l\u0131 bir \u015fekilde kamuoyunun dikkatine getirilmektedir. TSK\u2019da gayri memnun bir z\u00fcmre yarat\u0131lmaya \u00e7al\u0131\u015f\u0131lmakta veya mevcut gayri memnunlar istismar edilmektedir. Ayr\u0131ca emekli veya muvazzaf TSK mensuplar\u0131n\u0131n kar\u0131\u015ft\u0131\u011f\u0131 olaylar TSK\u2019n\u0131n tamam\u0131na mal edilmeye \u00e7al\u0131\u015f\u0131lmakta, al\u0131nan ifadeler, nerede ise soru\u015fturmalar\u0131 naklen yay\u0131n ile takip edilir hale getirilmektedir.<\/p>\n<p style=\"text-align: justify;\"><strong><em>\u00e7. YEN\u0130 D\u00d6NEMDE T\u00dcRK S\u0130LAHLI KUVVETLER\u0130:<\/em><\/strong><\/p>\n<p style=\"text-align: justify;\">1) Yeni d\u00f6nemde TSK\u2019n\u0131n da yeni politikalar belirlemesi gerekmektedir.<\/p>\n<p style=\"text-align: justify;\">2) Her \u015feyden \u00f6nce, yeni \u015fartlar ortaya \u00e7\u0131karan ve yeni tedbir ve uygulamalar gerektiren bir d\u00f6nem i\u00e7inde oldu\u011fumuzu kabul etmek gerekmektedir. AKP\u2019nin TSK\u2019n\u0131n temel konulardaki hassasiyetlerini hatta itirazlar\u0131n\u0131 dahi dikkate almad\u0131\u011f\u0131, kendi bildi\u011fi yolda y\u00fcr\u00fcmeye devam etti\u011fi g\u00f6r\u00fclmektedir.<\/p>\n<p style=\"text-align: justify;\">3) Esas mesele, \u0131l\u0131ml\u0131 \u0130slam veya demok-ratik \u0130slam olarak nitelendirilen yeni devlet d\u00fczeni i\u00e7inde cumhuriyetin temel niteliklerine ba\u011fl\u0131 TSK\u2019n\u0131n, kendisine nas\u0131l bir yer bulabilece\u011fi ve burada nas\u0131l bar\u0131nabilece\u011fidir.<\/p>\n<p style=\"text-align: justify;\">4) TSK\u2019n\u0131n TBMM taraf\u0131ndan kurallara uygun olarak se\u00e7ilmi\u015f ve ger\u00e7ek niyeti bu olmasa da, devletin anayasada belirlenmi\u015f olan temel niteliklerine sahip \u00e7\u0131kaca\u011f\u0131n\u0131 a\u00e7\u0131k\u00e7a deklere etmi\u015f bir Cumhurba\u015fkan\u0131\u2019na kar\u015f\u0131 \u00e7\u0131kmak i\u00e7in ge\u00e7erli bir gerek\u00e7esi ve deste\u011fi bulunmamaktad\u0131r. Bu nedenle, devlet sisteminin i\u015flemesine, devlet terbiyemiz gere\u011fi, mani olmamak gerekti\u011fi d\u00fc\u015f\u00fcn\u00fclmektedir. Ancak se\u00e7im sonras\u0131n\u0131n se\u00e7imden daha fazla \u00f6nem arz etti\u011fi a\u00e7\u0131kt\u0131r. Kriz veya gerginlik ya\u015fan\u0131p ya\u015fanmayaca\u011f\u0131n\u0131 cumhurba\u015fkan\u0131n\u0131n ve h\u00fck\u00fcmetin davran\u0131\u015flar\u0131 belirleyecektir.<\/p>\n<p style=\"text-align: justify;\">5) TSK\u2019nin halihaz\u0131rda siyasi geli\u015fmeleri etkileme veya y\u00f6nlendirme imk\u00e2n\u0131n\u0131n ne oldu\u011fu, daha do\u011frusu, bu imk\u00e2n\u0131n kal\u0131p kalmad\u0131\u011f\u0131n\u0131n belirlenmesi de \u00f6nem ta\u015f\u0131maktad\u0131r.<\/p>\n<p style=\"text-align: justify;\">6) T\u00fcrbana g\u00f6sterilecek tepki, alt kademeler i\u00e7in de bir emsal te\u015fkil edecektir. G\u00f6sterilen tepkinin uzun vadede uygulama imk\u00e2n\u0131 olan tutarl\u0131 bir politika olmas\u0131 \u00f6nemlidir. G\u00f6sterilecek tepkinin, her ne olursa olsun, kendi manevra saham\u0131z\u0131 daraltmayacak ve meteakip giri\u015fimlerde elimizi ba\u011flamayacak d\u00fczeyde kalmas\u0131 \u00f6nem arz etmektedir. Esasen, TSK\u2019n\u0131n bug\u00fcne kadar devletin niteliklerinin korunmas\u0131 konusunda g\u00f6sterdi\u011fi titizli\u011fe aynen devam etmesi izlenebilecek en tutarl\u0131 politika olacakt\u0131r. TSK, esasen s\u00f6ylenebilecek her \u015feyi s\u00f6ylemi\u015f s\u00f6ylediklerinin arkas\u0131nda durdu\u011funu ilan etmi\u015ftir. Bundan sonraki tepkilerini davran\u0131\u015flar\u0131 ile g\u00f6stermesi do\u011fald\u0131r.<\/p>\n<p style=\"text-align: justify;\">7) Bir di\u011fer \u00f6nemli konu da, TSK taraf\u0131ndan izlenecek politikan\u0131n, ba\u015fta Cumhuriyet Halk Partisi (CHP) olmak \u00fczere siyasi bir partinin politikalar\u0131 ile \u00e7ak\u0131\u015fmamas\u0131, bir di\u011fer deyi\u015fle TSK \u00fczerinde veya arkas\u0131na s\u0131\u011f\u0131narak muhalefet veya politika yap\u0131lmas\u0131na imk\u00e2n verilmemesidir.<\/p>\n<p style=\"text-align: justify;\">(8) TSK\u2019n\u0131n bir \u2018imaj d\u00fczeltmesi\u2019 yapmas\u0131 ve kendisi hakk\u0131nda kamuoyunda yanl\u0131\u015f intiba yaratmaya y\u00f6nelik \u00e7abalar\u0131 etkisiz k\u0131lmas\u0131 gerekli g\u00f6r\u00fclmektedir. Bu ama\u00e7la haz\u0131rlanm\u0131\u015f olan Bilgi Destek Plan\u0131 EK-A\u2019dad\u0131r.<\/p>\n<p style=\"text-align: justify;\">(9) DTP ve yanda\u015flar\u0131n\u0131n ya\u015fad\u0131\u011f\u0131 s\u0131k\u0131nt\u0131lar\u0131n istismar edilmesi ve AB\u2019den gelecek deste\u011fin \u00f6n\u00fcn\u00fcn kesilmesi i\u00e7in;<\/p>\n<p style=\"text-align: justify;\">(a) DTP\u2019nin, kendi ifadeleri ve davran\u0131\u015flar\u0131 nedeni ile TSK taraf\u0131ndan ter\u00f6rist olarak g\u00f6r\u00fcld\u00fc\u011f\u00fcn\u00fc ve herhangi bir \u015fekilde muhatap kabul edilmeyece\u011fini \u00fcst d\u00fczey bir a\u00e7\u0131klama ile ilan etmek.<\/p>\n<p style=\"text-align: justify;\">(b) Ter\u00f6r\u00fc bu \u015fekilde destekledikleri m\u00fcddet\u00e7e demokratik olarak herhangi bir ilerleme sa\u011flayamayacaklar\u0131n\u0131 ve bu suretle esas olarak temsil ettiklerini iddia ettikleri ki\u015filere zarar verecekleri mesaj\u0131n\u0131 yaymak.<\/p>\n<p style=\"text-align: justify;\">(c) Bu suretle \u201cbug\u00fcne kadar ki kazan\u0131mlardan taviz vermeyin, yumu\u015famay\u0131n\u201d diyen Kandil ile \u201cter\u00f6rden bir fayda gelmez, ter\u00f6ristleri desteklemeyin vazge\u00e7in\u201d diyen ba\u015fta AB olmak \u00fczere Kandil kar\u015f\u0131t\u0131 \u00e7evrelerin aras\u0131nda s\u0131k\u0131\u015f\u0131p kalmalar\u0131na yol a\u00e7mak,<\/p>\n<p style=\"text-align: justify;\">(\u00e7) Irak\u2019\u0131n kuzeyindeki deste\u011fi kesmek i\u00e7in b\u00f6lge halk\u0131n\u0131 ter\u00f6rle m\u00fccadele ba\u011flam\u0131nda \u2018rahats\u0131z etmek\u2019, bu suretle de PKK\u2019ya yard\u0131m ettikleri ve destek sa\u011flad\u0131klar\u0131 m\u00fcddet\u00e7e bu rahats\u0131zl\u0131\u011f\u0131n devam edece\u011fi mesaj\u0131n\u0131 vermek,<\/p>\n<p style=\"text-align: justify;\">(d) PKK\u2019n\u0131n eylemlerinin, i\u015fadamlar\u0131n\u0131n b\u00f6lgede yat\u0131r\u0131m yapmamalar\u0131na yol a\u00e7mas\u0131, i\u015f makinelerini, yollar\u0131, k\u00f6pr\u00fcleri tahrip ederek b\u00f6lgeye hizmet g\u00f6t\u00fcr\u00fclmesine mani olmas\u0131 gibi sonu\u00e7lar\u0131 ile b\u00f6lge halk\u0131na daha da zarar verdi\u011fi gibi s\u00f6ylemlerin yayg\u0131nla\u015ft\u0131r\u0131larak b\u00f6lge halk\u0131n\u0131n ter\u00f6ristlere sa\u011flad\u0131\u011f\u0131 deste\u011fin azalt\u0131lmas\u0131na \u00e7al\u0131\u015f\u0131labilece\u011fi d\u00fc\u015f\u00fcn\u00fclmektedir.<\/p>\n<p style=\"text-align: justify;\"><strong><em>d. SONU\u00c7:<\/em><\/strong><\/p>\n<p style=\"text-align: justify;\">(1) 22 Temmuz se\u00e7imleri T\u00fcrkiye Cumhuriyeti Devleti i\u00e7in devletin temel nitelikleri a\u00e7\u0131s\u0131ndan bir d\u00f6n\u00fcm noktas\u0131d\u0131r. T\u00fcrkiye, demokrasi ile \u0130slam\u2019\u0131n bir arada ya\u015fayabilece\u011fini ispat etmi\u015f bir \u2018\u0131l\u0131ml\u0131 \u0130slam\u2019 devleti olarak tan\u0131mlanmaktad\u0131r. H\u00fck\u00fcmet de, i\u00e7 kamuoyu, AB ve Avrupa\u2019n\u0131n da deste\u011fi ile elde etti\u011fi kazan\u00e7lar\u0131n\u0131 peki\u015ftirmeye kararl\u0131 g\u00f6r\u00fcnmektedir. Bu e\u011filimi ve \u2018\u0130slami demokrasi\u2019 ba\u011flam\u0131nda kazan\u0131lm\u0131\u015f olan bir ivmeyi, halen gelmi\u015f oldu\u011fu noktadan geri \u00e7evirmek son derece zordur.<\/p>\n<p style=\"text-align: justify;\">(2) Gelinen noktada, h\u00fck\u00fcmetin tutumundan \u00e7ok fazla taviz vermeyece\u011fi ve kendi taban\u0131n\u0131n beklentilerini kar\u015f\u0131lamak i\u00e7in s\u0131n\u0131rlar\u0131 zorlayaca\u011f\u0131 anla\u015f\u0131lmaktad\u0131r. TSK\u2019nin bu geli\u015fmeleri etkilemeye ne derece muktedir oldu\u011fu ayr\u0131ca d\u00fc\u015f\u00fcn\u00fclmelidir.<\/p>\n<p style=\"text-align: justify;\">(3) TSK\u2019y\u0131 destekleyebilecek kesimler son derece azalm\u0131\u015ft\u0131r. Tam tersine bas\u0131n, i\u015f d\u00fcnyas\u0131, ticaret odalar\u0131, sendikalar, \u00fcniversite camias\u0131n\u0131n bir k\u0131sm\u0131 TSK\u2019n\u0131n kar\u015f\u0131s\u0131ndad\u0131r. Hatta halk\u0131 da TSK\u2019ya kar\u015f\u0131 \u00e7\u0131karmaya y\u00f6nelik \u00e7abalar artmaktad\u0131r. B\u00fct\u00fcn bunlar\u0131n i\u00e7inden karakteri sa\u011flam, devletimizin temel niteliklerine ba\u011fl\u0131 ki\u015fi veya ki\u015filerin ve fikirleri paralellik g\u00f6steren ST\u00d6\u2019lerin desteklerini sa\u011flamak ve beraber \u00e7al\u0131\u015fma imk\u00e2nlar\u0131n\u0131 ara\u015ft\u0131rmak gerekmektedir.<\/p>\n<p style=\"text-align: justify;\">(4) TSK\u2019n\u0131n \u2018imaj tazelemesine\u2019 b\u00fcy\u00fck kitlelerin ortak meselelerini kullanarak ba\u015flamak gerekmektedir. Bu nedenle de, \u00f6ncelikle PKK ve DTP \u00fczerine alenen ve kamuoyu olu\u015fturacak \u015fekilde ve yukar\u0131da maruz temalar \u00e7er\u00e7evesinde gidilmelidir. Ayn\u0131 kapsamda ele al\u0131nmas\u0131 gereken bir di\u011fer konu da din ve t\u00fcrband\u0131r. TSK\u2019n\u0131n dine kar\u015f\u0131 olmad\u0131\u011f\u0131 \u00e7e\u015fitli vesilelerle ve \u015fekillerde g\u00fcndeme getirilmeli, ba\u015f \u00f6rt\u00fcs\u00fc ile t\u00fcrban farkl\u0131l\u0131\u011f\u0131 vurgulanarak bu konudaki yanl\u0131\u015f anlamalar\u0131n ve TSK aleyhinde olu\u015fmaya ba\u015flayan kanaatin \u00f6n\u00fc kesilmelidir.<\/p>\n<p style=\"text-align: justify;\">(5) T\u00fcrkiye\u2019deki g\u00fcvenlik, siyaset, ekonomi ve sosyal hayatla ilgili geli\u015fmelerde AB ve ABD\u2019nin \u00f6nemli rol oynad\u0131\u011f\u0131 \u015f\u00fcphesizdir. Her ikisi ile de duygusall\u0131ktan uzak, ger\u00e7ek\u00e7i ve birebir bir diyalog kurulmas\u0131na ihtiya\u00e7 bulunmaktad\u0131r.<\/p>\n<p style=\"text-align: justify;\">\u00d6zellikle de se\u00e7imlerden sonra AKP\u2019nin ger\u00e7ek y\u00fcz\u00fcn\u00fcn g\u00f6r\u00fclmeye ba\u015flamas\u0131 ile AB \u00e7evrelerinde h\u00fck\u00fcmete kar\u015f\u0131 olu\u015fmaya ba\u015flayan tav\u0131r istismar edilmelidir.<\/p>\n<p style=\"text-align: justify;\">(6) Di\u011fer \u00fclkelerle ilgili olarak takip edilecek politikalar ayr\u0131 bir \u00e7al\u0131\u015fma ile sunulacakt\u0131r.<\/p>\n<p style=\"text-align: justify;\">Arz\/Rica ederim<\/p>\n<p style=\"text-align: justify;\">GENELKURMAY BA\u015eKANI EMR\u0130YLE<\/p>\n<p style=\"text-align: justify;\">Nusret TA\u015eDELER<\/p>\n<p style=\"text-align: justify;\">Korgeneral<\/p>\n<p style=\"text-align: justify;\">Hrk.B\u015fk.<\/p>\n<p style=\"text-align: justify;\">EKLER<\/p>\n<p style=\"text-align: justify;\">EK-A (Bilgi Destek Plan\u0131)<\/p>\n<p style=\"text-align: justify;\">EK-B (\u00d6zel Da\u011f\u0131t\u0131m Plan\u0131)<\/p>\n<p style=\"text-align: justify;\">DA\u011eITIM:<\/p>\n<p style=\"text-align: justify;\">Gere\u011fi<\/p>\n<p style=\"text-align: justify;\">\u00d6zel Da\u011f\u0131t\u0131m Plan\u0131<\/p>\n<p style=\"text-align: justify;\"><span style=\"color: #888888;\">Kaynak : CNN T\u00dcRK<\/span><\/p>\n","protected":false},"excerpt":{"rendered":"<\/p>\n<p style=\"text-align: justify;\">AK Parti h\u00fck\u00fcmetini y\u0131kmak i\u00e7in haz\u0131rland\u0131\u011f\u0131 belirtilen &#8216;\u0130rticayla M\u00fccadele Eylem Plan\u0131&#8217;n\u0131n orijinal belgesiyle birlikte Ergenekon savc\u0131lar\u0131na g\u00f6nderilen eklerde yer alan &#8216;Bilgi Destek Plan\u0131&#8217;n\u0131n da ortaya \u00e7\u0131kt\u0131\u011f\u0131 belirtiliyor.<\/p>\n<p style=\"text-align: justify;\">Genelkurmay Ba\u015fkan\u0131 emriyle haz\u0131rland\u0131\u011f\u0131 belirtilen Korgeneral Nusret Ta\u015fdeler&#8217;in ad\u0131n\u0131n yer ald\u0131\u011f\u0131 &#8216;gizli&#8217; belgede &#8217;22 Temmuz se\u00e7imleri T\u00fcrkiye&#8217;nin \u0131l\u0131ml\u0131 \u0130slam&#8217;a d\u00f6n\u00fc\u015ft\u00fcr\u00fclmesi gayretleri bak\u0131m\u0131ndan bir <\/p>\n","protected":false},"author":1,"featured_media":0,"comment_status":"open","ping_status":"closed","sticky":false,"template":"","format":"standard","meta":{"footnotes":""},"categories":[105],"tags":[],"class_list":["post-16128","post","type-post","status-publish","format-standard","hentry","category-gundem","odd"],"_links":{"self":[{"href":"http:\/\/www.korhanyilmaz.com\/index.php?rest_route=\/wp\/v2\/posts\/16128","targetHints":{"allow":["GET"]}}],"collection":[{"href":"http:\/\/www.korhanyilmaz.com\/index.php?rest_route=\/wp\/v2\/posts"}],"about":[{"href":"http:\/\/www.korhanyilmaz.com\/index.php?rest_route=\/wp\/v2\/types\/post"}],"author":[{"embeddable":true,"href":"http:\/\/www.korhanyilmaz.com\/index.php?rest_route=\/wp\/v2\/users\/1"}],"replies":[{"embeddable":true,"href":"http:\/\/www.korhanyilmaz.com\/index.php?rest_route=%2Fwp%2Fv2%2Fcomments&post=16128"}],"version-history":[{"count":0,"href":"http:\/\/www.korhanyilmaz.com\/index.php?rest_route=\/wp\/v2\/posts\/16128\/revisions"}],"wp:attachment":[{"href":"http:\/\/www.korhanyilmaz.com\/index.php?rest_route=%2Fwp%2Fv2%2Fmedia&parent=16128"}],"wp:term":[{"taxonomy":"category","embeddable":true,"href":"http:\/\/www.korhanyilmaz.com\/index.php?rest_route=%2Fwp%2Fv2%2Fcategories&post=16128"},{"taxonomy":"post_tag","embeddable":true,"href":"http:\/\/www.korhanyilmaz.com\/index.php?rest_route=%2Fwp%2Fv2%2Ftags&post=16128"}],"curies":[{"name":"wp","href":"https:\/\/api.w.org\/{rel}","templated":true}]}}