{"id":16124,"date":"2009-10-27T16:27:52","date_gmt":"2009-10-27T14:27:52","guid":{"rendered":"http:\/\/www.korhanyilmaz.com\/?p=16124"},"modified":"2009-10-27T16:27:52","modified_gmt":"2009-10-27T14:27:52","slug":"baykal-albay-ayni-albay-neden-simdi","status":"publish","type":"post","link":"http:\/\/www.korhanyilmaz.com\/?p=16124","title":{"rendered":"Baykal: &#039;Albay ayn\u0131 albay&#8230; Neden \u015fimdi?&#039;"},"content":{"rendered":"<p><a href=\"http:\/\/www.korhanyilmaz.com\/wp-content\/uploads\/2009\/10\/baykal1.jpg\"  class=\"lightview\"><img loading=\"lazy\" decoding=\"async\" class=\"aligncenter size-full wp-image-16125\" src=\"http:\/\/www.korhanyilmaz.com\/wp-content\/uploads\/2009\/10\/baykal1.jpg\" alt=\"\" width=\"292\" height=\"196\" \/><\/a><\/p>\n<p style=\"text-align: justify;\">CHP lideri Deniz Baykal, &#8220;\u0130rtica ile M\u00fccadele Eylem&#8221; plan\u0131yla ilgili konu\u015ftu; &#8220;4.5 ay \u00f6nceki Albay problemi, \u015fimdi Genelkurmay Ba\u015fkan\u0131 problemi haline getirildi. Bu tesad\u00fcfen mi oldu?&#8221; diye sordu. Baykal, Ergenekon savc\u0131lar\u0131na g\u00f6nderilen ihbar mektubunda yer alan, Albay Dursun \u00c7i\u00e7ek&#8217;in baz\u0131 CHP&#8217;li politikac\u0131lar\u0131n deste\u011fiyle belgeler haz\u0131rlad\u0131\u011f\u0131 iddias\u0131n\u0131n da as\u0131ls\u0131z oldu\u011funu s\u00f6yledi.<\/p>\n<p style=\"text-align: justify;\">CHP&#8217;nin bug\u00fcnk\u00fc grup toplant\u0131s\u0131 \u015fehit ailelerinin de kat\u0131l\u0131m\u0131yla ger\u00e7ekle\u015ftirildi. <!--more--><\/p>\n<p style=\"text-align: justify;\">Partisinin grup toplant\u0131s\u0131nda &#8220;irtica ile m\u00fccadele&#8221; belgesine ili\u015fkin a\u00e7\u0131klamalarda bulunan Baykal, konunun Genelkurmay Ba\u015fkan\u0131, ordu komutan\u0131 problemi haline geldi\u011fini belirtti.<\/p>\n<p style=\"text-align: justify;\">Baykal, T\u00fcrkiye&#8217;de 4,5 ay sonra Silahl\u0131 Kuvvetlerin kurumsal kimli\u011fini, komuta kademesini do\u011frudan hedef alan bir tablonun ortaya \u00e7\u0131kmaya ba\u015flad\u0131\u011f\u0131n\u0131 s\u00f6yledi.<\/p>\n<p style=\"text-align: justify;\">&#8220;4,5 ay \u00f6nce tart\u0131\u015fmal\u0131 olan, asl\u0131 oldu\u011fu iddia edilen belgenin, \u015fimdi ortaya \u00e7\u0131kan ki\u015finin elinde oldu\u011funun&#8221; ortaya \u00e7\u0131kt\u0131\u011f\u0131n\u0131 belirten Baykal, &#8220;4,5 ay \u00f6nce bu konuyu niye \u00e7\u00f6zmedik, niye bekledik de 4,5 ay \u00f6nceki albay problemini \u015fimdi Genelkurmay Ba\u015fkan\u0131 problemi, ordu komutan\u0131 problemi haline getirdik? Tesad\u00fcfen mi oldu, kim yapt\u0131 bu plan\u0131? Yok b\u00f6yle bir \u015fey can\u0131m, yok b\u00f6yle bir \u015fey. \u0130n\u015fallah yoktur. Bak\u0131yorum, ihbar mektubunda belgeyle ilgili ihtilaf bir yana b\u0131rak\u0131lm\u0131\u015f, T\u00fcrkiye&#8217;de siyasi partilere ili\u015fkin ithamlar yer alm\u0131\u015f. E\u011fer bu konuda bir b\u00fcy\u00fck tart\u0131\u015fmay\u0131 a\u00e7ma karar\u0131 al\u0131nd\u0131ysa, bu tart\u0131\u015fmaya biz memnuniyetle gireriz&#8221; dedi.<\/p>\n<p style=\"text-align: justify;\">CHP olarak bu konudaki tutumlar\u0131n\u0131n \u00e7ok a\u00e7\u0131k oldu\u011funu belirten Baykal, &#8220;CHP, Silahl\u0131 Kuvvetler ile ili\u015fkisini b\u00fcy\u00fck bir sorumluluk i\u00e7inde, kendi demokratik, inan\u00e7 ve ilkelerinin gere\u011fi do\u011frultusunda ama T\u00fcrkiye&#8217;nin kurumlar\u0131na gereken sayg\u0131y\u0131 g\u00f6stererek s\u00fcrd\u00fcrm\u00fc\u015ft\u00fcr. CHP, g\u00fcn olmu\u015ftur Silahl\u0131 Kuvvetlerin yapt\u0131\u011f\u0131 yanl\u0131\u015flar\u0131 ortaya koymakta teredd\u00fct etmemi\u015ftir. 1 Mart 2003&#8217;deki tart\u0131\u015fmalar\u0131 hat\u0131rlay\u0131n. Dolmabah\u00e7e bulu\u015fmas\u0131n\u0131n hi\u00e7bir \u015fekilde devletin bilgisi d\u0131\u015f\u0131nda tutulamayaca\u011f\u0131n\u0131, bunun yanl\u0131\u015f oldu\u011funu yine CHP olarak biz s\u00f6yledik. MGK&#8217;n\u0131n, a\u00e7\u0131l\u0131m\u0131n arkas\u0131nda oldu\u011fu izlenimi veren a\u00e7\u0131klamay\u0131 yapt\u0131ktan hemen sonra bir an bile teredd\u00fct etmeden bu politikan\u0131n ne kadar yanl\u0131\u015f oldu\u011funu en g\u00fcr sesle CHP ortaya koymu\u015ftur&#8221; diye konu\u015ftu.<\/p>\n<p style=\"text-align: justify;\"><strong><em>&#8220;CHP&#8217;yi itham ediyorsa, alt\u0131nda ezilir&#8221; <\/em><\/strong><\/p>\n<p style=\"text-align: justify;\">Baykal, demokrasi konusundaki inan\u00e7lar\u0131n\u0131, kimseye ispat etme mecburiyetlerinin olmad\u0131\u011f\u0131n\u0131 belirterek, 12 Mart ve 12 Eyl\u00fcl&#8217;e y\u00f6nelik tav\u0131rlar\u0131na i\u015faret etti.<\/p>\n<p style=\"text-align: justify;\">Millet iradesine dayal\u0131, demokratik siyasi s\u00fcrecin i\u00e7inde sorumluluk y\u00fcklenmi\u015f bir siyasi parti olduklar\u0131n\u0131 ifade eden Baykal, &#8220;\u015eimdi i\u00e7inde bulundu\u011fumuz tabloda, Silahl\u0131 Kuvvetlere kar\u015f\u0131, bu arada CHP&#8217;ye kar\u015f\u0131, sanki i\u015f birli\u011fi i\u00e7indeymi\u015f gibi sunmaya y\u00f6nelik bir ihbar mektubunu, di\u011fer taraf\u0131n\u0131 bilemiyorum ama CHP&#8217;ye kar\u015f\u0131 o itham\u0131 yapm\u0131\u015f olmas\u0131 dolay\u0131s\u0131yla onun samimiyetini sorgulama hakk\u0131n\u0131 kendimizde buluruz&#8221; dedi.<\/p>\n<p style=\"text-align: justify;\">Baykal, CHP&#8217;yi itham eden bir ihbar mektubunu tart\u0131\u015fmaya a\u00e7man\u0131n ka\u00e7\u0131n\u0131lmaz oldu\u011funu dile getirerek, &#8220;E\u011fer di\u011fer iddialar da bizimki gibiyse her \u015fey ortad\u0131r. Bizimkinin do\u011fru olmad\u0131\u011f\u0131n\u0131 en iyi bilme noktas\u0131nda olan benim. Benim ve arkada\u015flar\u0131m\u0131n, hi\u00e7bir \u015fekilde demokrasi d\u0131\u015f\u0131nda herhangi bir aray\u0131\u015f ile ili\u015fkimiz olamaz. E\u011fer birisi CHP&#8217;yi itham ediyorsa onun alt\u0131nda ezilir kal\u0131r. Biz b\u00f6yle ithamlara al\u0131\u015ft\u0131k&#8221; diye konu\u015ftu.<\/p>\n<p style=\"text-align: justify;\">\u0130hbar mektubunda CHP&#8217;ye y\u00f6nelik iddialar\u0131n yer almas\u0131n\u0131n, bu mektubunun ciddiyetini zaafa u\u011fratan en temel unsurlardan birisi olarak d\u00fc\u015f\u00fcnd\u00fc\u011f\u00fcn\u00fc kaydeden Baykal, &#8220;T\u00fcrkiye&#8217;de birileri, kurumlar aras\u0131nda bir \u00e7at\u0131\u015fma yaratarak g\u00fcndemi de\u011fi\u015ftirmek, a\u00e7\u0131l\u0131m politikas\u0131n\u0131n nas\u0131l iflas etmekte oldu\u011fu ger\u00e7e\u011fini milletin dikkatinden ka\u00e7\u0131rmak istiyorsa ya da kendi ba\u015f\u0131na T\u00fcrkiye&#8217;de b\u00f6yle bir \u00e7at\u0131\u015fmadan medet umuyorsa, T\u00fcrkiye&#8217;yi ayr\u0131\u015ft\u0131rma projesini etnik temelde de\u011fil de kurumlar baz\u0131nda tezgahlamak istiyorsa bunun da \u00e7\u0131kmaz yol oldu\u011funu herkes g\u00f6recektir. Herkes akl\u0131n\u0131 ba\u015f\u0131na als\u0131n. T\u00fcrkiye&#8217;de hukuk i\u015flemelidir, d\u00fcr\u00fcstl\u00fck i\u015flemelidir, kimse kimseye komplo yapmamal\u0131d\u0131r, bel alt\u0131ndan vurmaya kalkmamal\u0131d\u0131r, devlet imkanlar\u0131n\u0131 elinde bulunduranlar, devletin d\u00fcr\u00fcst namuslu insanlar\u0131na kar\u015f\u0131 gerekli sayg\u0131y\u0131 her zaman g\u00f6stermelidir&#8221; ifadelerini kulland\u0131.<\/p>\n<p style=\"text-align: justify;\"><strong><em>&#8220;A\u00e7\u0131l\u0131m\u0131 erteleyen millettir&#8221; <\/em><\/strong><\/p>\n<p style=\"text-align: justify;\">Baykal, b\u00fcy\u00fck heyecanla ve umutlarla uygulamaya konulan demokratik a\u00e7\u0131l\u0131mdan neden vazge\u00e7ildi\u011fini sordu ve yan\u0131tlad\u0131: &#8220;Bu i\u015fi engelleyen ne Ba\u015fbakand\u0131r, ne de ba\u015fkas\u0131d\u0131r. Bu i\u015fi engelleyen milletin kendisidir. \u00c7\u00fcnk\u00fc i\u015f yanl\u0131\u015ft\u0131r, millet yanl\u0131\u015f\u0131 g\u00f6rm\u00fc\u015ft\u00fcr.&#8221;<\/p>\n<p style=\"text-align: justify;\">Konu\u015fmas\u0131nda &#8220;a\u00e7\u0131l\u0131m&#8221; konusunda de\u011ferlendirmeler yapan Baykal, T\u00fcrkiye&#8217;nin aylard\u0131r a\u00e7\u0131l\u0131mla yat\u0131p, a\u00e7\u0131l\u0131mla kalkt\u0131\u011f\u0131n\u0131 belirterek, Habur s\u0131n\u0131r kap\u0131s\u0131nda ya\u015fananlara ili\u015fkin ele\u015ftirilerini s\u00fcrd\u00fcrd\u00fc.<\/p>\n<p style=\"text-align: justify;\">Ba\u015fbakan Recep Tayyip Erdo\u011fan&#8217;\u0131n Habur&#8217;un ard\u0131ndan &#8220;tablodan duydu\u011fu memnuniyeti dile getirdi\u011fini&#8221;, 1-2 g\u00fcn sonra ise A\u011fr\u0131&#8217;da &#8220;a\u00e7\u0131l\u0131m\u0131 methetti\u011fini&#8221;, ayn\u0131 g\u00fcn Erzurum&#8217;da &#8220;Sil ba\u015ftan yapar\u0131z&#8221;, Pakistan yolunda &#8220;Bu i\u015fe ara verdik&#8221; dedi\u011fini belirten Baykal, &#8220;Bu s\u00fcreci iyi anlamal\u0131y\u0131z. Bir iki g\u00fcn i\u00e7inde \u00e7ark edilmi\u015ftir&#8221; dedi.<\/p>\n<p style=\"text-align: justify;\">&#8220;Bu s\u00fcre\u00e7 niye t\u0131kanm\u0131\u015ft\u0131r?&#8221; diye soran Baykal, &#8220;Ne olmu\u015ftur, ne ya\u015fanm\u0131\u015ft\u0131r da b\u00fcy\u00fck heyecanla ve umutla uygulamaya konulan bir politikadan 2 g\u00fcn i\u00e7inde \u00e7ark edilmi\u015ftir. Bu s\u00fcre\u00e7 niye t\u0131kanm\u0131\u015ft\u0131r? Taraflar anla\u015famam\u0131\u015ft\u0131r, birisinin istedi\u011fini \u00f6b\u00fcr\u00fc verememi\u015ftir, istenenler art\u0131r\u0131lm\u0131\u015ft\u0131r, kavga \u00e7\u0131km\u0131\u015ft\u0131r aralar\u0131nda&#8230; Pazarl\u0131kta uyu\u015fmazl\u0131k var m\u0131? Pazarl\u0131kta uyu\u015ftular&#8230; Kavga \u00e7\u0131kt\u0131 m\u0131? Allah muhabbetlerini art\u0131rs\u0131n, aralar\u0131ndan su s\u0131zm\u0131yor, can ci\u011fer kuzu sarmas\u0131. Niye t\u0131kand\u0131? \u0130\u015fin esas\u0131nda kopmay\u0131 gerektiren bir ihtilaf m\u0131 var? Hay\u0131r&#8221; dedi.<\/p>\n<p style=\"text-align: justify;\">&#8220;Peki ne var?&#8221; diye soran Baykal, &#8220;Mutabakat sa\u011flad\u0131\u011f\u0131n\u0131z plan\u0131 daha ilk ad\u0131mda millet tepkisini koyarak uygulanamaz hale getirdi. Bu i\u015fi engelleyen ne Ba\u015fbakand\u0131r, ne de ba\u015fkas\u0131d\u0131r. Bu i\u015fi engelleyen milletin kendisidir. Milletimiz g\u00f6z\u00fcyle d\u00fc\u015f\u00fcn\u00fcr. Biz bunu anlatmaya \u00e7al\u0131\u015ft\u0131k. Ancak insanlar g\u00f6r\u00fcnce anlad\u0131. Gidi\u015fat\u0131n nereye do\u011fru oldu\u011funu?&#8221; dedi.<\/p>\n<p style=\"text-align: justify;\">A\u00e7\u0131l\u0131m politikas\u0131na medya, i\u015f d\u00fcnyas\u0131, ABD ve AB&#8217;nin destek verdi\u011fini, destekte eksi\u011fin bulunmad\u0131\u011f\u0131n\u0131 belirten Baykal, &#8220;Bir CHP, yok. Bu kadar deste\u011fin yan\u0131nda CHP&#8217;nin laf\u0131 m\u0131 olur. El ele verdiniz, hadi uygulay\u0131n da bir g\u00f6relim bakal\u0131m? Niye t\u0131kand\u0131? Aralar\u0131nda ihtilaf yok, birbirlerini seviyorlar. Niye yapamad\u0131n\u0131z? \u00c7\u00fcnk\u00fc i\u015f yanl\u0131\u015f, i\u015fin \u00f6z\u00fc, temeli yanl\u0131\u015f. Millet o yanl\u0131\u015f\u0131 g\u00f6rd\u00fc&#8221; diye konu\u015ftu.<\/p>\n<p style=\"text-align: justify;\"><strong><em>&#8220;TRT, AK Parti&#8217;nin \u00e7iftli\u011fi oldu&#8221; <\/em><\/strong><\/p>\n<p style=\"text-align: justify;\">TRT&#8217;ye kaynak sa\u011flayan gelir kalemlerinin geni\u015fletilmesini de ele\u015ftiren Baykal, &#8220;TRT, T\u00fcrkiye&#8217;nin televizyonu olmaktan \u00e7\u0131km\u0131\u015f, iktidar\u0131n borazan\u0131 haline gelmi\u015f, AKP&#8217;nin \u00e7iftli\u011fi olmu\u015ftur. Bunun i\u00e7in TRT&#8217;ye kesinlikle \u00e7\u0131km\u0131yoruz. Kendileri \u00e7al\u0131p, kendileri oynas\u0131nlar. TRT&#8217;ye bilerek \u00e7\u0131km\u0131yoruz. Sen bu milletin vergileriyle yay\u0131n yap\u0131yorsun, 9 milyonun oy verdi\u011fi bir partiye hakaret edemezsin. Kanada&#8217;dan bir ruh hastas\u0131n\u0131 getireceksin CHP&#8217;ye k\u00fcfrettireceksin&#8221; dedi.<\/p>\n<p style=\"text-align: justify;\">TRT&#8217;ye ek gelir konusundaki Bakanlar Kurulu karar\u0131n\u0131n &#8220;yetki a\u015f\u0131m\u0131&#8221; oldu\u011funu savunan Baykal, &#8220;Bunu derhal Dan\u0131\u015ftay&#8217;a g\u00f6t\u00fcrece\u011fiz. Mahkemeden d\u00f6nd\u00fcrece\u011fiz&#8221; diye konu\u015ftu.<\/p>\n<p style=\"text-align: justify;\">Baykal, ter\u00f6rle m\u00fccadele ve m\u00fczakerenin, bir arada g\u00f6t\u00fcr\u00fclemeyece\u011fini belirterek, ETA ve \u0130RA \u00f6rneklerini anlatt\u0131.<\/p>\n<p style=\"text-align: justify;\">PKK, DTP ve ter\u00f6r \u00f6rg\u00fct\u00fc eleba\u015f\u0131 Abdullah \u00d6calan&#8217;\u0131n, siyasi b\u00fct\u00fcnl\u00fck i\u00e7erisinde oldu\u011funu savunan Baykal, iktidar\u0131n, bu \u00fc\u00e7l\u00fcyle i\u015fbirli\u011fi yapt\u0131\u011f\u0131n\u0131, birlikte plan haz\u0131rlad\u0131klar\u0131n\u0131, bunlar\u0131n sonucu olarak ya\u015fananlar\u0131n ortaya \u00e7\u0131kt\u0131\u011f\u0131n\u0131 s\u00f6yledi.<\/p>\n<p style=\"text-align: justify;\">Baykal, ortada i\u015fbirli\u011fi bulundu\u011funu \u00f6ne s\u00fcrerek, &#8220;Beraber y\u00fcr\u00fcyorlar, yollarda m\u0131 da\u011flarda m\u0131?&#8221; dedi.<\/p>\n<p style=\"text-align: justify;\"><strong><em>&#8220;\u00d6calan ve DTP ile i\u015f tuttular&#8221; <\/em><\/strong><\/p>\n<p style=\"text-align: justify;\">Baykal, AK Parti&#8217;nin, PKK, DTP ve \u00d6calan ile birlikte &#8220;i\u015f tuttu\u011funu, bu i\u015f i\u00e7in i\u015fbirli\u011fi&#8221; yapt\u0131\u011f\u0131n\u0131 ileri s\u00fcrerek, birilerini su\u00e7layarak, bunun ortadan kald\u0131r\u0131lamayaca\u011f\u0131n\u0131 kaydetti.<\/p>\n<p style=\"text-align: justify;\">&#8220;\u0130mral\u0131, Kandil ve DTP ile Tayyip Erdo\u011fan aras\u0131ndaki mutabakat\u0131n; hukukun katledilmesiyle m\u00fcmk\u00fcn oldu\u011funun g\u00f6r\u00fcld\u00fc\u011f\u00fcn\u00fc&#8221; iddia eden Baykal, bu mutabakat\u0131n uygulanmas\u0131 i\u00e7in hukukun katledildi\u011fini savundu.<\/p>\n<p style=\"text-align: justify;\">Baykal, T\u00fcrkiye&#8217;de ter\u00f6r san\u0131klar\u0131n\u0131n aya\u011f\u0131na hakim ta\u015f\u0131man\u0131n, hukukta seyyar, mobil, \u00e7ad\u0131r mahkeme kavram\u0131n\u0131n olup olmad\u0131\u011f\u0131n\u0131 sordu.<\/p>\n<p style=\"text-align: justify;\">Gelenlerin tutuklanmad\u0131\u011f\u0131n\u0131, ellerini kollar\u0131n\u0131 sallayarak serbest kald\u0131klar\u0131n\u0131, kahramanlar gibi kar\u015f\u0131land\u0131\u011f\u0131n\u0131 anlatan Baykal, bunun \u00fczerine milletin, &#8220;Biz mi hainiz onlar m\u0131 kahraman?&#8221; diye sormaya ba\u015flad\u0131\u011f\u0131n\u0131 s\u00f6yledi.<\/p>\n<p style=\"text-align: justify;\">Baykal, &#8220;Bu soruyu vatanda\u015flar\u0131n\u0131za sordurdu\u011funuz anda, siz bitmi\u015fsinizdir demektir. \u0130ktidar, bug\u00fcn millete bu soruyu sordurmu\u015ftur&#8221; dedi. Baykal, vatanda\u015flar\u0131 b\u00f6yle d\u00fc\u015f\u00fcnd\u00fcrterek \u00fclkenin y\u00f6netilemeyece\u011fini, milletin aldat\u0131lamayaca\u011f\u0131n\u0131 dile getirdi.<\/p>\n<p style=\"text-align: justify;\"><strong><em>&#8220;Ara m\u0131 verdin vaz m\u0131 ge\u00e7tin?&#8221; <\/em><\/strong><\/p>\n<p style=\"text-align: justify;\">Baykal, i\u015fin \u00f6z\u00fcn\u00fcn yanl\u0131\u015f oldu\u011funu, milletin de bu yanl\u0131\u015f\u0131 g\u00f6rerek, tepki g\u00f6sterdi\u011fini ifade ederek, bu tablo kar\u015f\u0131s\u0131nda &#8220;ara verdik&#8221; denildi\u011fini s\u00f6yledi.<\/p>\n<p style=\"text-align: justify;\">&#8220;Ara m\u0131 verdin vaz m\u0131 ge\u00e7tin?&#8221; sorusunu y\u00f6nelten Baykal, &#8220;(Ara verdim) diyerek, vazge\u00e7meye mi \u00e7al\u0131\u015f\u0131yorsun yoksa ger\u00e7ekten hazmettirmek i\u00e7in mi ara veriyorsun? &#8216;Millet tepki g\u00f6sterdi, \u015funu hazmettirelim, bir s\u00fcre sonra devam ederiz&#8217; planlamas\u0131 m\u0131 yap\u0131yorsun?&#8221; dedi.<\/p>\n<p style=\"text-align: justify;\">Ter\u00f6r\u00fcn amac\u0131n\u0131n, kavgan\u0131n \u00f6z\u00fcn\u00fcn; T\u00fcrkiye&#8217;yi etnik temelde, \u00f6nce millet olarak ayr\u0131\u015ft\u0131r\u0131p, daha sonra siyasi anlam kazand\u0131rarak, ayr\u0131 bir devlet yap\u0131s\u0131na \u00e7ekmek oldu\u011funu belirten Baykal, ger\u00e7ek \u0131rk\u00e7\u0131l\u0131\u011f\u0131n bu oldu\u011funu s\u00f6yledi.<\/p>\n<p style=\"text-align: justify;\">Baykal, bunun yanl\u0131\u015fl\u0131\u011f\u0131n\u0131n anla\u015f\u0131lmas\u0131 i\u00e7in Ortado\u011fu&#8217;ya, Irak&#8217;a bak\u0131lmas\u0131 gerekti\u011fini dile getirdi.<\/p>\n<p style=\"text-align: justify;\">T\u00fcrkiye&#8217;nin kuruldu\u011fundan bu yana ulusla\u015fma s\u00fcreci i\u00e7erisinde girdi\u011fini, bir millet olarak kayna\u015fmaya, k\u00f6kenleri ne olursa olsun birlikte olduklar\u0131n\u0131 ortaya koymaya \u00e7al\u0131\u015ft\u0131klar\u0131n\u0131 ifade eden Baykal, bu konuda b\u00fcy\u00fck mesafe ald\u0131klar\u0131n\u0131 s\u00f6yledi.<\/p>\n<p style=\"text-align: justify;\">Baykal, &#8220;\u015eimdi, bu kazan\u0131lm\u0131\u015f mesafeyi kaybettirmek i\u00e7in m\u00fccadele ediyorlar. Birileri, i\u00e7eriden, d\u0131\u015far\u0131dan T\u00fcrkiye&#8217;de ortaya \u00e7\u0131kan bu b\u00fct\u00fcnselli\u011fi da\u011f\u0131tmak i\u00e7in planlar, projeler yapt\u0131, onlar\u0131 sahneye koyuyor. Irak, L\u00fcbnan, Filistin&#8217;de konuldu\u011fu gibi&#8221; diye konu\u015ftu.<\/p>\n<p style=\"text-align: justify;\"><strong><em>&#8220;K\u00fcrt k\u00f6kenli vatanda\u015flar\u0131m\u0131z\u0131n derdi ayr\u0131\u015fmak de\u011fil&#8221; <\/em><\/strong><\/p>\n<p style=\"text-align: justify;\">K\u00fcrt k\u00f6kenli vatanda\u015flar\u0131n, ayr\u0131\u015fma, ter\u00f6re destek olma pe\u015finde olmad\u0131\u011f\u0131na i\u015faret eden Baykal, &#8220;Onlar, PKK&#8217;n\u0131n militan\u0131, fanati\u011fi de\u011fil. Onlar, bu milletin, devletin e\u015fit vatanda\u015f\u0131 olarak ya\u015famak istiyor. \u015eimdi bizim bunlar\u0131 bir yana b\u0131rakarak, ter\u00f6r \u00f6rg\u00fct\u00fcn\u00fcn karargah\u0131na g\u00f6z\u00fcm\u00fcz\u00fc dikerek, onlarla uzla\u015fmaya \u00e7al\u0131\u015farak, i\u015fbirli\u011fi yaparak, bu konular\u0131 \u00e7\u00f6zmeye kalkmam\u0131z, en b\u00fcy\u00fck yanl\u0131\u015ft\u0131r. \u00c7\u00fcnk\u00fc onlar\u0131n derdi ayr\u0131\u015ft\u0131rmakt\u0131r. K\u00fcrt k\u00f6kenli vatanda\u015flar\u0131m\u0131z\u0131n derdi ayr\u0131\u015fmak de\u011fil. Hakl\u0131, me\u015fru \u015fikayetleri, talepleri var, \u00e7\u00f6z\u00fcm istiyorlar. A\u00e7\u0131l\u0131m yap\u0131lacaksa, bu H\u00fck\u00fcmetin yapt\u0131\u011f\u0131 gibi g\u00f6z\u00fcn\u00fcz\u00fc PKK&#8217;ya, \u00d6calan&#8217;a, DTP&#8217;ye dikerek yap\u0131lmaz&#8221; dedi.<\/p>\n<p style=\"text-align: justify;\">Deniz Baykal, &#8220;O b\u00f6lgedeki K\u00fcrt k\u00f6kenli insanlar\u0131m\u0131za dikerek onu yapacaks\u0131n\u0131z, onlar\u0131n taleplerini dikkate alacaks\u0131n\u0131z. \u015eiddet ve ter\u00f6r merkezleriyle i\u015f tutarak bir yere varamazs\u0131n\u0131z. Ortaya \u00e7\u0131kan tablo kar\u015f\u0131s\u0131nda h\u00fck\u00fcmet yol ayr\u0131m\u0131nda; tamam m\u0131 devam m\u0131? Anadolu&#8217;da ya\u015fanan g\u00f6steriler, \u00f6rg\u00fctl\u00fc de\u011fil ama millet aya\u011fa kalkm\u0131\u015ft\u0131r. Bu manzara kar\u015f\u0131s\u0131nda &#8216;ben devam edece\u011fim&#8217; demek, millete yap\u0131lacak en b\u00fcy\u00fck sayg\u0131s\u0131zl\u0131kt\u0131r, millet ile inatla\u015fmak demektir. Kimseye tavsiye etmem; millet ile inatla\u015fman\u0131n sonu k\u00f6t\u00fcd\u00fcr&#8221; diye konu\u015ftu.<\/p>\n<p style=\"text-align: justify;\">Baykal, d\u0131\u015far\u0131dan T\u00fcrkiye&#8217;yi etnik temelde ayr\u0131\u015ft\u0131rma aray\u0131\u015flar\u0131n\u0131 himaye etmeye ve ter\u00f6r \u00f6rg\u00fctlerini kullanmaya y\u00f6nelik bir anlay\u0131\u015fla kar\u015f\u0131 kar\u015f\u0131ya olduklar\u0131n\u0131 belirtti.<\/p>\n<p style=\"text-align: justify;\">Baykal, &#8220;d\u0131\u015far\u0131s\u0131n\u0131n, bu H\u00fck\u00fcmete veya ba\u015fka h\u00fck\u00fcmete, T\u00fcrkiye&#8217;yi etnik ayr\u0131\u015ft\u0131rmaya g\u00f6t\u00fcrecek kararlar\u0131 ald\u0131rtabilece\u011fini umdu\u011funu&#8221; savundu.<\/p>\n<p style=\"text-align: justify;\">&#8220;Hepimize d\u00fc\u015fen g\u00f6rev; d\u0131\u015f d\u00fcnyaya, &#8216;PKK ile oynamay\u0131, PKK&#8217;y\u0131 kullanma anlay\u0131\u015f\u0131n\u0131, PKK&#8217;y\u0131 a\u00e7\u0131ktan de\u011filse de dolayl\u0131, el alt\u0131ndan himaye etmeyi l\u00fctfen b\u0131rak. Bu b\u00f6lgenin, huzuru, bar\u0131\u015f\u0131, g\u00fcvenli\u011fi o zaman \u00e7ok daha ileri olur&#8217;u anlatmakt\u0131r&#8221; diyen Baykal, H\u00fck\u00fcmetin; milleti yanl\u0131\u015f istikamete s\u00fcr\u00fckleyecek aldatmacalar\u0131n pe\u015fine d\u00fc\u015fmemesi, d\u0131\u015f d\u00fcnyaya, T\u00fcrkiye&#8217;yi ayr\u0131\u015ft\u0131racak ad\u0131mlar\u0131 atman\u0131n do\u011fru, uygun olmayaca\u011f\u0131n\u0131 a\u00e7\u0131k bi\u00e7imde ifade etmesi gerekti\u011fini belirtti.<\/p>\n<p style=\"text-align: justify;\">Baykal, T\u00fcrkiye&#8217;nin ulusla\u015fma s\u00fcrecini, kimsenin engellemeye kalkmamas\u0131 gerekti\u011fini dile getirdi.<\/p>\n<p style=\"text-align: justify;\"><span style=\"color: #888888;\">CNN T\u00dcRK<\/span><\/p>\n","protected":false},"excerpt":{"rendered":"<\/p>\n<p style=\"text-align: justify;\">CHP lideri Deniz Baykal, &#8220;\u0130rtica ile M\u00fccadele Eylem&#8221; plan\u0131yla ilgili konu\u015ftu; &#8220;4.5 ay \u00f6nceki Albay problemi, \u015fimdi Genelkurmay Ba\u015fkan\u0131 problemi haline getirildi. Bu tesad\u00fcfen mi oldu?&#8221; diye sordu. Baykal, Ergenekon savc\u0131lar\u0131na g\u00f6nderilen ihbar mektubunda yer alan, Albay Dursun \u00c7i\u00e7ek&#8217;in baz\u0131 CHP&#8217;li politikac\u0131lar\u0131n deste\u011fiyle belgeler haz\u0131rlad\u0131\u011f\u0131 iddias\u0131n\u0131n da as\u0131ls\u0131z oldu\u011funu s\u00f6yledi.<\/p>\n<p style=\"text-align:  \n\n","protected":false},"author":1,"featured_media":0,"comment_status":"open","ping_status":"closed","sticky":false,"template":"","format":"standard","meta":{"footnotes":""},"categories":[105],"tags":[],"class_list":["post-16124","post","type-post","status-publish","format-standard","hentry","category-gundem","odd"],"_links":{"self":[{"href":"http:\/\/www.korhanyilmaz.com\/index.php?rest_route=\/wp\/v2\/posts\/16124","targetHints":{"allow":["GET"]}}],"collection":[{"href":"http:\/\/www.korhanyilmaz.com\/index.php?rest_route=\/wp\/v2\/posts"}],"about":[{"href":"http:\/\/www.korhanyilmaz.com\/index.php?rest_route=\/wp\/v2\/types\/post"}],"author":[{"embeddable":true,"href":"http:\/\/www.korhanyilmaz.com\/index.php?rest_route=\/wp\/v2\/users\/1"}],"replies":[{"embeddable":true,"href":"http:\/\/www.korhanyilmaz.com\/index.php?rest_route=%2Fwp%2Fv2%2Fcomments&post=16124"}],"version-history":[{"count":0,"href":"http:\/\/www.korhanyilmaz.com\/index.php?rest_route=\/wp\/v2\/posts\/16124\/revisions"}],"wp:attachment":[{"href":"http:\/\/www.korhanyilmaz.com\/index.php?rest_route=%2Fwp%2Fv2%2Fmedia&parent=16124"}],"wp:term":[{"taxonomy":"category","embeddable":true,"href":"http:\/\/www.korhanyilmaz.com\/index.php?rest_route=%2Fwp%2Fv2%2Fcategories&post=16124"},{"taxonomy":"post_tag","embeddable":true,"href":"http:\/\/www.korhanyilmaz.com\/index.php?rest_route=%2Fwp%2Fv2%2Ftags&post=16124"}],"curies":[{"name":"wp","href":"https:\/\/api.w.org\/{rel}","templated":true}]}}