{"id":16120,"date":"2009-10-26T14:38:12","date_gmt":"2009-10-26T12:38:12","guid":{"rendered":"http:\/\/www.korhanyilmaz.com\/?p=16120"},"modified":"2009-10-26T14:38:12","modified_gmt":"2009-10-26T12:38:12","slug":"dtp-hukumet-geri-adim-atti","status":"publish","type":"post","link":"http:\/\/www.korhanyilmaz.com\/?p=16120","title":{"rendered":"DTP: &#039; H\u00fck\u00fcmet geri ad\u0131m att\u0131 &#039;"},"content":{"rendered":"<p><a href=\"http:\/\/www.korhanyilmaz.com\/wp-content\/uploads\/2009\/10\/DTP.jpg\"  class=\"lightview\"><img loading=\"lazy\" decoding=\"async\" class=\"aligncenter size-full wp-image-16121\" src=\"http:\/\/www.korhanyilmaz.com\/wp-content\/uploads\/2009\/10\/DTP.jpg\" alt=\"\" width=\"292\" height=\"197\" \/><\/a><\/p>\n<p style=\"text-align: justify;\">DTP, PKK&#8217;l\u0131lar\u0131n kar\u015f\u0131lama g\u00f6r\u00fcnt\u00fclerine gelen tepkilerden rahats\u0131z. Ankara&#8217;da bir bas\u0131n toplant\u0131s\u0131 d\u00fczenleyen DTP Genel bBa\u015fkan\u0131 Ahmet T\u00fcrk, &#8220;DTP olmasayd\u0131 da bar\u0131\u015f grubunu yine y\u00fczbinler kar\u015f\u0131layacakt\u0131&#8221; dedi. T\u00fcrk, CHP ve MHP&#8217;ye de tepki g\u00f6sterdi. H\u00fck\u00fcmeti ise tepkilerden korkup demokratik a\u00e7\u0131l\u0131m konusunda geri ad\u0131m atmakla su\u00e7lad\u0131. <!--more--><\/p>\n<p style=\"text-align: justify;\">DTP Genel Ba\u015fkan\u0131 Ahmet T\u00fcrk, &#8220;Say\u0131n Ba\u015fbakan partimizi gerilim kayna\u011f\u0131 olarak g\u00f6stermeye \u00e7al\u0131\u015farak, ba\u015flang\u0131\u00e7taki bu olumlu yakla\u015f\u0131m\u0131n\u0131 terk etme e\u011filimine girmi\u015ftir. &#8216;E\u011fer b\u00f6yle giderlerse sil ba\u015ftan yapar\u0131z&#8217; denilmesi, a\u00e7\u0131l\u0131m s\u00fcrecinde kararl\u0131 olunmad\u0131\u011f\u0131n\u0131 g\u00f6sterir. Avrupa grubunun geli\u015finin engellenmesini bu \u00e7er\u00e7evede yorumluyor ve de\u011ferlendiriyoruz&#8221; dedi.<\/p>\n<p style=\"text-align: justify;\">T\u00fcrk, parti y\u00f6neticileri ve DTP milletvekilleriyle parti genel merkezi \u00f6n\u00fcnde g\u00fcndeme ili\u015fkin konularda de\u011ferlendirmelerde bulundu.<\/p>\n<p style=\"text-align: justify;\">&#8220;PKK Lideri Abdullah \u00d6calan&#8217;\u0131n \u00e7a\u011fr\u0131s\u0131 \u00fczerine, PKK, bar\u0131\u015f ve \u00e7\u00f6z\u00fcm\u00fc \u015fans tan\u0131ma, demokratik siyasetin \u00f6n\u00fcn\u00fc a\u00e7ma amac\u0131yla T\u00fcrkiye&#8217;ye bar\u0131\u015f grubu g\u00f6nderdi&#8221; diyen T\u00fcrk, &#8220;Bu ad\u0131m\u0131n K\u00fcrt sorunun demokratik ve bar\u0131\u015f\u00e7\u0131l \u00e7\u00f6z\u00fcm\u00fc a\u00e7\u0131s\u0131ndan yeni bir d\u00f6nemi ifade etti\u011fini, bunun y\u00fczbinlerce insan\u0131n bar\u0131\u015f ve \u00f6zg\u00fcrl\u00fck i\u00e7in ortaya koydu\u011fu co\u015fku ve sevgi selinden a\u00e7\u0131k\u00e7a anla\u015f\u0131ld\u0131\u011f\u0131n\u0131&#8221; savundu.<\/p>\n<p style=\"text-align: justify;\">T\u00fcrk, &#8220;B\u00fct\u00fcn d\u00fcnyan\u0131n dikkatle izledi\u011fi bu tabloyu \u00f6z\u00fcnden sapt\u0131rmaya \u00e7al\u0131\u015fan ve bir \u015fov olarak g\u00f6ren yakla\u015f\u0131mlar\u0131 b\u00fcy\u00fck bir talihsizlik olarak de\u011ferlendiriyoruz. M\u00fctevaz\u0131 bir bar\u0131\u015f ad\u0131m\u0131n\u0131 bile &#8216;kahramanl\u0131k&#8217;, &#8216;teslim olma&#8217;, &#8216;teslim alma&#8217;, &#8216;yenme-yenilme&#8217; gibi k\u0131\u015fk\u0131rt\u0131c\u0131 bir sava\u015f diliyle tan\u0131mlamak ancak ve ancak toplumun bar\u0131\u015f ve huzur taleplerine kar\u015f\u0131 sorumluluk duymayan siyaset\u00e7ilerin i\u015fi olabilir. Maalesef \u00fclkemiz ve halklar\u0131m\u0131z, ayr\u0131cal\u0131kl\u0131 konumlar\u0131n\u0131 ve iktidarlar\u0131n\u0131 hala sava\u015f\u00e7\u0131 s\u00f6ylemle s\u00fcrd\u00fcrmeye \u00e7al\u0131\u015fan siyaset\u00e7iler taraf\u0131ndan s\u00fcrekli olarak kutupla\u015ft\u0131r\u0131lmaya ve k\u0131\u015fk\u0131rt\u0131lmaya devam edilmektedir&#8221; diye konu\u015ftu.<\/p>\n<p style=\"text-align: justify;\">T\u00fcrk, &#8220;Siyasi parti liderlerinin kulland\u0131\u011f\u0131 dil, bar\u0131\u015f grubunun geli\u015fini bir gerilim kayna\u011f\u0131 olarak g\u00f6stermek isteyen, ortam\u0131 k\u0131\u015fk\u0131rt\u0131p s\u00fcreci provoke etmeye \u00e7al\u0131\u015fan bir tak\u0131m odaklar\u0131 besledi\u011fini&#8221; \u00f6ne s\u00fcrd\u00fc.<\/p>\n<p style=\"text-align: justify;\"><strong><em>&#8220;Baykal sava\u015ftan yana&#8221; <\/em><\/strong><\/p>\n<p style=\"text-align: justify;\">CHP Genel Ba\u015fkan\u0131 Deniz Baykal&#8217;\u0131n konuya ili\u015fkin ifadelerini hat\u0131rlatan T\u00fcrk, &#8220;Say\u0131n Baykal, bu \u00e7\u0131k\u0131\u015f\u0131yla bar\u0131\u015ftan de\u011fil, sava\u015ftan yana oldu\u011funu, \u00f6l\u00fcm ve g\u00f6zya\u015f\u0131ndan beslendi\u011fini bir kez daha ortaya koymu\u015ftur&#8221; dedi.<\/p>\n<p style=\"text-align: justify;\">Baykal ve MHP Genel Ba\u015fkan\u0131 Devlet Bah\u00e7eli&#8217;nin &#8220;geli\u015ftirdikleri \u0131rk\u00e7\u0131 s\u00f6ylemlerle T\u00fcrkiye&#8217;yi tehlikeli bir noktaya s\u00fcr\u00fcklediklerini&#8221; iddia eden T\u00fcrk, &#8220;Bah\u00e7eli, &#8216;\u0130stanbul, Silopi de\u011fildir&#8217; diyerek kime, hangi mesaj\u0131 g\u00f6ndermektedir. K\u00fcrtleri lin\u00e7 mi ettirmek istiyorsunuz, K\u00fcrtleri k\u0131y\u0131mdan m\u0131 ge\u00e7ireceksiniz?&#8221; ifadelerini kulland\u0131.<\/p>\n<p style=\"text-align: justify;\">&#8220;Olumsuz geli\u015fmelerin bir taraf\u0131nda da h\u00fck\u00fcmetin yer ald\u0131\u011f\u0131n\u0131&#8221; \u00f6ne s\u00fcren T\u00fcrk, &#8220;Bar\u0131\u015f Grubu&#8221;nun geli\u015fini a\u00e7\u0131l\u0131m s\u00fcrecine destek olarak g\u00f6rmesi gereken bir siyasi iktidar\u0131n i\u015fi en ba\u015ftan \u015fov olarak nitelendirmesinin, hazin bir tabloyu yans\u0131tt\u0131\u011f\u0131n\u0131&#8221; ileri s\u00fcrd\u00fc.<\/p>\n<p style=\"text-align: justify;\">T\u00fcrk, h\u00fck\u00fcmetin milliyet\u00e7i tehditlerden korktu\u011funu iddia ederek, &#8220;\u015eunu a\u00e7\u0131k\u00e7a belirtiyoruz, DTP olmasayd\u0131 dahi halk yine bar\u0131\u015f grubunu y\u00fczbinler olarak kar\u015f\u0131layacakt\u0131&#8221; g\u00f6r\u00fc\u015f\u00fcn\u00fc dile getirdi.<\/p>\n<p style=\"text-align: justify;\">Ter\u00f6r \u00f6rg\u00fct\u00fc \u00fcyelerinin kar\u015f\u0131lanmas\u0131 s\u0131ras\u0131ndaki hassasiyetleri de\u011ferli bulduklar\u0131n\u0131 ifade eden T\u00fcrk, &#8220;Ancak Say\u0131n Ba\u015fbakan daha sonra partimizi gerilim kayna\u011f\u0131 olarak g\u00f6stermeye \u00e7al\u0131\u015farak, ba\u015flang\u0131\u00e7taki bu olumlu yakla\u015f\u0131m\u0131n\u0131 terk etme e\u011filimine girmi\u015ftir. &#8216;E\u011fer b\u00f6yle giderlerse sil ba\u015ftan yapar\u0131z&#8221; denilmesi, a\u00e7\u0131l\u0131m s\u00fcrecinde kararl\u0131 olunmad\u0131\u011f\u0131n\u0131 g\u00f6sterir. Avrupa grubunun geli\u015finin engellenmesini bu \u00e7er\u00e7evede yorumluyor ve de\u011ferlendiriyoruz&#8221; g\u00f6r\u00fc\u015f\u00fcn\u00fc savundu.<\/p>\n<p style=\"text-align: justify;\"><strong><em>Sorular <\/em><\/strong><\/p>\n<p style=\"text-align: justify;\">DTP Genel Ba\u015fkan\u0131 T\u00fcrk, bas\u0131n mensuplar\u0131n\u0131n sorular\u0131n\u0131 da yan\u0131tlad\u0131.<\/p>\n<p style=\"text-align: justify;\">&#8220;Bundan sonraki s\u00fcre\u00e7te ayn\u0131 olaylar\u0131n ya\u015fanmamas\u0131 i\u00e7in DTP olarak ne t\u00fcr tedbirler alacaks\u0131n\u0131z?&#8221; \u015feklindeki bir soruya T\u00fcrk, &#8220;Bu sevgi selini, bar\u0131\u015fa olan bir arzu, bir istemin ifadesi olarak de\u011ferlendiriyoruz. \u0130nsanlar\u0131m\u0131z bar\u0131\u015fa kenetlenmi\u015f. Bir umut olarak g\u00f6r\u00fcyor ve y\u00fcz binlerin, milyonlar\u0131n bir yerde en ufak bir olay olmad\u0131, bir gerginlik olmad\u0131, kimsenin burnu kanamad\u0131. \u015eimdi, halk\u0131m\u0131z\u0131n bar\u0131\u015f konusundaki g\u00f6stermi\u015f oldu\u011fu bu duyarl\u0131l\u0131\u011f\u0131 hazmedemeyen bir mant\u0131kla kar\u015f\u0131 kar\u015f\u0131ya kal\u0131rsak bizim yapaca\u011f\u0131m\u0131z farkl\u0131 bir \u015fey yok&#8221; dedi.<\/p>\n<p style=\"text-align: justify;\">T\u00fcrk, &#8220;Halk\u0131m\u0131z bar\u0131\u015f i\u00e7in duygular\u0131n\u0131, d\u00fc\u015f\u00fcncelerini ifade etmi\u015f, 30 y\u0131ll\u0131k inkarc\u0131, asimilasyoncu politikalar\u0131n ortadan kald\u0131r\u0131lmas\u0131na y\u00f6nelik bir ad\u0131m olarak de\u011ferlendirmi\u015f. O nedenle biz ba\u015f\u0131ndan beri hassas davran\u0131yoruz. Bundan sonra da hassasiyet g\u00f6sterece\u011fiz, bug\u00fcn bar\u0131\u015f meclislerinden tutun bir \u00e7ok kesime kadar Avrupa&#8217;dan gelecek b\u00fcy\u00fck bir grup olursa her beraber b\u00fcy\u00fck bir hassasiyet i\u00e7inde kar\u015f\u0131layaca\u011f\u0131z&#8221; diye konu\u015ftu.<\/p>\n<p style=\"text-align: justify;\"><strong><em>&#8220;Elbette partimize de gelecekler&#8221; <\/em><\/strong><\/p>\n<p style=\"text-align: justify;\">Bir gazetecinin, &#8220;Teslim olan PKK&#8217;l\u0131lar\u0131n Ankara&#8217;ya gelerek TBMM&#8217;ye gidece\u011fi y\u00f6n\u00fcnde bir d\u00fc\u015f\u00fcnceniz vard\u0131, kamuoyuna b\u00f6yle yans\u0131d\u0131. Bu d\u00fc\u015f\u00fcnce hala devam ediyor mu?&#8221; sorusuna T\u00fcrk, &#8220;Bunlar\u0131 tabii ki birileri bilin\u00e7li olarak g\u00fcndeme getiriyor. Bu insanlar ni\u00e7in geldiklerini, bar\u0131\u015f i\u00e7in geldiklerini siyasi partilere anlatmak i\u00e7in \u00e7aba g\u00f6sterecekler. Sonu\u00e7ta biz de siyasi partiyiz, elbette partimize de geleceklerdir. Niyetlerini, ni\u00e7in geldiklerini, mesajlar\u0131n\u0131 vereceklerdir&#8221; yan\u0131t\u0131n\u0131 verdi.<\/p>\n<p style=\"text-align: justify;\">&#8220;S\u00fcreci h\u0131zland\u0131rmak ad\u0131na \u0130\u00e7i\u015fleri Bakanl\u0131\u011f\u0131 nezdinde bir talebiniz olacak m\u0131? Yurt d\u0131\u015f\u0131ndan geli\u015flerin ertelenmesine ili\u015fkin ne d\u00fc\u015f\u00fcn\u00fcyorsunuz?&#8221; sorusu \u00fczerine T\u00fcrk,  &#8220;Tabii ki biz bu ertelemenin 28 Ekim tarihi \u00fczerinde de\u011ferlendirdik. Bir g\u00fcn sonra Cumhuriyet Bayram\u0131, bu konuda do\u011fru organizasyonun yap\u0131lmama imkan\u0131 do\u011fdu, sadece bu y\u00f6n\u00fc ile ald\u0131k. Ama bar\u0131\u015f gruplar\u0131n\u0131n, Avrupa&#8217;daki grubun gelmesini \u00f6nemsiyoruz. Bu bar\u0131\u015f s\u00fcrecini akamete u\u011fratmaya gerek yok. Korkmaya da \u00fcrkmeye de gerek yok. 30 y\u0131ll\u0131k sanc\u0131l\u0131 bir s\u00fcrecin sonunda bir noktaya gelinmi\u015f, bunun ini\u015fli \u00e7\u0131k\u0131\u015fl\u0131 olaca\u011f\u0131n\u0131 tahmin ediyorduk. Bu da ka\u00e7\u0131n\u0131lmaz bir s\u00fcre\u00e7 olarak g\u00f6rmemiz laz\u0131m. B\u00fct\u00fcn bunlar\u0131n ya\u015fanabilece\u011fini hesaplayamazsak, o zaman bu bar\u0131\u015f\u00e7\u0131l s\u00fcrece haz\u0131r olmad\u0131\u011f\u0131m\u0131z\u0131 ortaya koyuyor. Kolay olmad\u0131\u011f\u0131n\u0131 biz de biliyoruz&#8221; dedi.<\/p>\n<p style=\"text-align: justify;\"><span style=\"color: #888888;\">CNN T\u00dcRK<\/span><\/p>\n","protected":false},"excerpt":{"rendered":"<\/p>\n<p style=\"text-align: justify;\">DTP, PKK&#8217;l\u0131lar\u0131n kar\u015f\u0131lama g\u00f6r\u00fcnt\u00fclerine gelen tepkilerden rahats\u0131z. Ankara&#8217;da bir bas\u0131n toplant\u0131s\u0131 d\u00fczenleyen DTP Genel bBa\u015fkan\u0131 Ahmet T\u00fcrk, &#8220;DTP olmasayd\u0131 da bar\u0131\u015f grubunu yine y\u00fczbinler kar\u015f\u0131layacakt\u0131&#8221; dedi. T\u00fcrk, CHP ve MHP&#8217;ye de tepki g\u00f6sterdi. H\u00fck\u00fcmeti ise tepkilerden korkup demokratik a\u00e7\u0131l\u0131m konusunda geri ad\u0131m atmakla su\u00e7lad\u0131. <\/p>\n","protected":false},"author":1,"featured_media":0,"comment_status":"open","ping_status":"closed","sticky":false,"template":"","format":"standard","meta":{"footnotes":""},"categories":[105],"tags":[],"class_list":["post-16120","post","type-post","status-publish","format-standard","hentry","category-gundem","odd"],"_links":{"self":[{"href":"http:\/\/www.korhanyilmaz.com\/index.php?rest_route=\/wp\/v2\/posts\/16120","targetHints":{"allow":["GET"]}}],"collection":[{"href":"http:\/\/www.korhanyilmaz.com\/index.php?rest_route=\/wp\/v2\/posts"}],"about":[{"href":"http:\/\/www.korhanyilmaz.com\/index.php?rest_route=\/wp\/v2\/types\/post"}],"author":[{"embeddable":true,"href":"http:\/\/www.korhanyilmaz.com\/index.php?rest_route=\/wp\/v2\/users\/1"}],"replies":[{"embeddable":true,"href":"http:\/\/www.korhanyilmaz.com\/index.php?rest_route=%2Fwp%2Fv2%2Fcomments&post=16120"}],"version-history":[{"count":0,"href":"http:\/\/www.korhanyilmaz.com\/index.php?rest_route=\/wp\/v2\/posts\/16120\/revisions"}],"wp:attachment":[{"href":"http:\/\/www.korhanyilmaz.com\/index.php?rest_route=%2Fwp%2Fv2%2Fmedia&parent=16120"}],"wp:term":[{"taxonomy":"category","embeddable":true,"href":"http:\/\/www.korhanyilmaz.com\/index.php?rest_route=%2Fwp%2Fv2%2Fcategories&post=16120"},{"taxonomy":"post_tag","embeddable":true,"href":"http:\/\/www.korhanyilmaz.com\/index.php?rest_route=%2Fwp%2Fv2%2Ftags&post=16120"}],"curies":[{"name":"wp","href":"https:\/\/api.w.org\/{rel}","templated":true}]}}