{"id":16115,"date":"2009-10-26T22:19:43","date_gmt":"2009-10-26T20:19:43","guid":{"rendered":"http:\/\/www.korhanyilmaz.com\/?p=16115"},"modified":"2026-01-08T23:21:41","modified_gmt":"2026-01-08T20:21:41","slug":"erdogan-tsk-zan-altinda-kalamaz","status":"publish","type":"post","link":"http:\/\/www.korhanyilmaz.com\/?p=16115","title":{"rendered":"Erdo\u011fan: TSK zan alt\u0131nda kalamaz"},"content":{"rendered":"<p style=\"text-align: center;\">\n<p><a href=\"http:\/\/www.korhanyilmaz.com\/wp-content\/uploads\/2009\/10\/527d3ba7992df10f800ff99d.jpg\"  class=\"lightview\"><img loading=\"lazy\" decoding=\"async\" class=\"size-full wp-image-1915665 aligncenter\" src=\"http:\/\/www.korhanyilmaz.com\/wp-content\/uploads\/2009\/10\/527d3ba7992df10f800ff99d.jpg\" alt=\"\" width=\"500\" height=\"332\" \/><\/a><\/p>\n<p style=\"text-align: justify;\">Ba\u015fbakan Recep Tayyip Erdo\u011fan, \u0130rtica \u0130le M\u00fccadele Eylem Plan\u0131&#8217;yla ilgili olarak, &#8220;T\u00fcrk Silahl\u0131 Kuvvetleri zan alt\u0131nda kalamaz&#8221; dedi. Cumhurba\u015fkan\u0131 Abdullah G\u00fcl de konuyla ilgili olarak &#8220;ola\u011fan\u00fcst\u00fc bir durum de\u011fil&#8221; diye konu\u015ftu.<\/p>\n<p style=\"text-align: justify;\">\u0130rtica \u0130le M\u00fccadele Eylem Plan\u0131&#8217;n\u0131n orjinalinin Ergenekon savc\u0131lar\u0131na g\u00f6nderildi\u011fi ve savc\u0131l\u0131\u011f\u0131n da 6 askeri ifade vermek i\u00e7in \u00e7a\u011f\u0131rd\u0131\u011f\u0131 y\u00f6n\u00fcndeki haberlerle ilgili bir a\u00e7\u0131klama da Ba\u015fbakan Erdo\u011fan&#8217;dan geldi. <!--more--><\/p>\n<p style=\"text-align: justify;\">Ba\u015fbakan Recep Tayyip Erdo\u011fan, &#8220;\u0130rticayla M\u00fccadele Eylem Plan\u0131&#8221;na ili\u015fkin yeni geli\u015fmelerle ilgili olarak &#8220;Temennim odur ki \u015fu andaki yaz\u0131lanlar, \u00e7izilenler veya s\u00f6ylenenler do\u011fru \u00e7\u0131kmas\u0131n, yanl\u0131\u015f \u00e7\u0131ks\u0131n. B\u00f6yle bir bedeli T\u00fcrkiye Cumhuriyeti Devleti kald\u0131ramaz. \u00d6zellikle de Silahl\u0131 Kuvvetlerimizin b\u00f6yle bir zan alt\u0131nda kalmas\u0131n\u0131 da tabii hazmetmek kabul edilebilir gibi de\u011fil&#8221; dedi.<\/p>\n<p style=\"text-align: justify;\">Ba\u015fbakan Erdo\u011fan, Pakistan&#8217;dan \u0130ran&#8217;a giderken u\u00e7akta gazetecilerin sorular\u0131n\u0131 yan\u0131tlad\u0131.<\/p>\n<p style=\"text-align: justify;\">Erdo\u011fan, &#8220;Cumhuriyet Savc\u0131l\u0131\u011f\u0131 baz\u0131 askeri personelin ifadesinin al\u0131nmas\u0131 i\u00e7in ba\u015fvuru yapt\u0131. Bu konuyla ilgili bir de\u011ferlendirmez olacak m\u0131?&#8221; sorusuna &#8220;Temennim odur ki \u015fu andaki yaz\u0131lanlar, \u00e7izilenler veya s\u00f6ylenenler do\u011fru \u00e7\u0131kmas\u0131n, yanl\u0131\u015f \u00e7\u0131ks\u0131n. B\u00f6yle bir bedeli T\u00fcrkiye Cumhuriyeti Devleti kald\u0131ramaz. \u00d6zellikle de Silahl\u0131 Kuvvetlerimizin b\u00f6yle bir zan alt\u0131nda kalmas\u0131n\u0131 da tabii hazmetmek kabul edilebilir gibi de\u011fil&#8221; diye konu\u015ftu.<\/p>\n<p style=\"text-align: justify;\">Ba\u015fbakan Erdo\u011fan, &#8220;Burada tabii son olarak \u00f6zellikle ad\u0131n\u0131 vermeyen, bu iddian\u0131n sahibi ki\u015fi tan\u0131k olarak dinlenebilece\u011finden, ifade verebilece\u011finden falan bahsetti. Yani ger\u00e7ekten bu ki\u015fi ortaya \u00e7\u0131kacak m\u0131? Gelip ifade verecek mi? \u00d6yle zannediyorum ki b\u00f6yle bir \u015fey olur da ifade verirse o zaman bir \u00e7ok ger\u00e7ek \u00e7ok daha net ortaya \u00e7\u0131kar. Tabii burada hi\u00e7 kimsenin asl\u0131nda \u00fcz\u00fclmemesi, hi\u00e7 kimsenin bana g\u00f6re (ni\u00e7in b\u00f6yle bir \u015fey oluyor?) diye de bir s\u0131k\u0131nt\u0131n\u0131n i\u00e7erisine girmemesi gerekir. Hepimiz do\u011fru olan\u0131n, ger\u00e7e\u011fin ortaya \u00e7\u0131kmas\u0131n\u0131n \u00fclkemiz i\u00e7in hay\u0131rl\u0131 olaca\u011f\u0131 noktas\u0131nda birle\u015fmemiz laz\u0131m. Do\u011frusu ben \u015fu anda i\u015fin ba\u015f\u0131ndan bu yana izledi\u011fim gibi yine izlemeye devam ediyorum. Konunun takibine ayn\u0131 \u015fekilde arkada\u015flar\u0131m\u0131zla devam ediyoruz&#8221; ifadelerini kulland\u0131.<\/p>\n<p style=\"text-align: justify;\"><strong><em>&#8220;Genelkurmay Ba\u015fkan\u0131 ile g\u00f6r\u00fc\u015fece\u011fim&#8221; <\/em><\/strong><\/p>\n<p style=\"text-align: justify;\">Erdo\u011fan, &#8220;Ben tabii medya \u00fczerinden Genelkurmay Ba\u015fkan\u0131 ile konu\u015fmak istemem, ama d\u00f6nd\u00fckten sonra zaten haftal\u0131k rutin g\u00f6r\u00fc\u015fmemiz oluyor. Belki bu g\u00f6r\u00fc\u015fme vesilesiyle bir araya geldi\u011fimizde bu konuyu muhakkak g\u00f6r\u00fc\u015fece\u011fiz. \u00d6nemli bir konu ve aram\u0131zda bu konuyu g\u00f6r\u00fc\u015ferek s\u00fcreci de\u011ferlendiririz&#8221; diye konu\u015ftu.<\/p>\n<p style=\"text-align: justify;\">Ba\u015fbakan Erdo\u011fan, &#8220;Yurt d\u0131\u015f\u0131ndan geli\u015flerin durdurulmas\u0131 karar\u0131n\u0131 Say\u0131n Genelkurmay Ba\u015fkan\u0131 ile ald\u0131\u011f\u0131n\u0131z y\u00f6n\u00fcnde haberler var&#8230;&#8221; denilmesi \u00fczerine de &#8220;Tam aksine bu, Koordinat\u00f6r Bakan\u0131mla beraber g\u00f6r\u00fc\u015ferek ald\u0131\u011f\u0131m\u0131z bir karar&#8221; dedi.<\/p>\n<p style=\"text-align: justify;\"><strong><em>G\u00fcl: &#8220;Ola\u011fan\u00fcst\u00fc bir durum de\u011fil&#8221; <\/em><\/strong><\/p>\n<p style=\"text-align: justify;\">Cumhurba\u015fkan\u0131 Abdullah G\u00fcl ise resmi ziyaret ger\u00e7ekle\u015ftirdi\u011fi S\u0131rbistan&#8217;\u0131n ba\u015fkenti Belgrad&#8217;da bas\u0131n mensuplar\u0131yla yapt\u0131\u011f\u0131 sohbet toplant\u0131s\u0131nda &#8220;kamuoyunda irtica belgesi olarak bilinen belgeye ili\u015fkin subaylar\u0131n ifadeye \u00e7a\u011fr\u0131lmas\u0131 y\u00f6n\u00fcnde savc\u0131l\u0131\u011f\u0131n bir giri\u015fimi oldu\u011fu iddialar\u0131n\u0131n bulundu\u011funun&#8221; s\u00f6ylenmesi \u00fczerine, &#8220;ola\u011fan\u00fcst\u00fc bir durum de\u011fil. hukuk devletinde hukukun gere\u011fi neyse o yap\u0131l\u0131r. ba\u015fka bir \u015fey yap\u0131lmaz&#8221; diye konu\u015ftu.<\/p>\n<p style=\"text-align: justify;\"><span style=\"color: #888888;\">CNN T\u00dcRK<\/span><\/p>\n","protected":false},"excerpt":{"rendered":"<p style=\"text-align: center;\">\n<p style=\"text-align: justify;\">Ba\u015fbakan Recep Tayyip Erdo\u011fan, \u0130rtica \u0130le M\u00fccadele Eylem Plan\u0131&#8217;yla ilgili olarak, &#8220;T\u00fcrk Silahl\u0131 Kuvvetleri zan alt\u0131nda kalamaz&#8221; dedi. Cumhurba\u015fkan\u0131 Abdullah G\u00fcl de konuyla ilgili olarak &#8220;ola\u011fan\u00fcst\u00fc bir durum de\u011fil&#8221; diye konu\u015ftu.<\/p>\n<p style=\"text-align: justify;\">\u0130rtica \u0130le M\u00fccadele Eylem Plan\u0131&#8217;n\u0131n orjinalinin Ergenekon savc\u0131lar\u0131na g\u00f6nderildi\u011fi ve savc\u0131l\u0131\u011f\u0131n da 6 askeri ifade vermek <\/p>\n","protected":false},"author":1,"featured_media":0,"comment_status":"open","ping_status":"closed","sticky":false,"template":"","format":"standard","meta":{"footnotes":""},"categories":[105],"tags":[],"class_list":["post-16115","post","type-post","status-publish","format-standard","hentry","category-gundem","odd"],"_links":{"self":[{"href":"http:\/\/www.korhanyilmaz.com\/index.php?rest_route=\/wp\/v2\/posts\/16115","targetHints":{"allow":["GET"]}}],"collection":[{"href":"http:\/\/www.korhanyilmaz.com\/index.php?rest_route=\/wp\/v2\/posts"}],"about":[{"href":"http:\/\/www.korhanyilmaz.com\/index.php?rest_route=\/wp\/v2\/types\/post"}],"author":[{"embeddable":true,"href":"http:\/\/www.korhanyilmaz.com\/index.php?rest_route=\/wp\/v2\/users\/1"}],"replies":[{"embeddable":true,"href":"http:\/\/www.korhanyilmaz.com\/index.php?rest_route=%2Fwp%2Fv2%2Fcomments&post=16115"}],"version-history":[{"count":0,"href":"http:\/\/www.korhanyilmaz.com\/index.php?rest_route=\/wp\/v2\/posts\/16115\/revisions"}],"wp:attachment":[{"href":"http:\/\/www.korhanyilmaz.com\/index.php?rest_route=%2Fwp%2Fv2%2Fmedia&parent=16115"}],"wp:term":[{"taxonomy":"category","embeddable":true,"href":"http:\/\/www.korhanyilmaz.com\/index.php?rest_route=%2Fwp%2Fv2%2Fcategories&post=16115"},{"taxonomy":"post_tag","embeddable":true,"href":"http:\/\/www.korhanyilmaz.com\/index.php?rest_route=%2Fwp%2Fv2%2Ftags&post=16115"}],"curies":[{"name":"wp","href":"https:\/\/api.w.org\/{rel}","templated":true}]}}