{"id":16111,"date":"2009-10-26T08:55:15","date_gmt":"2009-10-26T06:55:15","guid":{"rendered":"http:\/\/www.korhanyilmaz.com\/?p=16111"},"modified":"2009-10-26T08:55:15","modified_gmt":"2009-10-26T06:55:15","slug":"tsk-belgeyle-ilgili-bu-sorulara-cevap-ariyor","status":"publish","type":"post","link":"http:\/\/www.korhanyilmaz.com\/?p=16111","title":{"rendered":"TSK belgeyle ilgili bu sorulara cevap ar\u0131yor"},"content":{"rendered":"<p style=\"text-align: center;\"><a href=\"http:\/\/www.korhanyilmaz.com\/wp-content\/uploads\/2009\/10\/basbug3.jpg\"  class=\"lightview\"><img loading=\"lazy\" decoding=\"async\" class=\"aligncenter size-full wp-image-16112\" src=\"http:\/\/www.korhanyilmaz.com\/wp-content\/uploads\/2009\/10\/basbug3.jpg\" alt=\"\" width=\"329\" height=\"210\" \/><\/a><\/p>\n<p style=\"text-align: justify;\">\u2019\u0130rtica\u2019 belgesinin Albay Dursun \u00c7i\u00e7ek imzal\u0131 orijinalinin ortaya \u00e7\u0131kt\u0131\u011f\u0131 iddias\u0131 \u00fczerine g\u00f6zler Genelkurmay\u2019a \u00e7evrildi.<\/p>\n<p style=\"text-align: justify;\">Komuta kademesinde belgenin ger\u00e7ekli\u011fiyle ilgili ku\u015fkular s\u00fcr\u00fcyor, \u00f6zellikle 5 soruya cevap aran\u0131yor.<\/p>\n<p style=\"text-align: justify;\">4.5 ay \u00f6nce fotokopisi ortaya \u00e7\u0131kan irtica belgenin orijinalinin, bir ihbar mektubuyla birlikte \u0130stanbul Cumhuriyet Savc\u0131l\u0131\u011f\u0131\u2019na g\u00f6nderilmesi yeni bir tart\u0131\u015fman\u0131n kap\u0131s\u0131n\u0131 a\u00e7t\u0131. Erdo\u011fan Pakistan yolunda gazetecilere \u201cTakip\u00e7isi olaca\u011f\u0131z. Belge ger\u00e7ek olabilir. Adli T\u0131p raporu o y\u00f6nde. TSK da b\u00f6yle bir lekeyi kabul etmez\u201d demi\u015fti. <!--more-->Genelkurmay da k\u0131sa bir yaz\u0131l\u0131 a\u00e7\u0131klamayla yetinmi\u015fti. VATAN\u2019\u0131n elde etti\u011fi bilgilere g\u00f6re, komuta kademesinin olaya bak\u0131\u015f a\u00e7\u0131s\u0131 \u00f6zetle \u015f\u00f6yle:<\/p>\n<p style=\"text-align: justify;\">\u201cBir Albay i\u00e7in koskoca T\u00fcrk Silahl\u0131 Kuvvetleri zan alt\u0131nda b\u0131rak\u0131lacak de\u011fildir. Albay hakl\u0131 ise, bu belge ger\u00e7ekten sahte ise tabii ki Albay\u2019\u0131n yasal haklar\u0131 sonuna kadar korunur. Ancak ger\u00e7ek ise o zaman gere\u011fi de elbette yap\u0131l\u0131r. Ancak kamuouyunun bu olayda \u015fu be\u015f sorunun cevab\u0131n\u0131 merak etmesi ve ilgililerin de bu konulara mutlaka a\u00e7\u0131kl\u0131k getirmesi gerekir.<\/p>\n<p style=\"text-align: justify;\"><strong>1<\/strong> &#8211;\u00a0 Bu \u0131slak imzal\u0131 belgenin herhalde bug\u00fcnlerde ele ge\u00e7ti\u011fine inanmam\u0131z\u0131 kimse bizden ve kamuoyundan beklemesin. \u0130kna edici olmaz. Bu halde neden bu ger\u00e7ek dedikler\u0131 belgeyi \u015fimdi orataya \u00e7\u0131kart\u0131yorlar? Niye bu kadar beklediler?<\/p>\n<p style=\"text-align: justify;\"><strong>2<\/strong> &#8211; \u0130stanbul Cumhuriyet Ba\u015fsavc\u0131l\u0131\u011f\u0131, Albay Dursun \u00c7icek olay\u0131 ile ilgili olarak g\u00f6revs\u0131zl\u0131k karar\u0131 verip dosyay\u0131 Ankara Cumhuriyet Ba\u015fsavc\u0131l\u0131\u011f\u0131\u2019na yollam\u0131\u015ft\u0131. Ne de\u011fi\u015fti? Dursun \u00c7i\u00e7ek\u2019\u0131n g\u00f6rev yapt\u0131\u011f\u0131 yer de\u011fi\u015fmedi. Genelkurmay da Ankara\u2019dan \u0130stanbul\u2019a ta\u015f\u0131nmad\u0131. Bu ihbar mektubunu neden gere\u011fi i\u00e7in Ankara Cumhuriyet Ba\u015fsavc\u0131l\u0131\u011f\u0131\u2019na yollamad\u0131lar.<\/p>\n<p style=\"text-align: justify;\"><strong>3 <\/strong>&#8211; Askeri personele sivil yarg\u0131lama yolu a\u00e7an TCK\u2019daki de\u011fi\u015fiklik Anayasa Mahkemesi\u2019nde de\u011ferlendiriliyor. Beklentilere g\u00f6re Y\u00fcksek Mahkeme bu konudak\u0131 karar\u0131n\u0131 Kas\u0131m ay\u0131 i\u00e7inde verecek. Anayasa Mahkemes\u0131 karar\u0131n\u0131 versin. Yarg\u0131lamay\u0131 yapacak yarg\u0131 makam\u0131 belli olsun. Neden bu kadar acele ediliyor?<\/p>\n<p style=\"text-align: justify;\"><strong>4 <\/strong>&#8211; Ellerindeki belgenin ger\u00e7ekli\u011finden bu kadar eminlerse neden hukuk d\u0131\u015f\u0131 yollara ba\u015fvuruluyor? Neden bas\u0131na servis yap\u0131l\u0131p acele kamuoyu bask\u0131s\u0131 yarat\u0131l\u0131yor?<\/p>\n<p style=\"text-align: justify;\"><strong>5 <\/strong>&#8211; Biz hala bu belgenin ger\u00e7ekli\u011fiyle ilgili \u015f\u00fcphe ta\u015f\u0131yoruz. Hukuk ve ak\u0131l d\u0131\u015f\u0131 bu belgenin, s\u0131n\u0131flar\u0131n\u0131 hep birincilikle bitirmi\u015f bir Kurmay Albay\u2019\u0131n haz\u0131rlam\u0131\u015f olmas\u0131n\u0131 mant\u0131\u011f\u0131m\u0131z alm\u0131yor.<\/p>\n<p style=\"text-align: justify;\"><em><strong>TSK gere\u011fini yapar<\/strong><\/em><\/p>\n<p style=\"text-align: justify;\">\u0130rtica belgesinin fotokopisi ortaya \u00e7\u0131kt\u0131\u011f\u0131nda \u2019o belge \u015fu an i\u00e7in bir ka\u011f\u0131t par\u00e7as\u0131\u2019 de\u011ferlendirmesi yapm\u0131\u015ft\u0131k. O belge e\u011fer ger\u00e7ek \u00e7\u0131karsa T\u00fcrk Silahl\u0131 Kuvvetleri olarak gere\u011fini mutlaka yapar\u0131z.\u201d<\/p>\n<p style=\"text-align: justify;\"><span style=\"color: #888888;\">Vatan<\/span><\/p>\n","protected":false},"excerpt":{"rendered":"<p style=\"text-align: center;\">\n<p style=\"text-align: justify;\">\u2019\u0130rtica\u2019 belgesinin Albay Dursun \u00c7i\u00e7ek imzal\u0131 orijinalinin ortaya \u00e7\u0131kt\u0131\u011f\u0131 iddias\u0131 \u00fczerine g\u00f6zler Genelkurmay\u2019a \u00e7evrildi.<\/p>\n<p style=\"text-align: justify;\">Komuta kademesinde belgenin ger\u00e7ekli\u011fiyle ilgili ku\u015fkular s\u00fcr\u00fcyor, \u00f6zellikle 5 soruya cevap aran\u0131yor.<\/p>\n<p style=\"text-align: justify;\">4.5 ay \u00f6nce fotokopisi ortaya \u00e7\u0131kan irtica belgenin orijinalinin, bir ihbar mektubuyla birlikte \u0130stanbul Cumhuriyet Savc\u0131l\u0131\u011f\u0131\u2019na g\u00f6nderilmesi yeni bir tart\u0131\u015fman\u0131n <\/p>\n","protected":false},"author":1,"featured_media":0,"comment_status":"open","ping_status":"closed","sticky":false,"template":"","format":"standard","meta":{"footnotes":""},"categories":[105],"tags":[],"class_list":["post-16111","post","type-post","status-publish","format-standard","hentry","category-gundem","odd"],"_links":{"self":[{"href":"http:\/\/www.korhanyilmaz.com\/index.php?rest_route=\/wp\/v2\/posts\/16111","targetHints":{"allow":["GET"]}}],"collection":[{"href":"http:\/\/www.korhanyilmaz.com\/index.php?rest_route=\/wp\/v2\/posts"}],"about":[{"href":"http:\/\/www.korhanyilmaz.com\/index.php?rest_route=\/wp\/v2\/types\/post"}],"author":[{"embeddable":true,"href":"http:\/\/www.korhanyilmaz.com\/index.php?rest_route=\/wp\/v2\/users\/1"}],"replies":[{"embeddable":true,"href":"http:\/\/www.korhanyilmaz.com\/index.php?rest_route=%2Fwp%2Fv2%2Fcomments&post=16111"}],"version-history":[{"count":0,"href":"http:\/\/www.korhanyilmaz.com\/index.php?rest_route=\/wp\/v2\/posts\/16111\/revisions"}],"wp:attachment":[{"href":"http:\/\/www.korhanyilmaz.com\/index.php?rest_route=%2Fwp%2Fv2%2Fmedia&parent=16111"}],"wp:term":[{"taxonomy":"category","embeddable":true,"href":"http:\/\/www.korhanyilmaz.com\/index.php?rest_route=%2Fwp%2Fv2%2Fcategories&post=16111"},{"taxonomy":"post_tag","embeddable":true,"href":"http:\/\/www.korhanyilmaz.com\/index.php?rest_route=%2Fwp%2Fv2%2Ftags&post=16111"}],"curies":[{"name":"wp","href":"https:\/\/api.w.org\/{rel}","templated":true}]}}