{"id":16107,"date":"2009-10-26T00:55:58","date_gmt":"2009-10-25T22:55:58","guid":{"rendered":"http:\/\/www.korhanyilmaz.com\/?p=16107"},"modified":"2009-10-26T00:55:58","modified_gmt":"2009-10-25T22:55:58","slug":"devlet-bahceli-meydana-cikiyor","status":"publish","type":"post","link":"http:\/\/www.korhanyilmaz.com\/?p=16107","title":{"rendered":"Devlet Bah\u00e7eli meydana \u00e7\u0131k\u0131yor"},"content":{"rendered":"<p style=\"text-align: center;\"><a href=\"http:\/\/www.korhanyilmaz.com\/wp-content\/uploads\/2009\/10\/bahceli1.jpg\"  class=\"lightview\"><img loading=\"lazy\" decoding=\"async\" class=\"aligncenter size-full wp-image-16108\" src=\"http:\/\/www.korhanyilmaz.com\/wp-content\/uploads\/2009\/10\/bahceli1.jpg\" alt=\"\" width=\"450\" height=\"225\" \/><\/a><\/p>\n<p style=\"text-align: justify;\"><strong><em>Kurultay\u2019dan sonra<\/em><\/strong><\/p>\n<p style=\"text-align: justify;\">BAH\u00c7EL\u0130, 8 Kas\u0131m\u2019daki \u201cSonsuza Kadar Var Ol T\u00fcrkiye 9. Ola\u011fan B\u00fcy\u00fck Kurultay\u201d\u0131n ard\u0131ndan yurdun her y\u00f6resinde \u201cBin Y\u0131ll\u0131k Karde\u015fli\u011fi Ya\u015fa ve Ya\u015fat\u201d mitingleri d\u00fczenleyeceklerini a\u00e7\u0131klad\u0131.<\/p>\n<p style=\"text-align: justify;\"><strong><em>Devlet Bah\u00e7eli, meydanlara iniyor<\/em><\/strong><\/p>\n<p style=\"text-align: justify;\">MHP Genel Ba\u015fkan\u0131, partisinin 8 Kas\u0131m\u2019da yap\u0131lacak 9. Ola\u011fan B\u00fcy\u00fck Kurultay davetinde, \u2019Bin Y\u0131ll\u0131k Karde\u015fli\u011fi Ya\u015fa ve Ya\u015fat\u2019 mesaj\u0131yla T\u00fcrkiye\u2019nin d\u00f6rt bir yan\u0131nda mitingler d\u00fczenleyeceklerini duyurdu. <!--more--><\/p>\n<p style=\"text-align: justify;\">AKP h\u00fck\u00fcmetinin K\u00fcrt a\u00e7\u0131l\u0131m\u0131na kar\u015f\u0131 y\u00fcr\u00fct\u00fc\u011f\u00fc muhalefeti daha da sertle\u015ftirece\u011finin mesaj\u0131n\u0131 veren MHP Genel Ba\u015fkan\u0131 Devlet Bah\u00e7eli,  meydanlara ineceklerini s\u00f6yledi. Bah\u00e7eli, partisinin 8 Kas\u0131m Pazar g\u00fcn\u00fc Ankara\u2019da \u201cSonsuza Kadar Var ol T\u00fcrkiye\u201d temas\u0131yla toplanacak 9. Ola\u011fan B\u00fcy\u00fck Kurultay\u0131 i\u00e7in davet mesaj\u0131 yay\u0131mlad\u0131.<\/p>\n<p style=\"text-align: justify;\"><strong><em>Karanl\u0131k s\u00fcre\u00e7<\/em><\/strong><\/p>\n<p style=\"text-align: justify;\">Devlet Bah\u00e7eli, teslimiyete kar\u015f\u0131 durma, karde\u015flikte bulu\u015fma ve gelece\u011fi payla\u015fma zaman\u0131 oldu\u011funu s\u00f6yledi. Mesaj\u0131nda, Cumhuriyet\u2019in kurulu\u015funun 86. y\u0131l\u0131nda \u00fclkenin yine karanl\u0131k bir s\u00fcrecin b\u00fct\u00fcn sanc\u0131lar\u0131n\u0131 ya\u015fad\u0131\u011f\u0131n\u0131 belirten MHP Genel Ba\u015fkan\u0131 Bah\u00e7eli, Sevr\u2019de yar\u0131m kalarak kapanmam\u0131\u015f tarihi emellerin Lozan ile hesapla\u015fmas\u0131n\u0131n s\u00fcrd\u00fc\u011f\u00fcn\u00fc ifade etti.<\/p>\n<p style=\"text-align: justify;\"><strong><em>Kutsallar tahrip edildi<\/em><\/strong><\/p>\n<p style=\"text-align: justify;\">T\u00fcrk milletinin, birli\u011fine, varl\u0131\u011f\u0131na ve gelece\u011fine y\u00f6nelik ayr\u0131\u015fma ve b\u00f6l\u00fcnme tehdidi alt\u0131nda oldu\u011funu kaydeden Devlet Bah\u00e7eli, bin y\u0131lda yo\u011frulmu\u015f karde\u015flik duygular\u0131n\u0131n h\u00fck\u00fcmet eliyle k\u00f6reltilmek istendi\u011fini s\u00f6yledi. Vatan, bayrak, millet, \u015fahadet, gazilik gibi b\u00fct\u00fcn kutsallar\u0131n tahrip edildi\u011fini dile getiren Bah\u00e7eli, \u201cB\u00f6ylesi bir vahim gidi\u015fin sonu karga\u015fa, \u00e7at\u0131\u015fma, par\u00e7alanma ve yok olu\u015ftur. \u015eimdi, teslimiyete kar\u015f\u0131 durma, karde\u015flikte bulu\u015fma ve gelece\u011fi payla\u015fma zaman\u0131d\u0131r\u201d diye konu\u015ftu. MHP Genel Ba\u015fkanI Bah\u00e7eli, partisinin T\u00fcrkiye\u2019nin tamam\u0131n\u0131, k\u00f6ken, mezhep, y\u00f6re ayr\u0131m\u0131 yapmaks\u0131z\u0131n kucaklamak i\u00e7in yola \u00e7\u0131kt\u0131\u011f\u0131na vurgu yapt\u0131. \u2019Bin Y\u0131ll\u0131k Karde\u015fli\u011fi Ya\u015fa ve Ya\u015fat\u2019 mesaj\u0131yla yurdun \u00e7e\u015fitli y\u00f6relerinde, a\u00e7\u0131k hava toplant\u0131lar\u0131 yapacaklar\u0131n\u0131 da belirten Bah\u00e7eli, MHP\u2019nin 9. Ola\u011fan B\u00fcy\u00fck Kurultay\u0131\u2019n\u0131n yaln\u0131zca siyasal kadrolar\u0131n tespiti olmayaca\u011f\u0131na i\u015faret etti.<\/p>\n<p style=\"text-align: justify;\"><strong><em>Tarihi bir g\u00f6rev<\/em><\/strong><\/p>\n<p style=\"text-align: justify;\">Bah\u00e7eli, ayn\u0131 zamanda bin y\u0131ll\u0131k karde\u015fli\u011fin ya\u015famas\u0131 ve ya\u015fat\u0131lmas\u0131 gibi tarihi bir g\u00f6revin d\u00f6n\u00fcm noktas\u0131 ve seri toplant\u0131lar\u0131n ba\u015flang\u0131c\u0131 anlam\u0131n\u0131 ta\u015f\u0131yaca\u011f\u0131n\u0131 belirtti. Bah\u00e7eli, mesaj\u0131nda \u015funlar\u0131 kaydetti: \u201cAnkara\u2019da yap\u0131lacak olan Sonsuza Kadar Var Ol T\u00fcrkiye 9. Ola\u011fan B\u00fcy\u00fck Kurultay\u0131m\u0131za ve ard\u0131ndan yurdumuzun her y\u00f6resinde yap\u0131lacak olan \u2019Bin Y\u0131ll\u0131k Karde\u015fli\u011fi Ya\u015fa ve Ya\u015fat\u2019a\u00e7\u0131k hava toplant\u0131lar\u0131na \u015fimdiden davet ediyorum. \u00d6n\u00fcm\u00fczdeki d\u00f6nem i\u00e7inde yap\u0131lacak bu anlaml\u0131 bulu\u015fmalar\u0131, b\u00fcy\u00fck T\u00fcrk milletine gururla m\u00fcjdeliyor, kurultay\u0131m\u0131z\u0131n devletimize, milletimize, partimize, demokrasimize, T\u00fcrk ve \u0130slam d\u00fcnyas\u0131na ve insanl\u0131\u011fa hay\u0131rl\u0131 olmas\u0131n\u0131 Cenab-\u0131 Allah\u2019tan diliyorum.\u201d<\/p>\n<p style=\"text-align: justify;\"><span style=\"color: #888888;\">Haber Kayna\u011f\u0131 : <a href=\"http:\/\/www.yenicaggazetesi.com.tr\/haberdetay.php?hit=25238\" target=\"_blank\">yenicaggazetesi.com.tr<\/a><\/span><\/p>\n","protected":false},"excerpt":{"rendered":"<p style=\"text-align: center;\">\n<p style=\"text-align: justify;\">Kurultay\u2019dan sonra<\/p>\n<p style=\"text-align: justify;\">BAH\u00c7EL\u0130, 8 Kas\u0131m\u2019daki \u201cSonsuza Kadar Var Ol T\u00fcrkiye 9. Ola\u011fan B\u00fcy\u00fck Kurultay\u201d\u0131n ard\u0131ndan yurdun her y\u00f6resinde \u201cBin Y\u0131ll\u0131k Karde\u015fli\u011fi Ya\u015fa ve Ya\u015fat\u201d mitingleri d\u00fczenleyeceklerini a\u00e7\u0131klad\u0131.<\/p>\n<p style=\"text-align: justify;\">Devlet Bah\u00e7eli, meydanlara iniyor<\/p>\n<p style=\"text-align: justify;\">MHP Genel Ba\u015fkan\u0131, partisinin 8 Kas\u0131m\u2019da yap\u0131lacak 9. Ola\u011fan B\u00fcy\u00fck Kurultay davetinde, \u2019Bin <\/p>\n","protected":false},"author":1,"featured_media":0,"comment_status":"open","ping_status":"closed","sticky":false,"template":"","format":"standard","meta":{"footnotes":""},"categories":[105],"tags":[],"class_list":["post-16107","post","type-post","status-publish","format-standard","hentry","category-gundem","odd"],"_links":{"self":[{"href":"http:\/\/www.korhanyilmaz.com\/index.php?rest_route=\/wp\/v2\/posts\/16107","targetHints":{"allow":["GET"]}}],"collection":[{"href":"http:\/\/www.korhanyilmaz.com\/index.php?rest_route=\/wp\/v2\/posts"}],"about":[{"href":"http:\/\/www.korhanyilmaz.com\/index.php?rest_route=\/wp\/v2\/types\/post"}],"author":[{"embeddable":true,"href":"http:\/\/www.korhanyilmaz.com\/index.php?rest_route=\/wp\/v2\/users\/1"}],"replies":[{"embeddable":true,"href":"http:\/\/www.korhanyilmaz.com\/index.php?rest_route=%2Fwp%2Fv2%2Fcomments&post=16107"}],"version-history":[{"count":0,"href":"http:\/\/www.korhanyilmaz.com\/index.php?rest_route=\/wp\/v2\/posts\/16107\/revisions"}],"wp:attachment":[{"href":"http:\/\/www.korhanyilmaz.com\/index.php?rest_route=%2Fwp%2Fv2%2Fmedia&parent=16107"}],"wp:term":[{"taxonomy":"category","embeddable":true,"href":"http:\/\/www.korhanyilmaz.com\/index.php?rest_route=%2Fwp%2Fv2%2Fcategories&post=16107"},{"taxonomy":"post_tag","embeddable":true,"href":"http:\/\/www.korhanyilmaz.com\/index.php?rest_route=%2Fwp%2Fv2%2Ftags&post=16107"}],"curies":[{"name":"wp","href":"https:\/\/api.w.org\/{rel}","templated":true}]}}