{"id":16104,"date":"2009-10-26T00:56:22","date_gmt":"2009-10-25T22:56:22","guid":{"rendered":"http:\/\/www.korhanyilmaz.com\/?p=16104"},"modified":"2009-10-26T00:56:22","modified_gmt":"2009-10-25T22:56:22","slug":"acilim-gafletine-set-cektiler","status":"publish","type":"post","link":"http:\/\/www.korhanyilmaz.com\/?p=16104","title":{"rendered":"A\u00e7\u0131l\u0131m gafletine set \u00e7ektiler"},"content":{"rendered":"<p style=\"text-align: center;\"><a href=\"http:\/\/www.korhanyilmaz.com\/wp-content\/uploads\/2009\/10\/AC\u0130L\u0130M.jpg\"  class=\"lightview\"><img loading=\"lazy\" decoding=\"async\" class=\"aligncenter size-full wp-image-16105\" src=\"http:\/\/www.korhanyilmaz.com\/wp-content\/uploads\/2009\/10\/AC\u0130L\u0130M.jpg\" alt=\"\" width=\"450\" height=\"225\" \/><\/a><\/p>\n<p style=\"text-align: justify;\"><strong><em>T\u00fcrkiye b\u00f6l\u00fcc\u00fclere kar\u015f\u0131 tek y\u00fcrek oldu<\/em><\/strong><\/p>\n<p style=\"text-align: justify;\">Habur\u2019da teslim olan PKK\u2019l\u0131lar\u0131n g\u00fcnlerce s\u00fcren \u2019zafer \u015fovlar\u0131\u2019 d\u00fcn de Afyonkarahisar, Adana, U\u015fak, Edirne, \u00c7anakkale, Bal\u0131kesir, Bolu ve  Giresun\u2019da protesto edildi.<\/p>\n<p style=\"text-align: justify;\"><strong><em>AFYONKARAH\u0130SAR: <\/em><\/strong>An\u0131tpark \u00f6n\u00fcnde toplanan \u015eehit Aileleri ve Gazileri Derne\u011fi \u00fcyeleri ad\u0131na bas\u0131n a\u00e7\u0131klamas\u0131 yapan derne\u011fi y\u00f6netim kurulu \u00fcyesi Saadettin Da\u011fdelen, ter\u00f6r \u00f6rg\u00fct\u00fc eleba\u015f\u0131n\u0131n \u00e7a\u011fr\u0131s\u0131 \u00fczerine gelen PKK\u2019l\u0131 grubun Cumhurba\u015fkanl\u0131\u011f\u0131 ve TBMM\u2019ye sunulmak \u00fczere bir mektup getirdi\u011fini s\u00f6yledi. Gelen mektupta dil, k\u00fclt\u00fcr ve kimlik taleplerine yer verildi\u011fini belirten, Da\u011fdelen, \u015f\u00f6yle dedi: \u201cT\u00fcrkiye Cumhuriyeti\u2019nin her kurumuna kur\u015fun s\u0131kt\u0131n\u0131z, yakt\u0131n\u0131z, y\u0131kt\u0131n\u0131z. Siz ne hakla T\u00fcrkiye Cumhuriyeti\u2019nden \u00f6zg\u00fcrl\u00fck ad\u0131na talepte bulunuyorsunuz. Gazi ve \u015eehit Aileleri Derne\u011fi olarak, devletin imkanlar\u0131yla kar\u015f\u0131lamaya gidenler hakk\u0131nda su\u00e7 duyurusunda bulunaca\u011f\u0131z.\u201d <!--more--><\/p>\n<p style=\"text-align: justify;\"><strong><em>DTP\u2019nin i\u015ftah\u0131 kabard\u0131<\/em><\/strong><\/p>\n<p style=\"text-align: justify;\"><strong><em>ED\u0130RNE: <\/em><\/strong>\u00c7e\u015fitli parti ve sivil toplum kurulu\u015flar\u0131n\u0131n da destekledi\u011fi grup, ellerinde T\u00fcrk bayraklar\u0131 ve k\u0131nama d\u00f6vizleriyle Atat\u00fcrk An\u0131t\u0131 \u00f6n\u00fcnde topland\u0131. Sayg\u0131 duru\u015funda bulunan ve \u0130stiklal Mar\u015f\u0131\u2019n\u0131 okuyan grup, ter\u00f6r \u00f6rg\u00fct\u00fc aleyhine bir s\u00fcre slogan att\u0131. Alperen Ocaklar\u0131 Edirne \u015eubesi Ba\u015fkan\u0131 Alpaslan Cankalo\u011flu, burada yapt\u0131\u011f\u0131 bas\u0131n a\u00e7\u0131klamas\u0131nda, \u201cMilletin, siyasi iktidara yetkiyi hainlere ho\u015fg\u00f6r\u00fc g\u00f6stermesi i\u00e7in vermedi\u011fini\u201d s\u00f6yledi. Cankalo\u011flu, \u201c\u0130ktidar\u0131n hainlere kar\u015f\u0131 g\u00f6stermi\u015f oldu\u011fu ho\u015fg\u00f6r\u00fcl\u00fc yakla\u015f\u0131m, ter\u00f6ristlerin hamili\u011fine soyunan DTP\u2019nin i\u015ftah\u0131n\u0131 kabartm\u0131\u015ft\u0131r\u201d dedi.<\/p>\n<p style=\"text-align: justify;\"><strong><em>Silivri\u2019yi hat\u0131rlatt\u0131lar<\/em><\/strong><\/p>\n<p style=\"text-align: justify;\"><strong><em>\u00c7ANAKKALE:<\/em><\/strong> Ulusal G\u00fc\u00e7 Birli\u011fi Platformu \u00fcyelerince Cumhuriyet Meydan\u0131\u2019nda protesto g\u00f6sterisi yap\u0131ld\u0131. Atat\u00fcrk\u00e7\u00fc D\u00fc\u015f\u00fcnce Derne\u011fi \u00c7anakkale \u015eube Ba\u015fkan\u0131 Yrd. Do\u00e7. Dr. Necmi Akyal\u00e7\u0131n, buradaki konu\u015fmas\u0131nda \u00fclkede son zamanlarda \u00e7ok ilgin\u00e7 olaylar\u0131n ya\u015fand\u0131\u011f\u0131n\u0131 s\u00f6yledi. Akyal\u00e7\u0131n, \u015funlar\u0131 kaydetti: \u201cY\u0131llarca, elinde silah da\u011flarda T\u00fcrk askerine sald\u0131ran ter\u00f6ristler, s\u0131n\u0131rlarda devlet g\u00f6revlilerinin de aralar\u0131nda bulundu\u011fu gruplarca t\u00f6renle kar\u015f\u0131lan\u0131yor. Su\u00e7 i\u015fledin mi diyen yok. Neymi\u015f efendim su\u00e7lar\u0131 sabit de\u011filmi\u015f, kendileri de su\u00e7 i\u015fledikleri kan\u0131tlan\u0131ncaya kadar serbestmi\u015f. Peki Silivri\u2019ye toplad\u0131\u011f\u0131n\u0131z insanlara neden ayn\u0131 y\u00f6ntemi uygulamad\u0131n\u0131z\u201d diye konu\u015ftu.<\/p>\n<p style=\"text-align: justify;\"><strong><em>Hainler cezaland\u0131r\u0131ls\u0131n<\/em><\/strong><\/p>\n<p style=\"text-align: justify;\"><strong><em>BALIKES\u0130R: <\/em><\/strong>T\u00fcrkiye Harp Malul\u00fc Gaziler \u015eehit Dul ve Yetimleri Derne\u011fi ile Bal\u0131kesir \u015eehit Aileleri Yard\u0131mla\u015fma ve Dayan\u0131\u015fma Derne\u011fi \u00fcyeleri ile onlara destek veren yakla\u015f\u0131k 1000 ki\u015fi, Toplu Ta\u015f\u0131ma Merkezi\u2019nden \u015fehitli\u011fe dek y\u00fcr\u00fcd\u00fc. Ellerinde T\u00fcrk bayraklar\u0131 ve \u015fehit foto\u011fraflar\u0131yla t\u00fcrl\u00fc sloganlar atan gruba, yoldan ge\u00e7en vatanda\u015flar da destek verdi. Grup ad\u0131na \u015fehitlikte a\u00e7\u0131klama yapan Haydar Filiz, \u201cvatana ihanet eden, polisleri, askerleri, masum vatanda\u015flar\u0131 katleden, her f\u0131rsatta devlet ve millet mal\u0131na zarar veren hainlerin cezaland\u0131r\u0131lmas\u0131n\u0131 istediklerini\u201d s\u00f6yledi.<\/p>\n<p style=\"text-align: justify;\"><strong><em>PKK\u2019ya lanet ya\u011fd\u0131<\/em><\/strong><\/p>\n<p style=\"text-align: justify;\"><strong><em>BOLU: <\/em><\/strong>An\u0131t Park\u2019ta ellerinde T\u00fcrk bayraklar\u0131yla toplanan bir grup, \u0130zzet Baysal Caddesi\u2019nden Belediye Meydan\u0131\u2019na dek sloganlar atarak y\u00fcr\u00fcd\u00fc. Gruptakiler, y\u00fcr\u00fcy\u00fc\u015f s\u0131ras\u0131nda \u0131sl\u0131k \u00e7alarak ter\u00f6r \u00f6rg\u00fct\u00fc PKK\u2019y\u0131 protesto etti. Polis ekipleri, y\u00fcr\u00fcy\u00fc\u015f s\u0131ras\u0131nda geni\u015f g\u00fcvenlik \u00f6nlemi ald\u0131.<\/p>\n<p style=\"text-align: justify;\"><strong><em>\u015eak\u015fak\u00e7\u0131l\u0131k yapmay\u0131n<\/em><\/strong><\/p>\n<p style=\"text-align: justify;\"><strong><em>G\u0130RESUN<\/em><\/strong>: Atapark\u2019taki Atat\u00fcrk An\u0131t\u0131 \u00f6n\u00fcnde toplanan \u015fehit aileleri, gazi ve yak\u0131nlar\u0131 ad\u0131na konu\u015fan \u0130brahim \u00c7olako\u011flu, 1986\u2019da G\u00fcneydo\u011fu\u2019da bir operasyon s\u0131ras\u0131nda gazi oldu\u011funu s\u00f6yledi. A\u00e7\u0131l\u0131m\u0131 kesinlikle kabul etmediklerini belirten \u00c7olako\u011flu, \u201cBurada hep \u2019\u015fak\u015fak\u00e7\u0131l\u0131k\u2019 yap\u0131l\u0131yor. Biz bu \u00fclkenin bayra\u011f\u0131n\u0131 salland\u0131rmak istiyoruz\u201d diye konu\u015ftu. Ter\u00f6r \u00f6rg\u00fct\u00fc aleyhine sloganlar atan vatanda\u015flar, daha sonra da\u011f\u0131ld\u0131.<\/p>\n<p style=\"text-align: justify;\"><strong><em>Yaram\u0131za tuz bast\u0131lar<\/em><\/strong><\/p>\n<p style=\"text-align: justify;\"><strong><em>U\u015eAK:<\/em><\/strong> \u015eehit Aileleri Derne\u011fi U\u015fak \u015eubesi \u00f6n\u00fcnde toplanan \u015fehit aileleri, gazi ve yak\u0131nlar\u0131, ellerindeki T\u00fcrk bayraklar\u0131 ve \u015fehit yak\u0131nlar\u0131n\u0131n foto\u011fraflar\u0131yla Cumhuriyet Meydan\u0131\u2019na y\u00fcr\u00fcy\u00fc\u015fe ge\u00e7ti. Sloganlar e\u015fli\u011finde y\u00fcr\u00fcyen grubu, \u00e7evredeki vatanda\u015flar alk\u0131\u015flarla destekledi. Cumhuriyet Meydan\u0131\u2019nda baz\u0131 sivil toplum \u00f6rg\u00fct\u00fc temsilcileriyle birle\u015fen grup, Atat\u00fcrk Heykeli \u00f6n\u00fcnde sayg\u0131 duru\u015funda bulunulmas\u0131 ve \u0130stiklal Mar\u015f\u0131\u2019n\u0131n okunmas\u0131n\u0131n ard\u0131ndan Tirito\u011flu Park\u0131\u2019na ge\u00e7ti. \u015eehit Aileleri Derne\u011fi U\u015fak \u015eube Ba\u015fkan\u0131 \u015eakir \u00c7ak\u0131r, yapt\u0131\u011f\u0131 a\u00e7\u0131klamada, ya\u015fanan olaylar\u0131n \u015fehit ailelerinin, gazilerin ve yak\u0131nlar\u0131n\u0131n kanayan yaralar\u0131na tuz bast\u0131\u011f\u0131n\u0131 s\u00f6yledi.<\/p>\n<p style=\"text-align: justify;\"><strong><em>Kabul edemeyiz<\/em><\/strong><\/p>\n<p style=\"text-align: justify;\"><strong><em>ADANA :<\/em><\/strong> Kurttepe mevkisindeki \u015eehit Aileleri Derne\u011fi \u00f6n\u00fcnde ellerinde T\u00fcrk bayraklar\u0131 ile toplanan \u015fehit ve gazi yak\u0131nlar\u0131n\u0131n, madalya yerine siyah kurdele takt\u0131\u011f\u0131 g\u00f6zlendi. Burada bir a\u00e7\u0131klama yapan Dernek Ba\u015fkan\u0131 Emine Kunt, T\u00fcrkiye\u2019nin bar\u0131\u015f ve esenli\u011fine g\u00f6z dikenlerin, silah zoruyla ele ge\u00e7iremedikleri Anadolu\u2019yu, karde\u015fi karde\u015fe d\u00fc\u015f\u00fcrerek par\u00e7alaman\u0131n gayreti i\u00e7erisinde olduklar\u0131n\u0131 savundu. Kunt, \u201cDa\u011fa \u00e7\u0131kan ter\u00f6ristlerin say\u0131s\u0131n\u0131n 5 bin civar\u0131nda olmas\u0131na kar\u015f\u0131n, birka\u00e7 ki\u015finin da\u011fdan indirilip, t\u00f6renle kar\u015f\u0131lanmalar\u0131n\u0131n\u201d kabul edilemez oldu\u011funu s\u00f6yledi.<\/p>\n<p style=\"text-align: justify;\">T\u00fcm yurdu saran protesto g\u00f6sterilerine, \u015fehit aileri ve gaziler \u00f6nc\u00fcl\u00fck etti. Ellerine kahraman Mehmet\u00e7iklerin foto\u011fraflar\u0131n\u0131 alan, g\u00f6z\u00fc ya\u015fl\u0131 analar, bac\u0131lar, e\u015fler ve \u00e7ocuklar iktidara \u2018hainleri cezaland\u0131r\u2019 \u00e7a\u011fr\u0131s\u0131 yapt\u0131.<\/p>\n<p style=\"text-align: justify;\"><span style=\"color: #888888;\">Haber Kayna\u011f\u0131 : <a href=\"http:\/\/www.yenicaggazetesi.com.tr\/haberdetay.php?hit=25239\" target=\"_blank\">yenicaggazetesi.com.tr<\/a><\/span><\/p>\n","protected":false},"excerpt":{"rendered":"<p style=\"text-align: center;\">\n<p style=\"text-align: justify;\">T\u00fcrkiye b\u00f6l\u00fcc\u00fclere kar\u015f\u0131 tek y\u00fcrek oldu<\/p>\n<p style=\"text-align: justify;\">Habur\u2019da teslim olan PKK\u2019l\u0131lar\u0131n g\u00fcnlerce s\u00fcren \u2019zafer \u015fovlar\u0131\u2019 d\u00fcn de Afyonkarahisar, Adana, U\u015fak, Edirne, \u00c7anakkale, Bal\u0131kesir, Bolu ve Giresun\u2019da protesto edildi.<\/p>\n<p style=\"text-align: justify;\">AFYONKARAH\u0130SAR: An\u0131tpark \u00f6n\u00fcnde toplanan \u015eehit Aileleri ve Gazileri Derne\u011fi \u00fcyeleri ad\u0131na bas\u0131n a\u00e7\u0131klamas\u0131 yapan derne\u011fi y\u00f6netim kurulu \u00fcyesi Saadettin <\/p>\n","protected":false},"author":1,"featured_media":0,"comment_status":"open","ping_status":"closed","sticky":false,"template":"","format":"standard","meta":{"footnotes":""},"categories":[105],"tags":[],"class_list":["post-16104","post","type-post","status-publish","format-standard","hentry","category-gundem","odd"],"_links":{"self":[{"href":"http:\/\/www.korhanyilmaz.com\/index.php?rest_route=\/wp\/v2\/posts\/16104","targetHints":{"allow":["GET"]}}],"collection":[{"href":"http:\/\/www.korhanyilmaz.com\/index.php?rest_route=\/wp\/v2\/posts"}],"about":[{"href":"http:\/\/www.korhanyilmaz.com\/index.php?rest_route=\/wp\/v2\/types\/post"}],"author":[{"embeddable":true,"href":"http:\/\/www.korhanyilmaz.com\/index.php?rest_route=\/wp\/v2\/users\/1"}],"replies":[{"embeddable":true,"href":"http:\/\/www.korhanyilmaz.com\/index.php?rest_route=%2Fwp%2Fv2%2Fcomments&post=16104"}],"version-history":[{"count":0,"href":"http:\/\/www.korhanyilmaz.com\/index.php?rest_route=\/wp\/v2\/posts\/16104\/revisions"}],"wp:attachment":[{"href":"http:\/\/www.korhanyilmaz.com\/index.php?rest_route=%2Fwp%2Fv2%2Fmedia&parent=16104"}],"wp:term":[{"taxonomy":"category","embeddable":true,"href":"http:\/\/www.korhanyilmaz.com\/index.php?rest_route=%2Fwp%2Fv2%2Fcategories&post=16104"},{"taxonomy":"post_tag","embeddable":true,"href":"http:\/\/www.korhanyilmaz.com\/index.php?rest_route=%2Fwp%2Fv2%2Ftags&post=16104"}],"curies":[{"name":"wp","href":"https:\/\/api.w.org\/{rel}","templated":true}]}}