{"id":16101,"date":"2009-10-25T14:23:22","date_gmt":"2009-10-25T12:23:22","guid":{"rendered":"http:\/\/www.korhanyilmaz.com\/?p=16101"},"modified":"2009-10-25T14:23:22","modified_gmt":"2009-10-25T12:23:22","slug":"tskdan-alternatif-29-ekim-resepsiyonu","status":"publish","type":"post","link":"http:\/\/www.korhanyilmaz.com\/?p=16101","title":{"rendered":"TSK&#039;dan alternatif 29 Ekim resepsiyonu"},"content":{"rendered":"<p><a href=\"http:\/\/www.korhanyilmaz.com\/wp-content\/uploads\/2009\/10\/basbug2.jpeg\"  class=\"lightview\"><img loading=\"lazy\" decoding=\"async\" class=\"aligncenter size-full wp-image-16102\" src=\"http:\/\/www.korhanyilmaz.com\/wp-content\/uploads\/2009\/10\/basbug2.jpeg\" alt=\"\" width=\"292\" height=\"201\" \/><\/a><\/p>\n<p style=\"text-align: justify;\">T\u00fcrk Silahl\u0131 Kuvvetleri, ilkini ge\u00e7ti\u011fimiz y\u0131l verdi\u011fi alternatif 29 Ekim resepsiyonu uygulamas\u0131na bu y\u0131l da devam ediyor. Asker, Cumhurba\u015fkan\u0131 Abdullah G\u00fcl&#8217;\u00fcn devlet erkan\u0131n\u0131n kat\u0131ld\u0131\u011f\u0131 resepsiyon i\u00e7in e\u015fsiz davetiye g\u00f6ndermesinin ard\u0131ndan, Merkez Orduevi&#8217;nde resepsiyon d\u00fczenlemi\u015fti.<\/p>\n<p style=\"text-align: justify;\">Genelkurmay Ba\u015fkan\u0131 Orgeneral \u0130lker Ba\u015fbu\u011f&#8217;un Merkez Orduevi&#8217;nde verece\u011fi 29 Ekim resepsiyonuna kuvvet komutanlar\u0131 ile Ankara Garnizonu&#8217;na ba\u011fl\u0131 subay ve astsubaylar davet ediliyor. <!--more--><\/p>\n<p style=\"text-align: justify;\">Ge\u00e7ti\u011fimiz y\u0131l askerlerin e\u015fleriyle kat\u0131ld\u0131\u011f\u0131 resepsiyon i\u00e7in Orgeneral \u0130lker Ba\u015fbu\u011f yine e\u015fli davetiye g\u00f6nderdi.<\/p>\n<p style=\"text-align: justify;\">Merkez Orduevi&#8217;ndeki alternatif resepsiyon, \u00c7ankaya K\u00f6\u015fk\u00fc&#8217;nde \u00e7ifte resepsiyon uygulamas\u0131n\u0131n ba\u015flamas\u0131n\u0131n ard\u0131ndan verilmi\u015fti.<\/p>\n<p style=\"text-align: justify;\">Cumhurba\u015fkan\u0131 Abdullah G\u00fcl, resepsiyonlardaki t\u00fcrban krizine \u00e7\u00f6z\u00fcm bulmak i\u00e7in bu uygulamay\u0131 ba\u015flatm\u0131\u015ft\u0131.<\/p>\n<p style=\"text-align: justify;\">\u00d6\u011fle saatlerinde verilen ilk resepsiyona devlet erkan\u0131 e\u015fsiz davet edildi.<\/p>\n<p style=\"text-align: justify;\">Ak\u015fam verilen ikinci resepsiyona ise sivil toplum \u00f6rg\u00fct\u00fc temsilcileri, sanat\u00e7\u0131lar, sporcular, i\u015fadamlar\u0131 ve gazeteciler e\u015fli davet edildi.<\/p>\n<p style=\"text-align: justify;\">K\u00f6\u015fk&#8217;te ak\u015fam verilen ikinci resepsiyona ge\u00e7en y\u0131l 18 t\u00fcrbanl\u0131 kat\u0131lm\u0131\u015ft\u0131.<\/p>\n<p style=\"text-align: justify;\"><span style=\"color: #888888;\">CNN T\u00dcRK<\/span><\/p>\n","protected":false},"excerpt":{"rendered":"<\/p>\n<p style=\"text-align: justify;\">T\u00fcrk Silahl\u0131 Kuvvetleri, ilkini ge\u00e7ti\u011fimiz y\u0131l verdi\u011fi alternatif 29 Ekim resepsiyonu uygulamas\u0131na bu y\u0131l da devam ediyor. Asker, Cumhurba\u015fkan\u0131 Abdullah G\u00fcl&#8217;\u00fcn devlet erkan\u0131n\u0131n kat\u0131ld\u0131\u011f\u0131 resepsiyon i\u00e7in e\u015fsiz davetiye g\u00f6ndermesinin ard\u0131ndan, Merkez Orduevi&#8217;nde resepsiyon d\u00fczenlemi\u015fti.<\/p>\n<p style=\"text-align: justify;\">Genelkurmay Ba\u015fkan\u0131 Orgeneral \u0130lker Ba\u015fbu\u011f&#8217;un Merkez Orduevi&#8217;nde verece\u011fi 29 Ekim resepsiyonuna kuvvet komutanlar\u0131 ile Ankara Garnizonu&#8217;na <\/p>\n","protected":false},"author":1,"featured_media":0,"comment_status":"open","ping_status":"closed","sticky":false,"template":"","format":"standard","meta":{"footnotes":""},"categories":[105],"tags":[],"class_list":["post-16101","post","type-post","status-publish","format-standard","hentry","category-gundem","odd"],"_links":{"self":[{"href":"http:\/\/www.korhanyilmaz.com\/index.php?rest_route=\/wp\/v2\/posts\/16101","targetHints":{"allow":["GET"]}}],"collection":[{"href":"http:\/\/www.korhanyilmaz.com\/index.php?rest_route=\/wp\/v2\/posts"}],"about":[{"href":"http:\/\/www.korhanyilmaz.com\/index.php?rest_route=\/wp\/v2\/types\/post"}],"author":[{"embeddable":true,"href":"http:\/\/www.korhanyilmaz.com\/index.php?rest_route=\/wp\/v2\/users\/1"}],"replies":[{"embeddable":true,"href":"http:\/\/www.korhanyilmaz.com\/index.php?rest_route=%2Fwp%2Fv2%2Fcomments&post=16101"}],"version-history":[{"count":0,"href":"http:\/\/www.korhanyilmaz.com\/index.php?rest_route=\/wp\/v2\/posts\/16101\/revisions"}],"wp:attachment":[{"href":"http:\/\/www.korhanyilmaz.com\/index.php?rest_route=%2Fwp%2Fv2%2Fmedia&parent=16101"}],"wp:term":[{"taxonomy":"category","embeddable":true,"href":"http:\/\/www.korhanyilmaz.com\/index.php?rest_route=%2Fwp%2Fv2%2Fcategories&post=16101"},{"taxonomy":"post_tag","embeddable":true,"href":"http:\/\/www.korhanyilmaz.com\/index.php?rest_route=%2Fwp%2Fv2%2Ftags&post=16101"}],"curies":[{"name":"wp","href":"https:\/\/api.w.org\/{rel}","templated":true}]}}