{"id":16097,"date":"2009-10-25T16:51:51","date_gmt":"2009-10-25T14:51:51","guid":{"rendered":"http:\/\/www.korhanyilmaz.com\/?p=16097"},"modified":"2009-10-25T16:51:51","modified_gmt":"2009-10-25T14:51:51","slug":"baykal-hukumet-frene-basti","status":"publish","type":"post","link":"http:\/\/www.korhanyilmaz.com\/?p=16097","title":{"rendered":"Baykal: &#039;H\u00fck\u00fcmet frene bast\u0131&#039;"},"content":{"rendered":"<p style=\"text-align: center;\"><a href=\"http:\/\/www.korhanyilmaz.com\/wp-content\/uploads\/2009\/10\/baykal.jpeg\"  class=\"lightview\"><img loading=\"lazy\" decoding=\"async\" class=\"aligncenter size-full wp-image-16098\" src=\"http:\/\/www.korhanyilmaz.com\/wp-content\/uploads\/2009\/10\/baykal.jpeg\" alt=\"\" width=\"307\" height=\"236\" \/><\/a><\/p>\n<p style=\"text-align: justify;\">CHP Genel Ba\u015fkan\u0131 Deniz Baykal, PKK&#8217;l\u0131 bir grup ter\u00f6ristin geli\u015finin ertelenmesiyle ilgili, &#8220;Kendi aralar\u0131nda bir ihtilaf \u00e7\u0131km\u0131\u015f de\u011fildir. Her iki taraf da ne istedi\u011fini, ne verece\u011fini bilmi\u015ftir. Tavizlerde bir s\u0131k\u0131nt\u0131 yoktur. Daha ilk ad\u0131mda bunun halk taraf\u0131ndan nas\u0131l bir tepki yaratt\u0131\u011f\u0131n\u0131 g\u00f6rm\u00fc\u015fler, iktidar bunu s\u00fcrd\u00fcremeyece\u011fini anlamaya ba\u015flam\u0131\u015f ve frene basm\u0131\u015ft\u0131r&#8221; dedi.<!--more--><\/p>\n<p style=\"text-align: justify;\">Baykal, merkez D\u00f6\u015femealt\u0131 il\u00e7esindeki ya\u011fl\u0131 g\u00fcre\u015flerini izlemek \u00fczere geldi\u011fi Antalya&#8217;da, havaliman\u0131nda bas\u0131n mensuplar\u0131n\u0131n PKK&#8217;l\u0131 bir grup ter\u00f6ristin geli\u015finin ertelenmesiyle ilgili sorular\u0131n\u0131 yan\u0131tlad\u0131.<\/p>\n<p style=\"text-align: justify;\">&#8220;Bu, uzun s\u00fcreden beri b\u00fcy\u00fck bir iddiayla y\u00fcr\u00fct\u00fclmekte olan bir politikan\u0131n t\u0131kand\u0131\u011f\u0131n\u0131n ortaya \u00e7\u0131kmas\u0131d\u0131r&#8221; g\u00f6r\u00fc\u015f\u00fcn\u00fc savunan Baykal, gelinen noktada art\u0131k iktidar\u0131n a\u00e7\u0131l\u0131m politikas\u0131n\u0131 daha ileri ta\u015f\u0131ma imkan\u0131n\u0131 bulamad\u0131\u011f\u0131n\u0131 ileri s\u00fcrd\u00fc.<\/p>\n<p style=\"text-align: justify;\">Baykal, &#8220;Burada sorulmas\u0131 gereken soru, &#8216;Acaba ne olmu\u015ftur da, bir s\u0131k\u0131nt\u0131 ortaya \u00e7\u0131km\u0131\u015ft\u0131r? Taraflar kendi aralar\u0131nda uzla\u015famam\u0131\u015flar, anla\u015famam\u0131\u015flar, bir mutabakat sa\u011flanamam\u0131\u015f ya da var\u0131lan mutabakat uygulanamam\u0131\u015f ondan m\u0131 olmu\u015ftur?&#8217; Bunun anla\u015f\u0131lmas\u0131 b\u00fcy\u00fck \u00f6nem ta\u015f\u0131yor. \u015eu \u00e7ok a\u00e7\u0131kt\u0131r ki, taraflar aras\u0131nda bir uzla\u015fma s\u0131k\u0131nt\u0131s\u0131 yoktur. Ne yapacaklar\u0131na birlikte karar vermi\u015flerdir. Birlikte bir eylem plan\u0131 haz\u0131rlam\u0131\u015flard\u0131r. Bunu uygulamaya gayret etmektedirler, ama bu eylem plan\u0131n\u0131n daha ilk ad\u0131m\u0131nda ortaya \u00e7\u0131kan toplum tepkisi, halk tepkisi, millet tepkisi, sokak tepkisi anla\u015f\u0131lan program\u0131n uygulanamayaca\u011f\u0131n\u0131 ortaya koymu\u015ftur&#8221; dedi.<\/p>\n<p style=\"text-align: justify;\">CHP lideri, &#8220;Kendi aralar\u0131nda bir ihtilaf \u00e7\u0131km\u0131\u015f de\u011fildir. Her iki taraf ne istedi\u011fini, ne verece\u011fini bilmi\u015ftir. Tavizlerde bir s\u0131k\u0131nt\u0131 yoktur. &#8216;Bu yeterli de\u011fil, biz bunu kabul etmiyoruz&#8217; tart\u0131\u015fmas\u0131 de\u011fildir bu&#8230; Anla\u015fm\u0131\u015flard\u0131r. Anla\u015ft\u0131klar\u0131 program\u0131 uygulamaya kalkm\u0131\u015flard\u0131r. Daha ilk ad\u0131mda bunun halk taraf\u0131ndan nas\u0131l bir tepki yaratt\u0131\u011f\u0131n\u0131 g\u00f6rm\u00fc\u015fler, iktidar bunu s\u00fcrd\u00fcremeyece\u011fini anlamaya ba\u015flam\u0131\u015f ve frene basm\u0131\u015ft\u0131r. \u015eimdi bu bir s\u00fcrpriz midir? B\u00f6yle bir noktaya gelinmi\u015f olmas\u0131 \u015fa\u015f\u0131rt\u0131c\u0131 m\u0131d\u0131r? Kesinlikle de\u011fil&#8221; dedi.<\/p>\n<p style=\"text-align: justify;\"><strong><em>&#8220;Milletimiz g\u00f6z\u00fcyle d\u00fc\u015f\u00fcn\u00fcr&#8221; <\/em><\/strong><\/p>\n<p style=\"text-align: justify;\">Deniz Baykal, yap\u0131lan yanl\u0131\u015fl\u0131klar\u0131n temelinin Ba\u015fbakan Recep Tayyip Erdo\u011fan&#8217;\u0131n, PKK ter\u00f6r\u00fcn\u00fc reddetmeyen DTP ile m\u00fczakere karar\u0131 almas\u0131yla at\u0131ld\u0131\u011f\u0131n\u0131 iddia ederek, &#8220;Bug\u00fcn gelinen nokta, bu yanl\u0131\u015f\u0131n bizi ta\u015f\u0131d\u0131\u011f\u0131 noktad\u0131r. &#8216;Efendim, i\u015fte \u015fov yapt\u0131lar, \u015fark kurnazl\u0131\u011f\u0131 yapt\u0131lar&#8217;, bunlar\u0131n hepsi bo\u015f laft\u0131r. \u0130\u015fin \u00f6z\u00fc yanl\u0131\u015ft\u0131r. \u0130\u015fin \u00f6z\u00fcn\u00fcn yanl\u0131\u015f oldu\u011funu milletimiz anlam\u0131\u015ft\u0131r. Biz zaten bunu anlatmaya \u00e7al\u0131\u015f\u0131yorduk, ama insanlar &#8216;acaba&#8217; diye belki biraz daha iyi niyetle bak\u0131yordu. Bizim milletimiz g\u00f6z\u00fcyle d\u00fc\u015f\u00fcn\u00fcr. Manzaray\u0131 g\u00f6rm\u00fc\u015ft\u00fcr ve karar\u0131n\u0131 alm\u0131\u015ft\u0131r&#8221; diye konu\u015ftu.<\/p>\n<p style=\"text-align: justify;\">Bir gazetecinin, &#8220;H\u00fck\u00fcmet buna uymu\u015f mudur?&#8217; sorusuna da Baykal, &#8220;H\u00fck\u00fcmet de buna teslim olmak zorunda kalm\u0131\u015ft\u0131r. Devam ederse kendisi bilir. Devam edemez. Art\u0131k bu s\u00fcrd\u00fcr\u00fclebilir bir i\u015f de\u011fildir&#8221; yan\u0131t\u0131n\u0131 verdi.<\/p>\n<p style=\"text-align: justify;\"><strong><em>&#8220;Aileler \u00e7\u00f6km\u00fc\u015f durumda&#8221; <\/em><\/strong><\/p>\n<p style=\"text-align: justify;\">CHP lideri Deniz Baykal, &#8220;H\u00fck\u00fcmet g\u00f6z\u00fcn\u00fc PKK&#8217;ya dikmeyecek. H\u00fck\u00fcmet g\u00f6z\u00fcn\u00fc \u0130mral\u0131&#8217;ya dikmeyecek. H\u00fck\u00fcmet g\u00f6z\u00fcn\u00fc Kandil&#8217;e dikmeyecek. H\u00fck\u00fcmet g\u00f6z\u00fcn\u00fc G\u00fcneydo\u011fu Anadolu&#8217;ya, orada ya\u015fayan K\u00fcrt k\u00f6kenli milyonlarca vatanda\u015f\u0131m\u0131za dikecek. Bu vatanda\u015flar\u0131m\u0131z hi\u00e7bir zaman ter\u00f6r\u00fc destekleyen insanlar de\u011fil. PKK&#8217;ya destek veren insanlar de\u011fil. Onlar bar\u0131\u015f istiyorlar. Kanunlar\u0131n i\u015fledi\u011fini g\u00f6rmek istiyorlar&#8221; g\u00f6r\u00fc\u015flerini ifade etti.<\/p>\n<p style=\"text-align: justify;\">Baykal, vatanda\u015f\u0131n ihtiyac\u0131n\u0131n ortada oldu\u011funu, halk\u0131n i\u015f istedi\u011fini dile getirerek, \u015fu iddialarda bulundu: &#8220;Orada ola\u011fan\u00fcst\u00fc korkun\u00e7 bir i\u015fsizlik ya\u015fan\u0131yor. Aileler \u00e7\u00f6km\u00fc\u015f durumdad\u0131r. Kalabal\u0131k aileler 11 \u00e7ocuk, i\u015fsiz bir baba&#8230; B\u00f6yle bir tablonun i\u00e7erisinden elbette ter\u00f6r yeti\u015fir. Buna engel olmak, ailelere i\u015f vermek laz\u0131md\u0131r. G\u00fcneydo\u011fu&#8217;ya i\u015f vermek laz\u0131m. &#8216;G\u00fcneydo\u011fu&#8217;ya i\u015f vermek i\u00e7in de \u00f6zel sekt\u00f6re te\u015fvik verece\u011fiz. Onlar gelsinler, yat\u0131r\u0131m yaps\u0131nlar. Ben de onlara te\u015fvik verece\u011fim&#8217; demek yetmez. Bu ya\u015fand\u0131, g\u00f6r\u00fcld\u00fc. Te\u015fvik yolsuzluklar\u0131 besliyor. Devlet girecek, orada yat\u0131r\u0131m yapacakt\u0131r. T\u00fcrkiye&#8217;nin ilk d\u00f6nemlerinde, b\u00fct\u00fcn \u00fclkede izlenen politika gibi G\u00fcneydo\u011fu&#8217;da bir yat\u0131r\u0131m, kalk\u0131nma, istidam politikas\u0131 izlenecektir&#8221; diye konu\u015ftu.<\/p>\n<p style=\"text-align: justify;\"><strong><em>&#8220;B\u00f6lge ihtiya\u00e7lar\u0131 kar\u015f\u0131lanmal\u0131&#8221; <\/em><\/strong><\/p>\n<p style=\"text-align: justify;\">Baykal, b\u00f6lge halk\u0131na i\u015f imkan\u0131 sa\u011flaman\u0131n yan\u0131 s\u0131ra \u00e7ocuk ve gen\u00e7lerin e\u011fitim olanaklar\u0131n\u0131n da bir an \u00f6nce geli\u015ftirilmesi gerekti\u011fini vurgulayarak, &#8220;e\u011fitim kalitesiyle b\u00f6lgedeki \u00e7ocuklar\u0131n gelecekte T\u00fcrkiye&#8217;yi y\u00f6netebilir hale getirilmesi gerekti\u011fini&#8221; s\u00f6yledi.<\/p>\n<p style=\"text-align: justify;\">Deniz Baykal, b\u00f6lgenin ihtiya\u00e7lar\u0131n\u0131n kar\u015f\u0131lanmas\u0131na y\u00f6nelik \u00f6nerilerini s\u0131ralad\u0131; &#8220;T\u00fcrkiye&#8217;nin en iyi okullar\u0131n\u0131 G\u00fcneydo\u011fu&#8217;ya ta\u015f\u0131yacaks\u0131n\u0131z. G\u00fcneydo\u011fu&#8217;daki insanlar\u0131n d\u0131\u015flanm\u0131\u015fl\u0131k duygusunu yeneceksiniz. Onlar\u0131n T\u00fcrkiye&#8217;nin bir par\u00e7as\u0131 olduklar\u0131n\u0131 hissetmeleri i\u00e7in gerekli anlay\u0131\u015f\u0131, ilgiyi vereceksiniz. Bir b\u00fcy\u00fck yeni program uygulanacak. Bu program\u0131n hedefi halk olacak. Halk\u0131n ger\u00e7ek g\u00fcndemi olacak. Ger\u00e7ek ihtiya\u00e7lar\u0131 olacak. Olmas\u0131 gereken halka y\u00f6nelmek, halka sahip \u00e7\u0131kmakt\u0131r. Halka sahip \u00e7\u0131karsan\u0131z, PKK&#8217;y\u0131 tecrit edersiniz&#8221; dedi.<\/p>\n<p style=\"text-align: justify;\">H\u00fck\u00fcmetin bunlar\u0131n yerine tam tersini yapt\u0131\u011f\u0131n\u0131 ifade eden Baykal, &#8220;D\u0131\u015far\u0131dan \u00f6nlerine getirilen politikay\u0131 uygulad\u0131lar. \u015eimdi onun ne anlama geldi\u011fini vatanda\u015f\u0131m\u0131z g\u00f6rd\u00fc. Milletin evlad\u0131n\u0131 \u015fehit edenler bir kahraman gibi gelip s\u0131n\u0131rda b\u00fct\u00fcn devlet te\u015fkilat\u0131 taraf\u0131ndan selamlan\u0131yor, kar\u015f\u0131lan\u0131yor, aklan\u0131yor, elini kolunu sallayarak ge\u00e7iyor. Bu yanl\u0131\u015f. 25 y\u0131l m\u00fccadele ediyorsun, \u015fimdi T\u00fcrkiye b\u00fct\u00fcn m\u00fcste\u015farlar\u0131yla, devlet y\u00f6netimiyle bunu kar\u015f\u0131l\u0131yor. Mahkemeler, savc\u0131lar yar\u0131\u015f yap\u0131yor tahliye etmek i\u00e7in. Art\u0131k bu t\u0131kanm\u0131\u015ft\u0131r. S\u00fcrd\u00fcr\u00fclmesinin yanl\u0131\u015f oldu\u011fu g\u00f6r\u00fclmeye ba\u015flanm\u0131\u015ft\u0131r. Umut ediyorum H\u00fck\u00fcmet de g\u00f6recektir&#8221; dedi.<\/p>\n<p style=\"text-align: justify;\"><span style=\"color: #888888;\">CNN T\u00dcRK<\/span><\/p>\n","protected":false},"excerpt":{"rendered":"<p style=\"text-align: center;\">\n<p style=\"text-align: justify;\">CHP Genel Ba\u015fkan\u0131 Deniz Baykal, PKK&#8217;l\u0131 bir grup ter\u00f6ristin geli\u015finin ertelenmesiyle ilgili, &#8220;Kendi aralar\u0131nda bir ihtilaf \u00e7\u0131km\u0131\u015f de\u011fildir. Her iki taraf da ne istedi\u011fini, ne verece\u011fini bilmi\u015ftir. Tavizlerde bir s\u0131k\u0131nt\u0131 yoktur. Daha ilk ad\u0131mda bunun halk taraf\u0131ndan nas\u0131l bir tepki yaratt\u0131\u011f\u0131n\u0131 g\u00f6rm\u00fc\u015fler, iktidar bunu s\u00fcrd\u00fcremeyece\u011fini anlamaya ba\u015flam\u0131\u015f ve frene basm\u0131\u015ft\u0131r&#8221; <\/p>\n","protected":false},"author":1,"featured_media":0,"comment_status":"open","ping_status":"closed","sticky":false,"template":"","format":"standard","meta":{"footnotes":""},"categories":[105],"tags":[],"class_list":["post-16097","post","type-post","status-publish","format-standard","hentry","category-gundem","odd"],"_links":{"self":[{"href":"http:\/\/www.korhanyilmaz.com\/index.php?rest_route=\/wp\/v2\/posts\/16097","targetHints":{"allow":["GET"]}}],"collection":[{"href":"http:\/\/www.korhanyilmaz.com\/index.php?rest_route=\/wp\/v2\/posts"}],"about":[{"href":"http:\/\/www.korhanyilmaz.com\/index.php?rest_route=\/wp\/v2\/types\/post"}],"author":[{"embeddable":true,"href":"http:\/\/www.korhanyilmaz.com\/index.php?rest_route=\/wp\/v2\/users\/1"}],"replies":[{"embeddable":true,"href":"http:\/\/www.korhanyilmaz.com\/index.php?rest_route=%2Fwp%2Fv2%2Fcomments&post=16097"}],"version-history":[{"count":0,"href":"http:\/\/www.korhanyilmaz.com\/index.php?rest_route=\/wp\/v2\/posts\/16097\/revisions"}],"wp:attachment":[{"href":"http:\/\/www.korhanyilmaz.com\/index.php?rest_route=%2Fwp%2Fv2%2Fmedia&parent=16097"}],"wp:term":[{"taxonomy":"category","embeddable":true,"href":"http:\/\/www.korhanyilmaz.com\/index.php?rest_route=%2Fwp%2Fv2%2Fcategories&post=16097"},{"taxonomy":"post_tag","embeddable":true,"href":"http:\/\/www.korhanyilmaz.com\/index.php?rest_route=%2Fwp%2Fv2%2Ftags&post=16097"}],"curies":[{"name":"wp","href":"https:\/\/api.w.org\/{rel}","templated":true}]}}