{"id":16093,"date":"2009-10-25T21:02:11","date_gmt":"2009-10-25T19:02:11","guid":{"rendered":"http:\/\/www.korhanyilmaz.com\/?p=16093"},"modified":"2009-10-25T21:02:11","modified_gmt":"2009-10-25T19:02:11","slug":"ilker-basbugdan-o-goruntulere-tepki","status":"publish","type":"post","link":"http:\/\/www.korhanyilmaz.com\/?p=16093","title":{"rendered":"\u0130lker Ba\u015fbu\u011f&#039;dan o g\u00f6r\u00fcnt\u00fclere tepki"},"content":{"rendered":"<p style=\"text-align: center;\"><a href=\"http:\/\/www.korhanyilmaz.com\/wp-content\/uploads\/2009\/10\/BASBUG.jpeg\"  class=\"lightview\"><img loading=\"lazy\" decoding=\"async\" class=\"aligncenter size-full wp-image-16094\" src=\"http:\/\/www.korhanyilmaz.com\/wp-content\/uploads\/2009\/10\/BASBUG.jpeg\" alt=\"\" width=\"269\" height=\"207\" \/><\/a><\/p>\n<p style=\"text-align: justify;\">Kuzey Irak&#8217;taki Kandil ve Mahmur m\u00fclteci kamp\u0131ndan 19 Ekim&#8217;de T\u00fcrkiye&#8217;ye giri\u015f yapan 4&#8217;\u00fc \u00e7ocuk 34 ki\u015filik PKK&#8217;l\u0131 grubunun kar\u015f\u0131lanmas\u0131 g\u00f6r\u00fcnt\u00fclerine Genelkurmay Ba\u015fkan\u0131 \u0130lker Ba\u015fbu\u011f tepki g\u00f6sterdi.<\/p>\n<p style=\"text-align: justify;\">Genelkurmay Ba\u015fkan\u0131 Orgeneral \u0130lker Ba\u015fbu\u011f, &#8220;Son ya\u015fanan olaylar\u0131 kimse tasvip edemez. Ge\u00e7ti\u011fimiz hafta ya\u015fanan olaylar\u0131, T\u00fcrkiye&#8217;de ger\u00e7ekten kimsenin tasvip etmesi m\u00fcmk\u00fcn de\u011fil. \u015eehitlerimizin, gazilerimizin bu olaylardan duydu\u011fu \u00fcz\u00fcnt\u00fcy\u00fc payla\u015f\u0131yorum&#8221; dedi. <!--more--><\/p>\n<p style=\"text-align: justify;\">Orgeneral Ba\u015fbu\u011f, Panora Al\u0131\u015fveri\u015f Merkezi&#8217;ndeki sinemada, Y\u00f6netmen Levent Semerci&#8217;nin Irak s\u0131n\u0131r\u0131na yak\u0131n bir il\u00e7edeki komando tugay\u0131nda bulunan 2 bin 365 metre y\u00fckseklikteki Karabal Jandarma Karakolu&#8217;nu korumakla g\u00f6revlendirilen bir y\u00fczba\u015f\u0131 komutas\u0131ndaki 40 askerin hikayesini anlatt\u0131\u011f\u0131 &#8220;Nefes: Vatan Sa\u011folsun&#8221; adl\u0131 filmi izledi.<\/p>\n<p style=\"text-align: justify;\">Filmin ard\u0131ndan gazetecilere a\u00e7\u0131klama yapan Orgeneral Ba\u015fbu\u011f, ter\u00f6r \u00f6rg\u00fct\u00fc \u00fcyelerinin teslimi s\u0131ras\u0131nda ya\u015fanan g\u00f6r\u00fcnt\u00fcleri de\u011ferlendirdi.<\/p>\n<p style=\"text-align: justify;\">Orgeneral Ba\u015fbu\u011f, &#8220;Elbette son ya\u015fanan olaylar\u0131 kimse tasvip edemez, kimse. Bu ya\u015fanan olaylar\u0131, ge\u00e7ti\u011fimiz hafta ya\u015fanan olaylar\u0131 T\u00fcrkiye&#8217;de ger\u00e7ekten kimsenin tasvip etmesi m\u00fcmk\u00fcn de\u011fil. Elbette \u015fehitlerimizin, gazilerimizin bu olaylardan duydu\u011fu \u00fcz\u00fcnt\u00fcy\u00fc payla\u015f\u0131yorum. Onlar\u0131n \u00fcz\u00fcnt\u00fclerine sayg\u0131 g\u00f6steriyorum. Ama unutmas\u0131nlar ki o \u015fehitler verilmeseydi, bu gaziler verilmeseydi bug\u00fcn acaba T\u00fcrkiye ter\u00f6rle m\u00fccadele noktas\u0131nda nerede olurdu? Unutmayal\u0131m. Bunlar\u0131 unutursak, her \u015feyden evvel \u015fehitlerimize kar\u015f\u0131 b\u00fcy\u00fck haks\u0131zl\u0131k olur, gazilerimize kar\u015f\u0131 b\u00fcy\u00fck haks\u0131zl\u0131k olur&#8221; diye konu\u015ftu.<\/p>\n<p style=\"text-align: justify;\"><strong><em>Filmi be\u011fendi <\/em><\/strong><\/p>\n<p style=\"text-align: justify;\">Orgeneral Ba\u015fbu\u011f, filmin olaylar\u0131 g\u00fczel yans\u0131tt\u0131\u011f\u0131n\u0131 s\u00f6yledi.<\/p>\n<p style=\"text-align: justify;\">Ba\u015fbu\u011f, &#8220;Belki de ter\u00f6rle m\u00fccadele kapsam\u0131nda bug\u00fcne kadar \u00e7ekilmi\u015f en g\u00fczel filmlerden bir tanesi. Sinema teknik olarak g\u00fczel. Oyuncular ger\u00e7ekten g\u00fczel oynam\u0131\u015flar&#8221; dedi.<\/p>\n<p style=\"text-align: justify;\">Filmde olaylar\u0131n bir karakolda ge\u00e7ti\u011fini anlatan Orgeneral Ba\u015fbu\u011f, ter\u00f6rle m\u00fccadelenin sadece bir karakolla s\u0131n\u0131rl\u0131 olmad\u0131\u011f\u0131n\u0131, operasyonel boyutu da bulundu\u011funu hat\u0131rlatarak, &#8220;\u0130leride ayn\u0131 grubun operasyonel, kapsaml\u0131 bir film \u00e7evirebilmesini arzu ederim&#8221; diye konu\u015ftu.<\/p>\n<p style=\"text-align: justify;\">Filmin, ter\u00f6rle m\u00fccadelenin kolay olmad\u0131\u011f\u0131 konusunda iyi mesaj verdi\u011fini vurgulayan Orgeneral Ba\u015fbu\u011f, &#8220;Ter\u00f6rle m\u00fccadele zor. G\u00f6r\u00fcyorsunuz. Bizim de daha \u00f6nceden ifade etti\u011fimiz gibi insan odakl\u0131, neticede bu ter\u00f6rle m\u00fccadeleyi yapanlar sizler, bizler gibi insan ve bunlar gen\u00e7 insanlar. Elbette bir kere \u015funu iyi anlamam\u0131z laz\u0131m; Asker de bir robot de\u011fil, bir insan. Bunlar\u0131n \u00f6zel hayatlar\u0131, de\u011fi\u015fik \u015fartlar\u0131 var. En \u00f6nemlisi de bu bir karakol etraf\u0131nda senaryoya bakt\u0131\u011f\u0131m\u0131z zaman kahraman askerler, subay, astsubay, \u00e7avu\u015f, onba\u015f\u0131 ve erler, bu m\u00fccadeleyi 365 g\u00fcn 24 saat y\u00fcr\u00fct\u00fcyor. Bunun iyi anla\u015f\u0131lmas\u0131 laz\u0131m. M\u00fccadele zorlu\u011fu 365 g\u00fcn 24 saat ve insan odakl\u0131&#8221; diye konu\u015ftu.<\/p>\n<p style=\"text-align: justify;\">Filmi g\u00fczel buldu\u011funu, olaylar\u0131n g\u00fczel canland\u0131r\u0131ld\u0131\u011f\u0131n\u0131 yineleyen Orgeneral Ba\u015fbu\u011f, &#8220;Ama elbette filmde g\u00f6rd\u00fcklerimizin hepsi ger\u00e7ek ya\u015fanan bir durum de\u011fil. M\u00fcmk\u00fcn oldu\u011fu kadar ger\u00e7ekleri yans\u0131tm\u0131\u015f&#8221; dedi.<\/p>\n<p style=\"text-align: justify;\">Filmde en fazla etkilendi\u011fi sahnenin sorulmas\u0131 \u00fczerine Orgeneral Ba\u015fbu\u011f, &#8220;\u00c7avu\u015f&#8217;un, Atat\u00fcrk b\u00fcst\u00fcyle ili\u015fkisi beni ger\u00e7ekten \u00e7ok etkiledi. Ger\u00e7ek askerimiz bu&#8221; diye konu\u015ftu.<\/p>\n<p style=\"text-align: justify;\">Filmdeki en g\u00fczel noktalardan birinin askerin insani boyutunu yans\u0131tmas\u0131 oldu\u011funu belirten Orgeneral Ba\u015fbu\u011f, filmde bulutlar\u0131n da \u00e7ok g\u00fczel kullan\u0131ld\u0131\u011f\u0131n\u0131 s\u00f6yledi.<\/p>\n<p style=\"text-align: justify;\">Orgeneral Ba\u015fbu\u011f, &#8220;Ba\u015fta y\u00fczba\u015f\u0131n\u0131n karakola geldi\u011fi zaman erleri motive etmek i\u00e7in konu\u015fmalar\u0131 ger\u00e7ekten etkileyiciydi. \u00c7\u00fcnk\u00fc do\u011frudur, yani orada neticede erleri motive etmeniz, hareketlendirmeniz, duygusal konu\u015fman\u0131z laz\u0131m. Etkileyici, \u00e7arp\u0131c\u0131 konu\u015fman\u0131z laz\u0131m. Ba\u015flang\u0131\u00e7taki personelle yapt\u0131\u011f\u0131 konu\u015fmalar ger\u00e7ekten etkileyiciydi. \u0130nsani boyutu \u00e7ok g\u00fc\u00e7l\u00fc olan bir film. En basitinden bir ter\u00f6rist yaral\u0131ya kar\u015f\u0131 yap\u0131lan. \u0130\u015fte T\u00fcrk askeri budur. Bu ger\u00e7ek. Yani T\u00fcrk askeri, T\u00fcrk Silahl\u0131 Kuvvetleri budur&#8221; ifadesini kulland\u0131.<\/p>\n<p style=\"text-align: justify;\">Film ekibini kutlayan Orgeneral Ba\u015fbu\u011f, &#8220;\u0130yi haz\u0131rlanm\u0131\u015flar, \u00e7ok u\u011fra\u015fm\u0131\u015flar. Bunun devam\u0131n\u0131 isteriz. \u00c7\u00fcnk\u00fc o kitaplarda film \u00e7evrilebilecek boyutta senaryolar var, operasyonlarla ilgili \u00e7ok hikayeler var&#8221; dedi.<\/p>\n<p style=\"text-align: justify;\">Bir gazetecinin, &#8220;O g\u00fcnleri size hat\u0131rlatt\u0131 m\u0131?&#8221; sorusu \u00fczerine Ba\u015fbu\u011f, &#8220;Evet \u00e7ok hat\u0131rlatt\u0131&#8221; yan\u0131t\u0131n\u0131 verdi.<\/p>\n<p style=\"text-align: justify;\"><span style=\"color: #888888;\">CNN T\u00dcRK<\/span><\/p>\n","protected":false},"excerpt":{"rendered":"<p style=\"text-align: center;\">\n<p style=\"text-align: justify;\">Kuzey Irak&#8217;taki Kandil ve Mahmur m\u00fclteci kamp\u0131ndan 19 Ekim&#8217;de T\u00fcrkiye&#8217;ye giri\u015f yapan 4&#8217;\u00fc \u00e7ocuk 34 ki\u015filik PKK&#8217;l\u0131 grubunun kar\u015f\u0131lanmas\u0131 g\u00f6r\u00fcnt\u00fclerine Genelkurmay Ba\u015fkan\u0131 \u0130lker Ba\u015fbu\u011f tepki g\u00f6sterdi.<\/p>\n<p style=\"text-align: justify;\">Genelkurmay Ba\u015fkan\u0131 Orgeneral \u0130lker Ba\u015fbu\u011f, &#8220;Son ya\u015fanan olaylar\u0131 kimse tasvip edemez. Ge\u00e7ti\u011fimiz hafta ya\u015fanan olaylar\u0131, T\u00fcrkiye&#8217;de ger\u00e7ekten kimsenin tasvip etmesi m\u00fcmk\u00fcn de\u011fil. <\/p>\n","protected":false},"author":1,"featured_media":0,"comment_status":"open","ping_status":"closed","sticky":false,"template":"","format":"standard","meta":{"footnotes":""},"categories":[105],"tags":[],"class_list":["post-16093","post","type-post","status-publish","format-standard","hentry","category-gundem","odd"],"_links":{"self":[{"href":"http:\/\/www.korhanyilmaz.com\/index.php?rest_route=\/wp\/v2\/posts\/16093","targetHints":{"allow":["GET"]}}],"collection":[{"href":"http:\/\/www.korhanyilmaz.com\/index.php?rest_route=\/wp\/v2\/posts"}],"about":[{"href":"http:\/\/www.korhanyilmaz.com\/index.php?rest_route=\/wp\/v2\/types\/post"}],"author":[{"embeddable":true,"href":"http:\/\/www.korhanyilmaz.com\/index.php?rest_route=\/wp\/v2\/users\/1"}],"replies":[{"embeddable":true,"href":"http:\/\/www.korhanyilmaz.com\/index.php?rest_route=%2Fwp%2Fv2%2Fcomments&post=16093"}],"version-history":[{"count":0,"href":"http:\/\/www.korhanyilmaz.com\/index.php?rest_route=\/wp\/v2\/posts\/16093\/revisions"}],"wp:attachment":[{"href":"http:\/\/www.korhanyilmaz.com\/index.php?rest_route=%2Fwp%2Fv2%2Fmedia&parent=16093"}],"wp:term":[{"taxonomy":"category","embeddable":true,"href":"http:\/\/www.korhanyilmaz.com\/index.php?rest_route=%2Fwp%2Fv2%2Fcategories&post=16093"},{"taxonomy":"post_tag","embeddable":true,"href":"http:\/\/www.korhanyilmaz.com\/index.php?rest_route=%2Fwp%2Fv2%2Ftags&post=16093"}],"curies":[{"name":"wp","href":"https:\/\/api.w.org\/{rel}","templated":true}]}}