{"id":16088,"date":"2009-10-25T22:03:38","date_gmt":"2009-10-25T20:03:38","guid":{"rendered":"http:\/\/www.korhanyilmaz.com\/?p=16088"},"modified":"2009-10-25T22:03:38","modified_gmt":"2009-10-25T20:03:38","slug":"bagdat-yine-kan-golu","status":"publish","type":"post","link":"http:\/\/www.korhanyilmaz.com\/?p=16088","title":{"rendered":"Ba\u011fdat yine kan g\u00f6l\u00fc"},"content":{"rendered":"<p><a href=\"http:\/\/www.korhanyilmaz.com\/wp-content\/uploads\/2009\/10\/bagdat.jpeg\"  class=\"lightview\"><img loading=\"lazy\" decoding=\"async\" class=\"aligncenter size-full wp-image-16089\" src=\"http:\/\/www.korhanyilmaz.com\/wp-content\/uploads\/2009\/10\/bagdat.jpeg\" alt=\"\" width=\"292\" height=\"194\" \/><\/a><\/p>\n<p style=\"text-align: justify;\">Irak&#8217;\u0131n ba\u015fkenti Ba\u011fdat&#8217;ta bomba y\u00fckl\u00fc iki ara\u00e7la d\u00fczenlenen sald\u0131r\u0131da en az 136 ki\u015fi \u00f6ld\u00fc, 500 ki\u015fi de yaraland\u0131. Sald\u0131r\u0131n\u0131n ard\u0131ndan kent merkezinden ge\u00e7en Dicle Nehri dumanla kapland\u0131.<\/p>\n<p style=\"text-align: justify;\">Irak&#8217;\u0131n ba\u015fkenti Ba\u011fdat&#8217;ta d\u00fczenlenen iki intihar sald\u0131r\u0131s\u0131nda \u00f6lenlerin say\u0131s\u0131n\u0131n 136&#8217;ya \u00e7\u0131kt\u0131\u011f\u0131 bildirildi.<\/p>\n<p style=\"text-align: justify;\">Polis, Irak&#8217;ta bu y\u0131l i\u00e7inde d\u00fczenlenen bu en kanl\u0131 sald\u0131r\u0131da 500&#8217;den fazla ki\u015finin de yaraland\u0131\u011f\u0131n\u0131 a\u00e7\u0131klad\u0131.<!--more--><\/p>\n<p style=\"text-align: justify;\">\u0130ki patlamada, Dicle Nehri yak\u0131n\u0131ndaki b\u00f6lgede bulunan binalar sars\u0131ld\u0131 ve ortal\u0131k kan g\u00f6l\u00fcne d\u00f6nd\u00fc.<\/p>\n<p style=\"text-align: justify;\">Polis, ilk sald\u0131r\u0131da Adalet Bakanl\u0131\u011f\u0131&#8217;n\u0131n, dakikalar sonra d\u00fczenlenen ikinci sald\u0131r\u0131da da bir h\u00fck\u00fcmet binas\u0131n\u0131n hedef al\u0131nd\u0131\u011f\u0131n\u0131 belirtti.<\/p>\n<p style=\"text-align: justify;\">Bu arada, Ba\u015fbakan Nuri El Maliki&#8217;nin makam\u0131ndan yap\u0131lan a\u00e7\u0131klamada, &#8220;bu bombalar\u0131n Irak&#8217;a kaos tohumlar\u0131 ekmek anlam\u0131na geldi\u011fi&#8221; ifade edildi.<\/p>\n<p style=\"text-align: justify;\">Irak&#8217;ta 19 A\u011fustos&#8217;ta D\u0131\u015fi\u015fleri ve Maliye bakanl\u0131klar\u0131na d\u00fczenlenen sald\u0131r\u0131lardaki &#8220;ayn\u0131 kanl\u0131 ellerin&#8221; s\u00f6z konusu olduklar\u0131 belirtilen a\u00e7\u0131klamada, &#8220;bu ki\u015filerin \u00fclkeyi kaosa s\u00fcr\u00fcklemek, siyasi s\u00fcre\u00e7 ile parlamento se\u00e7imlerini engellemek istedikleri&#8221; ifade edildi.<\/p>\n<p style=\"text-align: justify;\">Irak Devlet Ba\u015fkan\u0131 Celal Talabani de, ismini vermedi\u011fi &#8220;kom\u015fular\u0131n\u0131&#8221; \u00fclkesindeki sald\u0131r\u0131lar\u0131 durdurmamakla su\u00e7lad\u0131.<\/p>\n<p style=\"text-align: justify;\">Talabani, yapt\u0131\u011f\u0131 a\u00e7\u0131klamada, &#8220;kom\u015fu ve uzak \u00fclkelerin, Irak devletine a\u00e7\u0131k\u00e7a d\u00fc\u015fmanl\u0131klar\u0131n\u0131 ilan eden g\u00fc\u00e7leri bar\u0131nd\u0131rmaktan ve destek vermekten daima ve derhal sak\u0131nmalar\u0131 gerekti\u011fini&#8221; ifade etti.<\/p>\n<p style=\"text-align: justify;\">Ba\u011fdat&#8217;ta A\u011fustos ay\u0131nda 100 ki\u015finin \u00f6l\u00fcm\u00fcne yol a\u00e7an sald\u0131r\u0131dan sonra Irak&#8217;\u0131n Suriye&#8217;yi bu sald\u0131r\u0131n\u0131n faillerini bar\u0131nd\u0131rmakla su\u00e7lamas\u0131, iki \u00fclke aras\u0131nda krize neden olmu\u015ftu.<\/p>\n<p style=\"text-align: justify;\"><strong><em>Obama: &#8220;\u0130lerlemeyi durdurmak i\u00e7in&#8221; <\/em><\/strong><\/p>\n<p style=\"text-align: justify;\">ABD Ba\u015fkan\u0131 Barack Obama, Irak&#8217;\u0131n ba\u015fkenti Ba\u011fdat&#8217;ta 136 ki\u015finin \u00f6ld\u00fc\u011f\u00fc iki intihar sald\u0131r\u0131s\u0131n\u0131n, bu \u00fclkedeki ilerlemeyi durdurmaya y\u00f6nelik bir giri\u015fim oldu\u011funu s\u00f6yledi.<\/p>\n<p style=\"text-align: justify;\">Obama yapt\u0131\u011f\u0131 a\u00e7\u0131klamada, bu sald\u0131r\u0131lar\u0131n, Irak&#8217;taki ilerlemeyi yava\u015flatmak isteyenlerin &#8220;nefret ve y\u0131k\u0131m dolu g\u00fcndemlerini&#8221; g\u00f6sterdi\u011fini ifade etti.<\/p>\n<p style=\"text-align: justify;\">Ba\u015fkan Obama, Irak&#8217;\u0131n bar\u0131\u015f, g\u00fcvenlik ve adalet elde etmesine yard\u0131mc\u0131 olacaklar\u0131n\u0131 yineledi.<\/p>\n<p style=\"text-align: justify;\">Beyaz Saray&#8217;dan yap\u0131lan a\u00e7\u0131klamada da Obama&#8217;n\u0131n Irak Ba\u015fbakan\u0131 Nuri El Maliki ve Devlet Ba\u015fkan\u0131 Celal Talabani&#8217;yi telefonla arayarak, ba\u015fsa\u011fl\u0131\u011f\u0131 diledi\u011fi ve Irakl\u0131lar\u0131n yan\u0131nda olduklar\u0131n\u0131 s\u00f6yledi\u011fi bildirildi.<\/p>\n<p style=\"text-align: justify;\"><strong><em>T\u00fcrkiye&#8217;den yard\u0131m teklifi <\/em><\/strong><\/p>\n<p style=\"text-align: justify;\">T\u00fcrkiye, Irak&#8217;ta bug\u00fcn d\u00fczenlenen sald\u0131r\u0131y\u0131 k\u0131nayarak, yaralananlar i\u00e7in yard\u0131m teklif etti.<\/p>\n<p style=\"text-align: justify;\">D\u0131\u015fi\u015fleri Bakanl\u0131\u011f\u0131&#8217;ndan yap\u0131lan a\u00e7\u0131klamada, Irak&#8217;\u0131n ba\u015fkenti Ba\u011fdat&#8217;ta bug\u00fcn d\u00fczenlenen bombal\u0131 intihar sald\u0131r\u0131s\u0131nda \u00e7ok say\u0131da ki\u015finin hayat\u0131n\u0131 kaybetti\u011fi ya da yaraland\u0131\u011f\u0131n\u0131n b\u00fcy\u00fck bir \u00fcz\u00fcnt\u00fcyle \u00f6\u011frenildi\u011fi belirtildi.<\/p>\n<p style=\"text-align: justify;\">A\u00e7\u0131klamada, &#8220;Irak halk\u0131n\u0131n demokratikle\u015fme ve istikrar\u0131n tesisi y\u00f6n\u00fcndeki \u00e7abalar\u0131n\u0131 sekteye u\u011fratarak, \u00fclkedeki g\u00f6receli g\u00fcvenlik ortam\u0131n\u0131 bozmay\u0131 ve Irak&#8217;\u0131 tekrar bir karma\u015fa atmosferine s\u00fcr\u00fcklemeyi ama\u00e7layan bu menfur ter\u00f6r eylemini \u015fiddetle k\u0131n\u0131yoruz&#8221; denildi.<\/p>\n<p style=\"text-align: justify;\">T\u00fcrkiye&#8217;nin s\u00f6z konusu sald\u0131r\u0131da yaralanan Irak vatanda\u015flar\u0131ndan bir k\u0131sm\u0131n\u0131n ambulans u\u00e7akla T\u00fcrkiye&#8217;ye tahliye edilerek, tedavi alt\u0131na al\u0131nmas\u0131 konusunda yard\u0131mc\u0131 olmaya haz\u0131r oldu\u011funun bildirildi\u011fi a\u00e7\u0131klamada, D\u0131\u015fi\u015fleri Bakan\u0131 Ahmet Davuto\u011flu&#8217;nun Irak D\u0131\u015fi\u015fleri Bakan\u0131 Ho\u015fyar Zebari ile bug\u00fcn yapt\u0131\u011f\u0131 telefon g\u00f6r\u00fc\u015fmesinde yaral\u0131lar\u0131n tedavisi konusundaki yard\u0131m teklifini Irak taraf\u0131na iletti\u011fi kaydedildi.<\/p>\n<p style=\"text-align: justify;\">Bu arada D\u0131\u015fi\u015fleri Bakan\u0131 Ahmet Davuto\u011flu, Ba\u011fdat&#8217;ta meydana gelen sald\u0131r\u0131larda hayat\u0131n\u0131 kaybedenler i\u00e7in Irak D\u0131\u015fi\u015fleri Bakan\u0131 Ho\u015fyar Zebari&#8217;ye taziyelerini iletti.<\/p>\n<p style=\"text-align: justify;\">Al\u0131nan bilgiye g\u00f6re, Ba\u015fbakan Recep Tayyip Erdo\u011fan&#8217;\u0131n Pakistan gezisine e\u015flik eden Davuto\u011flu, bug\u00fcn Ba\u011fdat&#8217;daki sald\u0131r\u0131lar\u0131n ard\u0131ndan Zebari&#8217;yi telefonla arad\u0131.<\/p>\n<p style=\"text-align: justify;\">Zebari&#8217;ye taziyelerini ileten Davuto\u011flu, &#8220;Acil ne yard\u0131m gerekiyorsa hemen g\u00f6nderelim&#8221; dedi. Ho\u015fyar Zebari de Davuto\u011flu&#8217;na te\u015fekk\u00fcr ederek, &#8220;\u0130lk arayan yine T\u00fcrkiye oldu&#8221; ifadesini kulland\u0131.<\/p>\n<p style=\"text-align: justify;\"><strong><em>Erdo\u011fan Maliki&#8217;yi arad\u0131 <\/em><\/strong><\/p>\n<p style=\"text-align: justify;\">Ba\u015fbakan Erdo\u011fan, Irak Ba\u015fbakan\u0131 Nuri El Maliki&#8217;yi telefonla arayarak, Irak&#8217;taki ter\u00f6r sald\u0131r\u0131lar\u0131ndan dolay\u0131 b\u00fcy\u00fck \u00fcz\u00fcnt\u00fc i\u00e7inde oldu\u011funu ifade etti.<\/p>\n<p style=\"text-align: justify;\">Ba\u015fbakan Erdo\u011fan&#8217;\u0131n Maliki&#8217;ye \u015funlar\u0131 s\u00f6yledi\u011fi \u00f6\u011frenildi: &#8220;Bu sabah Ba\u011fdat&#8217;ta 130-140 ki\u015finin ter\u00f6r sald\u0131r\u0131s\u0131nda \u00f6ld\u00fc\u011f\u00fcn\u00fc \u00f6\u011frendim. Haberi, resmi bir ziyarette bulundu\u011fumu \u0130slamabad&#8217;da ald\u0131m. Pakistan Ba\u015fbakan\u0131 Gilani ile birlikte ter\u00f6r sald\u0131r\u0131s\u0131n\u0131 k\u0131nad\u0131k. D\u0131\u015fi\u015fleri Bakan\u0131m\u0131z, sizin D\u0131\u015fi\u015fleri Bakan\u0131n\u0131z\u0131 arayarak yaral\u0131lar\u0131n helikopter ile T\u00fcrkiye&#8217;ye gelmesi i\u00e7in haz\u0131r oldu\u011fumuzu belirtti. Bunun haricinde b\u00fct\u00fcn taleplerinize kar\u015f\u0131 haz\u0131r oldu\u011fumuzu bilmenizi isteriz. Ter\u00f6r\u00fc kesinlikle lanetliyoruz. Sivil insanlar\u0131n \u00f6ld\u00fcr\u00fclmesini hi\u00e7bir \u015fey me\u015fru g\u00f6stermez. \u00c7ok b\u00fcy\u00fck bir \u00fcz\u00fcnt\u00fc i\u00e7indeyim.&#8221;<\/p>\n<p style=\"text-align: justify;\">Irak Ba\u015fbakan\u0131 Maliki&#8217;nin de Ba\u015fbakan Erdo\u011fan&#8217;a &#8220;Duygular\u0131n\u0131z ve g\u00f6sterdi\u011finiz hassasiyet i\u00e7in \u00e7ok te\u015fekk\u00fcr ederim. Maalesef ter\u00f6r bize yine \u00e7ok b\u00fcy\u00fck ac\u0131lar ya\u015fatt\u0131. Tehlikeli durumda 2 yaral\u0131m\u0131z var, geri kalan yaral\u0131lar\u0131n durumu hafif. \u015eu anda helikopter ile hasta hakline ihtiya\u00e7 bulunmuyor. \u0130htiya\u00e7 olursa biz sizi haberdar ederiz. T\u00fcrkiye&#8217;nin g\u00f6sterdi\u011fi bu yak\u0131nl\u0131k, hassasiyet her zamanki gibi bizi \u00e7ok duyguland\u0131rd\u0131 mutlu etti&#8221; dedi\u011fi bildirildi.<\/p>\n<p style=\"text-align: justify;\">Erdo\u011fan&#8217;\u0131n da bunun \u00fczerine, &#8220;Bu bizim g\u00f6revimiz, ter\u00f6re kar\u015f\u0131 ortak m\u00fccadele etmemiz \u015fart. Karde\u015f Irak halk\u0131yla her zaman dayan\u0131\u015fma i\u00e7inde olaca\u011f\u0131z. Hayat\u0131n\u0131 kaybedenlere Allah&#8217;tan rahmet yaral\u0131lara acil \u015fifalar diliyorum. Millet\u00e7e ba\u015f\u0131n\u0131z sa\u011f olsun&#8221; dedi\u011fi, Maliki&#8217;nin de &#8220;Allah sizden ve T\u00fcrk halk\u0131ndan raz\u0131 olsun&#8221; kar\u015f\u0131l\u0131\u011f\u0131n\u0131 verdi\u011fi belirtildi.<\/p>\n<p style=\"text-align: justify;\"><span style=\"color: #888888;\">CNN T\u00dcRK<\/span><\/p>\n","protected":false},"excerpt":{"rendered":"<\/p>\n<p style=\"text-align: justify;\">Irak&#8217;\u0131n ba\u015fkenti Ba\u011fdat&#8217;ta bomba y\u00fckl\u00fc iki ara\u00e7la d\u00fczenlenen sald\u0131r\u0131da en az 136 ki\u015fi \u00f6ld\u00fc, 500 ki\u015fi de yaraland\u0131. Sald\u0131r\u0131n\u0131n ard\u0131ndan kent merkezinden ge\u00e7en Dicle Nehri dumanla kapland\u0131.<\/p>\n<p style=\"text-align: justify;\">Irak&#8217;\u0131n ba\u015fkenti Ba\u011fdat&#8217;ta d\u00fczenlenen iki intihar sald\u0131r\u0131s\u0131nda \u00f6lenlerin say\u0131s\u0131n\u0131n 136&#8217;ya \u00e7\u0131kt\u0131\u011f\u0131 bildirildi.<\/p>\n<p style=\"text-align: justify;\">Polis, Irak&#8217;ta bu y\u0131l i\u00e7inde d\u00fczenlenen bu en kanl\u0131 <\/p>\n","protected":false},"author":1,"featured_media":0,"comment_status":"open","ping_status":"closed","sticky":false,"template":"","format":"standard","meta":{"footnotes":""},"categories":[3],"tags":[],"class_list":["post-16088","post","type-post","status-publish","format-standard","hentry","category-dunya","odd"],"_links":{"self":[{"href":"http:\/\/www.korhanyilmaz.com\/index.php?rest_route=\/wp\/v2\/posts\/16088","targetHints":{"allow":["GET"]}}],"collection":[{"href":"http:\/\/www.korhanyilmaz.com\/index.php?rest_route=\/wp\/v2\/posts"}],"about":[{"href":"http:\/\/www.korhanyilmaz.com\/index.php?rest_route=\/wp\/v2\/types\/post"}],"author":[{"embeddable":true,"href":"http:\/\/www.korhanyilmaz.com\/index.php?rest_route=\/wp\/v2\/users\/1"}],"replies":[{"embeddable":true,"href":"http:\/\/www.korhanyilmaz.com\/index.php?rest_route=%2Fwp%2Fv2%2Fcomments&post=16088"}],"version-history":[{"count":0,"href":"http:\/\/www.korhanyilmaz.com\/index.php?rest_route=\/wp\/v2\/posts\/16088\/revisions"}],"wp:attachment":[{"href":"http:\/\/www.korhanyilmaz.com\/index.php?rest_route=%2Fwp%2Fv2%2Fmedia&parent=16088"}],"wp:term":[{"taxonomy":"category","embeddable":true,"href":"http:\/\/www.korhanyilmaz.com\/index.php?rest_route=%2Fwp%2Fv2%2Fcategories&post=16088"},{"taxonomy":"post_tag","embeddable":true,"href":"http:\/\/www.korhanyilmaz.com\/index.php?rest_route=%2Fwp%2Fv2%2Ftags&post=16088"}],"curies":[{"name":"wp","href":"https:\/\/api.w.org\/{rel}","templated":true}]}}