{"id":16084,"date":"2009-10-24T22:20:02","date_gmt":"2009-10-24T20:20:02","guid":{"rendered":"http:\/\/www.korhanyilmaz.com\/?p=16084"},"modified":"2009-10-24T22:20:02","modified_gmt":"2009-10-24T20:20:02","slug":"16084","status":"publish","type":"post","link":"http:\/\/www.korhanyilmaz.com\/?p=16084","title":{"rendered":"\u015eifreyi CIA ajan\u0131 k\u0131rd\u0131"},"content":{"rendered":"<p style=\"text-align: center;\"><a href=\"http:\/\/www.korhanyilmaz.com\/wp-content\/uploads\/2009\/10\/cia.jpg\"  class=\"lightview\"><img loading=\"lazy\" decoding=\"async\" class=\"aligncenter size-full wp-image-16085\" src=\"http:\/\/www.korhanyilmaz.com\/wp-content\/uploads\/2009\/10\/cia.jpg\" alt=\"\" width=\"450\" height=\"225\" \/><\/a><\/p>\n<p style=\"text-align: justify;\">Ankara\u2019da, ABD B\u00fcy\u00fckel\u00e7isi s\u0131fat\u0131yla g\u00f6rev yapan James Jeffrey, K\u00fcrt a\u00e7\u0131l\u0131m\u0131yla ilgili de\u011ferlendirmeler yaparken, Cumhurba\u015fkan\u0131 G\u00fcl ve Ba\u015fbakan Erdo\u011fan\u2019\u0131n dillendirdi\u011fi \u201cesrarengiz\u201d ifadelerini b\u00f6yle de\u015fifre etti:<\/p>\n<p style=\"text-align: justify;\"><strong><em>Abdullah G\u00fcl:<\/em><\/strong> Kendi sorunlar\u0131n\u0131 kendi iradeleriyle \u00e7\u00f6zemeyen devletler, ba\u015fkalar\u0131n\u0131n istismar\u0131na a\u00e7\u0131kt\u0131r.<\/p>\n<p style=\"text-align: justify;\"><strong><em>James Jeffrey:<\/em><\/strong> Biz \u00e7ekilene kadar PKK\u2019y\u0131 tasfiyede ba\u015far\u0131l\u0131 olamazsak, alternatif siyaseti bulaca\u011f\u0131z.<\/p>\n<p style=\"text-align: justify;\"><strong><em>Tayyip Erdo\u011fan:<\/em><\/strong> A\u00e7\u0131l\u0131mda fazla s\u00fcre yok. Y\u0131l sonunu bulamay\u0131z, o kadar rahat de\u011filiz. \u00c7ok ge\u00e7 olur.<\/p>\n<p style=\"text-align: justify;\"><strong><em>James Jeffrey:<\/em><\/strong> 2011 Aral\u0131k\u2019a kadar Irak\u2019tan \u00e7ekilmeyi tamamlayaca\u011f\u0131z.Bu tarihe kadar bu i\u015f bitmeli. <!--more--><\/p>\n<p style=\"text-align: justify;\"><strong><em>ABD\u2019N\u0130N ANKARA B\u00dcY\u00dcKEL\u00c7\u0130S\u0130, BA\u015eBAKAN VE CUMHURBA\u015eKANI\u2019NIN S\u00d6ZLER\u0130NE A\u00c7IKLIK GET\u0130RD\u0130<\/em><\/strong><\/p>\n<p style=\"text-align: justify;\"><strong><em>\u015eifreleri CIA ajan\u0131 k\u0131rd\u0131<\/em><\/strong><\/p>\n<p style=\"text-align: justify;\">Cumhurba\u015fkan\u0131 Abdullah G\u00fcl\u2019\u00fcn \u201cKendi sorunlar\u0131n\u0131 kendi iradeleriyle \u00e7\u00f6zemeyen devletler, ba\u015fkalar\u0131n\u0131n istismar\u0131na a\u00e7\u0131kt\u0131r\u201d ve Ba\u015fbakan Erdo\u011fan\u2019\u0131n \u201c K\u00fcrt a\u00e7\u0131l\u0131m\u0131nda fazla s\u00fcre yok.Y\u0131l sonunu bulamay\u0131z. \u00c7ok ge\u00e7 olur\u201d s\u00f6zlerinin ard\u0131ndaki \u015fifreleri ABD\u2019nin CIA ajan\u0131 B\u00fcy\u00fckel\u00e7isi James Jeffrey a\u00e7\u0131kl\u0131k getirdi. D\u00fcn baz\u0131 gazetelerin Ankara temsilcilerine a\u00e7\u0131klamalarda bulunan Jeffrey, a\u00e7\u0131k a\u00e7\u0131k bu i\u015fi 2011 y\u0131l\u0131na kadar \u00e7\u00f6z\u00fcn mesaj\u0131 verdi.<\/p>\n<p style=\"text-align: justify;\"><strong><em>Bu i\u015f bitsin<\/em><\/strong><\/p>\n<p style=\"text-align: justify;\">\u201cBiz \u2019Demokratik A\u00e7\u0131l\u0131m\u2019\u0131 destekliyoruz. Ancak bu bizim projemiz de\u011fil\u201d diyen Jeffrey, \u201cABD 2011 y\u0131l\u0131 Aral\u0131k ay\u0131na kadar Irak\u2019tan \u00e7ekilmeyi tamamlayacak. Biz biliyoruz ki Irak\u2019taki Amerikan rol\u00fc yava\u015f yava\u015f azal\u0131yor. T\u00fcrkiye\u2019ye yard\u0131m etmek i\u00e7in \u00e7aba g\u00f6steriyoruz. Bu tarihe kadar bu i\u015f bitmeli diyoruz. Umar\u0131z ki bu konu bitecek. Biz \u00e7ekilmeden \u00f6nce T\u00fcrkiye bu konuyu bitirecek. Askeri, siyasi, diplomatik \u00e7aba g\u00f6steriyoruz. T\u00fcrkiye, Irak, ABD bu sorunu bitirmek i\u00e7in beraber \u00e7al\u0131\u015f\u0131yor. Bir an \u00f6nce PKK tehdidini bitirmek istiyor. Ancak tek bir tarih yok. Ne kadar erken olursa o kadar iyi. \u2019\u015eu tarihe kadar bu i\u015f bitmeli\u2019diyemiyoruz. Ba\u015far\u0131l\u0131 olamazsak alternatif siyaseti bug\u00fcnden aray\u0131p bulaca\u011f\u0131z.\u201d ifadelerini kulland\u0131.<\/p>\n<p style=\"text-align: justify;\"><strong><em>Telkinlerde bulunuyoruz<\/em><\/strong><\/p>\n<p style=\"text-align: justify;\">Da\u011fl\u0131ca ve Akt\u00fct\u00fcn sald\u0131r\u0131lardan sonra ABD ve T\u00fcrkiye aras\u0131nda ba\u015flayan istihbarat payla\u015f\u0131m\u0131n\u0131 anlatan ABD B\u00fcy\u00fckel\u00e7isi, \u201cBiz T\u00fcrkiye\u2019nin PKK\u2019ya kar\u015f\u0131 askeri operasyonlar\u0131n\u0131 destekliyoruz. \u2019Demokratik A\u00e7\u0131l\u0131m\u2019\u0131 da destekliyoruz. Bu konu \u00e7ok hassas bir i\u00e7 siyasi tart\u0131\u015fma konusu. O nedenle biz konu\u015fmuyoruz. Ama olay hi\u00e7bir \u015fekilde bir Amerikan plan\u0131 de\u011fil\u201d dedi. PKK eleba\u015flar\u0131n\u0131n uyu\u015fturucu ka\u00e7ak\u00e7\u0131s\u0131 olarak ilan edip, ABD\u2019deki mal varl\u0131\u011f\u0131na el konulmas\u0131 i\u00e7in karar ald\u0131klar\u0131n\u0131 hat\u0131rlatan B\u00fcy\u00fckel\u00e7i Jeffery, bu konuda Avrupa \u00fclkelerine de telkinlerde bulunduklar\u0131n\u0131 s\u00f6yledi.<\/p>\n<p style=\"text-align: justify;\"><strong><em>Abdullah G\u00fcl: <\/em><\/strong>Kendi sorunlar\u0131n\u0131 kendi iradeleriyle \u00e7\u00f6zemeyen devletler, ba\u015fkalar\u0131n\u0131n istismar\u0131na a\u00e7\u0131kt\u0131r<\/p>\n<p style=\"text-align: justify;\"><strong><em>Tayyip Erdo\u011fan:<\/em><\/strong> A\u00e7\u0131l\u0131m\u0131nda fazla s\u00fcre yok. Y\u0131l sonunu falan bulamay\u0131z, o kadar rahat de\u011filiz.\u00c7ok ge\u00e7 olur<\/p>\n<p style=\"text-align: justify;\"><strong><em>James Jeffrey:<\/em><\/strong> 2011 y\u0131l\u0131 Aral\u0131k ay\u0131na kadar Irak\u2019tan \u00e7ekilmeyi tamamlayaca\u011f\u0131z. Bu tarihe kadar bu i\u015f bitmeli. <em><span style=\"color: #000000;\">(Erdo\u011fan\u2019a)<\/span><\/em><strong><em><span style=\"color: #000000;\"> <\/span><\/em><\/strong><\/p>\n<p style=\"text-align: justify;\"><strong><em>Ba\u015fkalar\u0131na f\u0131rsat vermeden \u00e7\u00f6zelim<\/em><\/strong><\/p>\n<p style=\"text-align: justify;\">TBMM\u2019nin 2 Ekim\u2019deki yeni yasama y\u0131l\u0131 a\u00e7\u0131l\u0131\u015f\u0131nda konu\u015fan Cumhurba\u015fkan\u0131 Abdullah G\u00fcl, \u201cKendi i\u00e7inde g\u00fc\u00e7l\u00fc bir mutabakat\u0131 sa\u011flayamam\u0131\u015f bir devletin d\u00fcnya sahnesinde g\u00fc\u00e7l\u00fc olmas\u0131 d\u00fc\u015f\u00fcn\u00fclemez. Kendi sorunlar\u0131n\u0131 kendi iradeleriyle \u00e7\u00f6zemeyen devletler, ba\u015fkalar\u0131n\u0131n istismar\u0131na a\u00e7\u0131kt\u0131r. Siyasi akl\u0131 g\u00fc\u00e7l\u00fc bir devlet buna izin vermez; sorunlar\u0131n\u0131 ba\u015fkalar\u0131na f\u0131rsat vermeden kendi iradesiyle \u00e7\u00f6zer\u201d diye konu\u015fmu\u015ftu.<\/p>\n<p style=\"text-align: justify;\"><strong><em>Y\u0131l sonunu filan bulamay\u0131z<\/em><\/strong><\/p>\n<p style=\"text-align: justify;\">Ba\u015fbakan Recep Tayyip Erdo\u011fan AKP\u2019nin 8. kurulu\u015f y\u0131l d\u00f6n\u00fcm\u00fc nedeniyle parti genel merkezinde verilen resepsiyonda \u2018K\u00fcrt a\u00e7\u0131l\u0131m\u0131\u2019 ile ilgili a\u00e7\u0131klamalarda bulunmu\u015ftu. Burada konu\u015fan Erdo\u011fan gazetecilerin sorusu \u00fczerine ellerini \u00e7abuk tutmak zorunda olduklar\u0131n\u0131 belirterek, \u201cArkada\u015flar \u00e7al\u0131\u015fmay\u0131 y\u00fcr\u00fct\u00fcyorlar. Y\u0131l sonunu falan bulamay\u0131z, o kadar rahat de\u011filiz\u201d ifadesini kullanm\u0131\u015ft\u0131.<\/p>\n<p style=\"text-align: justify;\"><span style=\"color: #888888;\">Haber Kayna\u011f\u0131 : <a href=\"http:\/\/www.yenicaggazetesi.com.tr\/haberdetay.php?hit=25224\" target=\"_blank\">yenicaggazetesi.com.tr<\/a><\/span><\/p>\n","protected":false},"excerpt":{"rendered":"<p style=\"text-align: center;\">\n<p style=\"text-align: justify;\">Ankara\u2019da, ABD B\u00fcy\u00fckel\u00e7isi s\u0131fat\u0131yla g\u00f6rev yapan James Jeffrey, K\u00fcrt a\u00e7\u0131l\u0131m\u0131yla ilgili de\u011ferlendirmeler yaparken, Cumhurba\u015fkan\u0131 G\u00fcl ve Ba\u015fbakan Erdo\u011fan\u2019\u0131n dillendirdi\u011fi \u201cesrarengiz\u201d ifadelerini b\u00f6yle de\u015fifre etti:<\/p>\n<p style=\"text-align: justify;\">Abdullah G\u00fcl: Kendi sorunlar\u0131n\u0131 kendi iradeleriyle \u00e7\u00f6zemeyen devletler, ba\u015fkalar\u0131n\u0131n istismar\u0131na a\u00e7\u0131kt\u0131r.<\/p>\n<p style=\"text-align: justify;\">James Jeffrey: Biz \u00e7ekilene kadar PKK\u2019y\u0131 tasfiyede ba\u015far\u0131l\u0131 olamazsak, alternatif siyaseti <\/p>\n","protected":false},"author":1,"featured_media":0,"comment_status":"open","ping_status":"closed","sticky":false,"template":"","format":"standard","meta":{"footnotes":""},"categories":[105],"tags":[],"class_list":["post-16084","post","type-post","status-publish","format-standard","hentry","category-gundem","odd"],"_links":{"self":[{"href":"http:\/\/www.korhanyilmaz.com\/index.php?rest_route=\/wp\/v2\/posts\/16084","targetHints":{"allow":["GET"]}}],"collection":[{"href":"http:\/\/www.korhanyilmaz.com\/index.php?rest_route=\/wp\/v2\/posts"}],"about":[{"href":"http:\/\/www.korhanyilmaz.com\/index.php?rest_route=\/wp\/v2\/types\/post"}],"author":[{"embeddable":true,"href":"http:\/\/www.korhanyilmaz.com\/index.php?rest_route=\/wp\/v2\/users\/1"}],"replies":[{"embeddable":true,"href":"http:\/\/www.korhanyilmaz.com\/index.php?rest_route=%2Fwp%2Fv2%2Fcomments&post=16084"}],"version-history":[{"count":0,"href":"http:\/\/www.korhanyilmaz.com\/index.php?rest_route=\/wp\/v2\/posts\/16084\/revisions"}],"wp:attachment":[{"href":"http:\/\/www.korhanyilmaz.com\/index.php?rest_route=%2Fwp%2Fv2%2Fmedia&parent=16084"}],"wp:term":[{"taxonomy":"category","embeddable":true,"href":"http:\/\/www.korhanyilmaz.com\/index.php?rest_route=%2Fwp%2Fv2%2Fcategories&post=16084"},{"taxonomy":"post_tag","embeddable":true,"href":"http:\/\/www.korhanyilmaz.com\/index.php?rest_route=%2Fwp%2Fv2%2Ftags&post=16084"}],"curies":[{"name":"wp","href":"https:\/\/api.w.org\/{rel}","templated":true}]}}