{"id":16080,"date":"2009-10-25T09:13:12","date_gmt":"2009-10-25T07:13:12","guid":{"rendered":"http:\/\/www.korhanyilmaz.com\/?p=16080"},"modified":"2009-10-25T09:13:12","modified_gmt":"2009-10-25T07:13:12","slug":"ofke-seli-yurdu-sardi","status":"publish","type":"post","link":"http:\/\/www.korhanyilmaz.com\/?p=16080","title":{"rendered":"\u00d6fke seli yurdu sard\u0131"},"content":{"rendered":"<p style=\"text-align: center;\"><a href=\"http:\/\/www.korhanyilmaz.com\/wp-content\/uploads\/2009\/10\/ofkeseli.jpg\"  class=\"lightview\"><img loading=\"lazy\" decoding=\"async\" class=\"aligncenter size-full wp-image-16081\" src=\"http:\/\/www.korhanyilmaz.com\/wp-content\/uploads\/2009\/10\/ofkeseli.jpg\" alt=\"\" width=\"450\" height=\"225\" \/><\/a><\/p>\n<p style=\"text-align: justify;\">ABD &#8211; AKP &#8211; PKK i\u015fbirli\u011fiyle ba\u015flat\u0131lan K\u00fcrt a\u00e7\u0131l\u0131m\u0131yla da\u011fdan inen ter\u00f6ristlerin kahraman gibi kar\u015f\u0131lanmas\u0131na tepkiler \u00e7\u0131\u011f gibi b\u00fcy\u00fcyor. T\u00fcrkiye\u2019nin d\u00f6rt bir yan\u0131nda sokaklara d\u00f6k\u00fclen \u015fehit aileleri, evlatlar\u0131n\u0131 katleden ter\u00f6ristlerin serbest b\u0131rak\u0131lmas\u0131na isyan etti.<\/p>\n<p style=\"text-align: justify;\">* Elaz\u0131\u011f\u2019da protesto y\u00fcr\u00fcy\u00fc\u015f\u00fc gergin ge\u00e7ti<\/p>\n<p style=\"text-align: justify;\">* Kayseri\u2019deki g\u00f6steride kad\u0131nlar \u00f6ne \u00e7\u0131kt\u0131<\/p>\n<p style=\"text-align: justify;\"><strong><em>Madalya yerine siyah kurdele!..<\/em><\/strong><\/p>\n<p style=\"text-align: justify;\">Ter\u00f6ristlerin teslim olmas\u0131n\u0131n ard\u0131ndan ya\u015fanan g\u00f6r\u00fcnt\u00fclere y\u00f6nelik \u00f6fke yurdun d\u00f6rtbir yan\u0131na dalga dalga yay\u0131l\u0131yor.<!--more--><\/p>\n<p style=\"text-align: justify;\">AKP\u2019nin K\u00fcrt a\u00e7\u0131l\u0131m\u0131 kapsam\u0131nda Kadil ve Mahmur\u2019dan gelen 34 PKK\u2019l\u0131 ter\u00f6ristin \u015f\u00f6len havas\u0131nda kar\u015f\u0131lanmas\u0131na \u015fehit aileleri ve gazilerin tepkisi s\u00fcr\u00fcyor. H\u00fck\u00fcmetin politikalar\u0131 sonucu ya\u015fananlara olan \u00f6fke T\u00fcrkiye\u2019nin d\u00f6rtbir yan\u0131na dalga dalga yay\u0131l\u0131yor. Adana, Edirne, Antalya, Yozgat, Samsun, \u0130zmir, Kayseri, K\u0131r\u0131kkale, Ordu ve Kastamonu\u2019da ter\u00f6ristlerin \u2019kahraman\u2019lar gibi kar\u015f\u0131lanmas\u0131 protesto edildi. Ter\u00f6ristlerin teslim olmas\u0131 s\u0131ras\u0131nda ya\u015fananlar, Adana\u2019da, \u015fehit aileleri, gazi ve yak\u0131nlar\u0131 taraf\u0131ndan protesto edildi. Adana \u015eehit Aileleri Malulleri Yard\u0131mla\u015fma Derne\u011fi \u00f6n\u00fcnde ellerinde T\u00fcrk bayraklar\u0131 ile  toplanan \u015fehit ve gazi yak\u0131nlar\u0131n\u0131n, madalya   yerine siyah kurdele takt\u0131\u011f\u0131 g\u00f6zlendi.<\/p>\n<p style=\"text-align: justify;\"><strong><em>Ac\u0131lar\u0131 y\u00fcre\u011fimizde ta\u015f\u0131yoruz<\/em><\/strong><\/p>\n<p style=\"text-align: justify;\">\u015eehit annesi G\u00fcldane D\u00f6nmez, \u201cBu durum devam ederse, \u015fehit madalyam\u0131 teslim edece\u011fim\u201d dedi. Hakkari\u2019nin \u015eemdinli il\u00e7esindeki Akt\u00fct\u00fcn Jandarma Karakolu\u2019na ge\u00e7en y\u0131l d\u00fczenlenen sald\u0131r\u0131da \u015fehit olan Uzman \u00c7avu\u015f Ozan Onur \u0130lgen\u2019in annesi Deniz Vilson da g\u00f6steriye, \u00fczerinde o\u011flunun foto\u011fraf\u0131 bulunan ti\u015f\u00f6rtle kat\u0131ld\u0131. Vilson, \u201cSald\u0131r\u0131da \u015fehit olan 17 askerimizin isimlerini \u00fczerimdeki ti\u015f\u00f6rtte, ac\u0131lar\u0131n\u0131 ise y\u00fcre\u011fimde ta\u015f\u0131yorum\u201d dedi.<\/p>\n<p style=\"text-align: justify;\"><strong><em>H\u00fck\u00fcmet teslim al\u0131nd\u0131<\/em><\/strong><\/p>\n<p style=\"text-align: justify;\">Toplant\u0131da, baz\u0131 \u015fehit ailelerinin g\u00f6z ya\u015flar\u0131n\u0131 tutamad\u0131klar\u0131 g\u00f6zlendi. Edirne\u2019de, \u015fehit yak\u0131nlar\u0131 ile baz\u0131 parti ve sivil toplum kurulu\u015flar\u0131 \u00fcyelerinin destek verdi\u011fi yakla\u015f\u0131k 200 ki\u015filik grup, Edirne \u015eehit Aileleri Dayan\u0131\u015fma ve Sosyal Yard\u0131mla\u015fma Derne\u011fi bah\u00e7esinde topland\u0131. Edirne\u2019nin 117 \u015fehidini temsil eden 117 T\u00fcrk bayra\u011f\u0131yla donat\u0131lan bah\u00e7ede bas\u0131n a\u00e7\u0131klamas\u0131 yapan dernek 2. Ba\u015fkan\u0131 Faruk \u00c7ift\u00e7i, \u015fehit aile ve yak\u0131nlar\u0131n\u0131n son ya\u015fananlar\u0131 endi\u015fe ve hayretle izlediklerini belirtti. Bas\u0131n a\u00e7\u0131klamas\u0131 s\u0131ras\u0131nda \u015fehit yak\u0131nlar\u0131 g\u00f6z ya\u015f\u0131 d\u00f6kerken, 1995 y\u0131l\u0131nda o\u011flu Tunceli\u2019de \u015fehit d\u00fc\u015fen Mihriban Vardar bayg\u0131nl\u0131k ge\u00e7irdi. Antalya \u015eehit Aileleri ve Gaziler Derne\u011fi Ba\u015fkan\u0131 Cengiz Nizam, Habur s\u0131n\u0131r kap\u0131s\u0131ndaki manzarada h\u00fck\u00fcmetin ter\u00f6ristleri almad\u0131\u011f\u0131n\u0131, ter\u00f6ristlerin h\u00fck\u00fcmeti teslim ald\u0131\u011f\u0131n\u0131 dile getirdi. Nizam\u2019\u0131n bas\u0131n toplant\u0131s\u0131na \u015fehit yak\u0131nlar\u0131yla gaziler de kat\u0131ld\u0131.<\/p>\n<p style=\"text-align: justify;\"><strong><em>O ter\u00f6ristlere taks\u0131nlar<\/em><\/strong><\/p>\n<p style=\"text-align: justify;\">Hakkari\u2019nin \u00c7ukurca il\u00e7esinde 1995\u2019te \u015fehit d\u00fc\u015fen Jandarma Er Erg\u00fcn Bilgi\u00e7\u2019in annesi Fatma, \u015fehit o\u011flunun madalyas\u0131n\u0131 g\u00f6stererek, \u201cMadalyay\u0131 als\u0131nlar da o ter\u00f6ristlere taks\u0131nlar. Yaz\u0131klar olsun\u201d diyerek g\u00f6zya\u015f\u0131 d\u00f6kt\u00fc. Antalya Barosu da ya\u015fananlar\u0131 protesto etti. Kayseri\u2019de Kartal \u015eehitli\u011fi\u2019nde toplanan \u015fehit aileleri ve gaziler, kabirleri ziyaret edip dua okudu. Kur\u2019an okunmas\u0131n\u0131n ard\u0131ndan grup \u00fcyeleri, \u015fehitlikten Cumhuriyet Meydan\u0131\u2019na y\u00fcr\u00fcd\u00fc. Yakla\u015f\u0131k bin ki\u015filik grup, ellerinde T\u00fcrk bayraklar\u0131 ve \u015fehit foto\u011fraflar\u0131yla \u00e7e\u015fitli sloganlar att\u0131. Gruba, \u00e7evredeki vatanda\u015flar da zaman zaman alk\u0131\u015flarla destek verdi. Gazi oldu\u011fu i\u00e7in kendisine verilen devlet \u00f6v\u00fcn\u00e7 madalyas\u0131n\u0131 ve bir kur\u015funu g\u00f6steren Yavuz, \u201cBu madalyay\u0131 art\u0131k ta\u015f\u0131yam\u0131yorum. Art\u0131k bir cebimde madalyam, di\u011fer cebimde arkada\u015flar\u0131m\u0131 \u015fehit edip bizleri gazi eden kur\u015funu ta\u015f\u0131yaca\u011f\u0131m\u201d dedi.<\/p>\n<p style=\"text-align: justify;\"><strong><em>Baba hasretiyle yan\u0131yorlar<\/em><\/strong><\/p>\n<p style=\"text-align: justify;\">K\u0131r\u0131kkale \u015eehitli\u011fini ziyaret eden \u015fehit aileleri, ya\u015fanan olaylara tepki g\u00f6sterdi. \u015eemdinli\u2019de 1992\u2019de \u015fehit olan Piyade Astsubay K\u0131demli \u00c7avu\u015f Bahtiyar Ceylan\u2019\u0131n annesi Nurhan Ceylan, \u201cTorunlar\u0131m r\u00fcyalar\u0131nda babalar\u0131n\u0131 g\u00f6rmek i\u00e7in dua ediyor. Bu nas\u0131l adalet?\u201d diyerek tepkisini g\u00f6sterdi. O\u011flunun resmine bakarak g\u00f6zya\u015f\u0131 d\u00f6ken Ceylan, \u201cBenim o\u011flumu kim \u00e7ocuklar\u0131na, karde\u015flerine kavu\u015fturacak? Benim o\u011flumu kim getirecek?\u201d diye konu\u015ftu.<\/p>\n<p style=\"text-align: justify;\"><strong><em>Postayla iade edece\u011fim<\/em><\/strong><\/p>\n<p style=\"text-align: justify;\">Bing\u00f6l\u2019de 1993\u2019te \u015fehit olan Adem Z\u00f6ng\u00fcr\u2019\u00fcn babas\u0131 Y\u0131lmaz Z\u00f6ng\u00fcr de \u201cO\u011flumun katillerine bu kadar taviz veriliyorken, torunumun babas\u0131n\u0131 hi\u00e7 g\u00f6rmemesinin hesab\u0131n\u0131 kim verecek?\u201d dedi. Kastamonu\u2019nun Ta\u015fk\u00f6pr\u00fc il\u00e7esi \u015eehit Aileleri Derne\u011fi Ba\u015fkan\u0131 Metin Ate\u015f, teslim olan ter\u00f6r \u00f6rg\u00fct\u00fc \u00fcyelerinin serbest b\u0131rak\u0131lmas\u0131n\u0131 k\u0131nad\u0131klar\u0131n\u0131 s\u00f6yledi. T\u00fcrkiye Harp Malul\u00fc Gaziler \u015eehit Dul ve Yetimleri Derne\u011fi Ordu \u015eube Ba\u015fkan\u0131 Hasan Kaplan, son g\u00fcnlerde ya\u015fananlar\u0131 rezalet olarak de\u011ferlendirdi. Kaplan, 1998\u2019de \u015eemdinli\u2019de \u015fehit olan o\u011flu Fatih Kaplan ad\u0131na kendilerine verilen Devlet \u00d6v\u00fcn\u00e7 Madalyas\u0131\u2019n\u0131 posta ile iade edeceklerini s\u00f6yledi.<\/p>\n<p style=\"text-align: justify;\"><strong><em>Akt\u00fct\u00fcn\u2019\u00fc unutmad\u0131k<\/em><\/strong><\/p>\n<p style=\"text-align: justify;\">Ellerinde T\u00fcrk bayraklar\u0131 ve \u015fehit \u00e7ocuklar\u0131n\u0131n foto\u011fraflar\u0131yla meydanlara \u00e7\u0131kan aileler, ya\u015fananlara isyan etti. Adana \u015eehit Aileleri Malulleri Yard\u0131mla\u015fma Derne\u011fi \u00f6n\u00fcnde toplanan \u015fehit ve gazi yak\u0131nlar\u0131, madalya yerine siyah kurdele takt\u0131. \u015eemdinli Akt\u00fct\u00fcn Jandarma Karakolu\u2019na ge\u00e7en y\u0131l d\u00fczenlenen sald\u0131r\u0131da \u015fehit olan Uzman \u00c7avu\u015f Ozan Onur \u0130lgen\u2019in annesi, g\u00f6steriye, \u00fczerinde o\u011flunun foto\u011fraf\u0131 bulunan ti\u015f\u00f6rtle kat\u0131ld\u0131.<\/p>\n<p style=\"text-align: justify;\"><strong><em>Ben de babam\u0131 istiyorum<\/em><\/strong><\/p>\n<p style=\"text-align: justify;\">Trabzon\u2019da da \u00f6fke vard\u0131. \u015eehit Aileleri Derne\u011fi\u2019nin d\u00fczenledi\u011fi y\u00fcr\u00fcy\u00fc\u015fte ter\u00f6r \u00f6rg\u00fct\u00fc ve yanda\u015flar\u0131na lanet okundu. Bas\u0131n a\u00e7\u0131klamas\u0131 yap\u0131ld\u0131\u011f\u0131 s\u0131rada \u015fehit \u00e7ocu\u011fu \u00c7a\u011fr\u0131 T\u00fcrky\u0131lmaz, \u201cTer\u00f6ristler geri geliyor. Ben de babam\u0131n geri gelmesini istiyorum\u201d diye ba\u011f\u0131rd\u0131. \u00c7a\u011fr\u0131\u2019n\u0131n bu s\u00f6zleri alanda bulunan herkesi g\u00f6zya\u015flar\u0131na bo\u011fdu. Konya\u2019daki protesto g\u00f6sterilerinde de g\u00f6zya\u015f\u0131 vard\u0131.<\/p>\n<p style=\"text-align: justify;\"><strong><em>AKP bize bask\u0131 yap\u0131yor<\/em><\/strong><\/p>\n<p style=\"text-align: justify;\">Yozgat\u2019\u0131n Sar\u0131kaya \u015eehit Aileleri Derne\u011fi Ba\u015fkan\u0131 Yakup Ergen, derneklerin siyasi bask\u0131yla susturulmaya \u00e7al\u0131\u015f\u0131ld\u0131\u011f\u0131n\u0131 s\u00f6yledi. Ergen, \u201cHalk etraf\u0131m\u0131za toplanmaya ba\u015flad\u0131. \u2019Neden sessiz kal\u0131yorsunuz\u2019 diye tepki g\u00f6steriyorlar. Fakat yukar\u0131daki \u015fahsiyetlerden dolay\u0131 s\u0131k\u0131nt\u0131 var. Dernekler bask\u0131 alt\u0131na al\u0131nmaya ba\u015fland\u0131. Siyasi bask\u0131 alt\u0131na al\u0131nmaya \u00e7al\u0131\u015f\u0131l\u0131yor. \u0130l\u00e7e ba\u015fkanlar\u0131, belediye ba\u015fkan\u0131 \u00fczerimize geliyor. Tehdit vari s\u00f6zlerine kar\u015f\u0131 dernek ba\u015fkanl\u0131\u011f\u0131n\u0131 y\u00fcr\u00fctmeye \u00e7al\u0131\u015f\u0131yoruz\u201d diye konu\u015ftu.<\/p>\n<p style=\"text-align: justify;\">Dernek olarak g\u00f6sterdikleri tepkilere kar\u015f\u0131 hem yerel y\u00f6netimlerden hem de AKP\u2019li y\u00f6neticilerden bask\u0131 g\u00f6rd\u00fcklerine dikkat \u00e7eken Ergen, Yozgat Valisi\u2019nin bulundu\u011fu bir toplant\u0131da kayg\u0131lar\u0131n\u0131 ve sorunlar\u0131n\u0131 dile getirdiklerini belirterek, \u201cVali, \u2019sakin olun. Bu bir demokratik a\u00e7\u0131l\u0131m\u2019dedi. Valiye tepki g\u00f6sterdik. \u2019Siz devleti temsil ediyorsunuz, bu konu siyasidir ve siyasi kanattan bir \u015fey gelmedi\u011fi s\u00fcrece siz devletin temsilcisi olarak sessiz kalmak zorundas\u0131n\u0131z\u2019 dedik\u201d ifadesini kulland\u0131.<\/p>\n<p style=\"text-align: justify;\"><strong><em>Keser d\u00f6ner sap d\u00f6ner&#8230;<\/em><\/strong><\/p>\n<p style=\"text-align: justify;\">\u0130zmir \u015eehit Aileleri \u0130nsan Haklar\u0131 Yard\u0131mla\u015fma Derne\u011fi Ba\u015fkan\u0131 Nurettin Ye\u015filba\u011f, \u0130\u00e7i\u015fleri Bakan\u0131 Be\u015fir Atalay\u2019\u0131n serbest b\u0131rak\u0131lan ter\u00f6r \u00f6rg\u00fct\u00fc \u00fcyeleri ile ilgili, \u201cGelenlerin hi\u00e7biri herhangi bir su\u00e7tan aranm\u0131yordu\u201d s\u00f6zlerine tepki g\u00f6sterdi. Ye\u015filba\u011f, \u201cBu \u00f6rg\u00fct ter\u00f6r \u00f6rg\u00fct\u00fc de\u011fil mi ter\u00f6r su\u00e7 de\u011fil mi?\u201d diye sordu. \u201cOnlar \u2019biz pi\u015fman de\u011filiz\u2019 diyorlar. Biz \u2019hay\u0131r siz pi\u015fmans\u0131n\u0131z biz sizi bundan yararland\u0131raca\u011f\u0131z\u2019 diyoruz\u201d ifadesini kullanan Ye\u015filba\u011f, \u201cBiz bu \u00e7akallar\u0131n kuzu postuna kanal\u0131m m\u0131? B\u0131rak\u0131n bir \u015fehit babas\u0131 olmay\u0131 bir T\u00fcrk vatanda\u015f\u0131 olarak buna vicdan\u0131n\u0131z nas\u0131l elveriyor?\u201d dedi.  T\u00fcrkiye\u2019nin bir plan do\u011frultusunda b\u00f6l\u00fcnmeye \u00e7al\u0131\u015f\u0131ld\u0131\u011f\u0131n\u0131 belirten Ye\u015filba\u011f, \u201cKeser d\u00f6ner sap d\u00f6ner bir g\u00fcn bu hesap d\u00f6ner. Bu \u00fclke,  bu bayrak bizim\u201d diye konu\u015ftu. Siyasi partilerle g\u00f6r\u00fc\u015feceklerini hat\u0131rlatan Ye\u015filba\u011f, s\u00f6zlerini \u015f\u00f6yle s\u00fcrd\u00fcr\u00fcd\u00fc: \u201cMeclise gidip tepkimizi g\u00f6sterece\u011fiz. \u00c7\u00f6z\u00fcm bulamazsak o zaman halk\u0131m\u0131za diyece\u011fiz ki \u2018gelin birlik olal\u0131m \u015fu kendini bilmezlere burada T\u00fcrk milletinin de var oldu\u011funu g\u00f6sterelim\u2019 diyece\u011fiz.\u201d<\/p>\n<p style=\"text-align: justify;\"><span style=\"color: #888888;\">Haber Kayna\u011f\u0131 : S\u00fcmeyra Y\u0131lmaz &#8211; <a href=\"http:\/\/www.yenicaggazetesi.com.tr\/haberdetay.php?hit=25225\" target=\"_blank\">yenicaggazetesi.com.tr<\/a><\/span><\/p>\n","protected":false},"excerpt":{"rendered":"<p style=\"text-align: center;\">\n<p style=\"text-align: justify;\">ABD &#8211; AKP &#8211; PKK i\u015fbirli\u011fiyle ba\u015flat\u0131lan K\u00fcrt a\u00e7\u0131l\u0131m\u0131yla da\u011fdan inen ter\u00f6ristlerin kahraman gibi kar\u015f\u0131lanmas\u0131na tepkiler \u00e7\u0131\u011f gibi b\u00fcy\u00fcyor. T\u00fcrkiye\u2019nin d\u00f6rt bir yan\u0131nda sokaklara d\u00f6k\u00fclen \u015fehit aileleri, evlatlar\u0131n\u0131 katleden ter\u00f6ristlerin serbest b\u0131rak\u0131lmas\u0131na isyan etti.<\/p>\n<p style=\"text-align: justify;\">* Elaz\u0131\u011f\u2019da protesto y\u00fcr\u00fcy\u00fc\u015f\u00fc gergin ge\u00e7ti<\/p>\n<p style=\"text-align: justify;\">* Kayseri\u2019deki g\u00f6steride kad\u0131nlar \u00f6ne \u00e7\u0131kt\u0131<\/p>\n","protected":false},"author":1,"featured_media":0,"comment_status":"open","ping_status":"closed","sticky":false,"template":"","format":"standard","meta":{"footnotes":""},"categories":[105],"tags":[],"class_list":["post-16080","post","type-post","status-publish","format-standard","hentry","category-gundem","odd"],"_links":{"self":[{"href":"http:\/\/www.korhanyilmaz.com\/index.php?rest_route=\/wp\/v2\/posts\/16080","targetHints":{"allow":["GET"]}}],"collection":[{"href":"http:\/\/www.korhanyilmaz.com\/index.php?rest_route=\/wp\/v2\/posts"}],"about":[{"href":"http:\/\/www.korhanyilmaz.com\/index.php?rest_route=\/wp\/v2\/types\/post"}],"author":[{"embeddable":true,"href":"http:\/\/www.korhanyilmaz.com\/index.php?rest_route=\/wp\/v2\/users\/1"}],"replies":[{"embeddable":true,"href":"http:\/\/www.korhanyilmaz.com\/index.php?rest_route=%2Fwp%2Fv2%2Fcomments&post=16080"}],"version-history":[{"count":0,"href":"http:\/\/www.korhanyilmaz.com\/index.php?rest_route=\/wp\/v2\/posts\/16080\/revisions"}],"wp:attachment":[{"href":"http:\/\/www.korhanyilmaz.com\/index.php?rest_route=%2Fwp%2Fv2%2Fmedia&parent=16080"}],"wp:term":[{"taxonomy":"category","embeddable":true,"href":"http:\/\/www.korhanyilmaz.com\/index.php?rest_route=%2Fwp%2Fv2%2Fcategories&post=16080"},{"taxonomy":"post_tag","embeddable":true,"href":"http:\/\/www.korhanyilmaz.com\/index.php?rest_route=%2Fwp%2Fv2%2Ftags&post=16080"}],"curies":[{"name":"wp","href":"https:\/\/api.w.org\/{rel}","templated":true}]}}