{"id":16069,"date":"2009-10-24T09:51:30","date_gmt":"2009-10-24T07:51:30","guid":{"rendered":"http:\/\/www.korhanyilmaz.com\/?p=16069"},"modified":"2009-10-24T09:51:30","modified_gmt":"2009-10-24T07:51:30","slug":"tuyap-bu-yil-yepyeni-geliyor","status":"publish","type":"post","link":"http:\/\/www.korhanyilmaz.com\/?p=16069","title":{"rendered":"T\u00fcyap bu y\u0131l yepyeni geliyor"},"content":{"rendered":"<p><a href=\"http:\/\/www.korhanyilmaz.com\/wp-content\/uploads\/2009\/10\/tuyap.gif\"  class=\"lightview\"><img loading=\"lazy\" decoding=\"async\" class=\"aligncenter size-full wp-image-16070\" src=\"http:\/\/www.korhanyilmaz.com\/wp-content\/uploads\/2009\/10\/tuyap.gif\" alt=\"\" width=\"219\" height=\"220\" \/><\/a><\/p>\n<p style=\"text-align: justify;\">T\u00dcYAP T\u00fcm Fuarc\u0131l\u0131k Yap\u0131m A.\u015e. ve T\u00fcrkiye Yay\u0131nc\u0131lar Birli\u011fi taraf\u0131ndan T\u00dcYAP Fuar ve Kongre Merkezi &#8211; Beylikd\u00fcz\u00fc\u2019nde, 31 Ekim &#8211; 8 Kas\u0131m 2009 tarihleri aras\u0131nda d\u00fczenlenecek olan 28. \u0130stanbul Kitap Fuar\u0131\u2019nda geri say\u0131m ba\u015flad\u0131.<\/p>\n<p style=\"text-align: justify;\">Yurt i\u00e7i ve yurt d\u0131\u015f\u0131ndan 550 yay\u0131nevi ve sivil toplum kurulu\u015funun kat\u0131l\u0131m\u0131yla d\u00fczenlenen 28. \u0130stanbul Kitap Fuar\u0131\u2019nda uluslararas\u0131 etkinliklerin yan\u0131 s\u0131ra s\u00f6yle\u015fi, panel, \u015fiir dinletisi, at\u00f6lye ve \u00e7ocuk aktiviteleriyle birlikte 297 etkinlik d\u00fczenlenecek. <!--more--><\/p>\n<p style=\"text-align: justify;\">\u0130stanbul Kitap Fuar\u0131, \u00f6\u011frenci, \u00f6\u011fretmen ve emeklilere \u00fccretsiz olan fuar giri\u015f bedeli 5 YTL\u2019dir. Fuarlar, 1-8 Kas\u0131m 2008 tarihleri aras\u0131nda 11.00-20.00 saatleri, kapan\u0131\u015f g\u00fcn\u00fc 9 Kas\u0131m 2008 tarihinde ise 11.00-19.00 saatleri aras\u0131nda ziyaret edilebilir.<\/p>\n<p style=\"text-align: justify;\"><strong><em>Bu y\u0131l\u0131n yenili\u011fi uluslararas\u0131 salon <\/em><\/strong><\/p>\n<p style=\"text-align: justify;\">Fuarda bu y\u0131l okurlar\u0131 kar\u015f\u0131layacak \u00f6nemli bir yenilik de ilk kez a\u00e7\u0131lan \u201cUluslararas\u0131 Salon\u201d olacak. 27 \u00fclkeden yay\u0131nc\u0131lar, edit\u00f6rler ve Yay\u0131nc\u0131lar Birli\u011fi temsilcilerinin yer alaca\u011f\u0131 \u201cUluslararas\u0131 Salon\u201d, fuar\u0131n ilk 4 g\u00fcn\u00fc 11.00-18.00 saatleri aras\u0131nda a\u00e7\u0131k kalacak.<\/p>\n<p style=\"text-align: justify;\">\u201cUluslararas\u0131 Salon\u201da bu sene ilk kez Avrupa K\u00fclt\u00fcr Merkezleri Fransa, Finlandiya, \u0130spanya, Hollanda, Romanya, \u0130sve\u00e7, \u0130svi\u00e7re ve \u0130talya ortak bir stantla kat\u0131l\u0131rken, salonun di\u011fer kat\u0131l\u0131mc\u0131lar\u0131 Almanya, Amerika Birle\u015fik Devletleri, Venezuela Bolivar Cumhuriyeti, Yunanistan, Romanya ve Fransa&#8217;dan yay\u0131nc\u0131lar ve edit\u00f6rler olacak. Ba\u011f\u0131ms\u0131z bir edebiyat toplulu\u011fu olan Literature Across Frontiers ise, Bask, \u00c7ek Cumhuriyeti, Galler, Estonya, Macaristan, Katalonya, Litvanya, Letonya, \u0130sko\u00e7ya, \u0130rlanda, Polonya, Portekiz ve Slovenya&#8217;y\u0131 temsilen fuara kat\u0131lacak.<\/p>\n<p style=\"text-align: justify;\">\u201cUluslararas\u0131 Salon\u201d i\u00e7inde bulunan forum alan\u0131 4 g\u00fcn boyunca \u00e7ok say\u0131da yazar\u0131 a\u011f\u0131rlayacak ve sekt\u00f6rel etkinli\u011fe ev sahipli\u011fi yapacak. Salon i\u00e7inde ayr\u0131ca \u00e7evirmenlerin bir arada olaca\u011f\u0131 \u00e7e\u015fitli \u00e7eviri etkinliklerinin d\u00fczenlenece\u011fi bir bulu\u015fma noktas\u0131 olarak \u201c\u00c7eviri Merkezi\u201d de bulunacak. \u201cUluslararas\u0131 Salon\u201d kitapseverlerin kat\u0131l\u0131m\u0131na a\u00e7\u0131k olacak.<\/p>\n<p style=\"text-align: justify;\"><strong><em>\u00c7evirmenler de bulunacak <\/em><\/strong><\/p>\n<p style=\"text-align: justify;\">Bu sene ana temas\u0131 \u201cK\u00fclt\u00fcrler Aras\u0131 Diyalogda \u00c7eviri\u201d olarak belirlenen kitap fuar\u0131na \u00e7ok say\u0131da \u00e7evirmen de kat\u0131lacak. Bunlar aras\u0131nda Avrupa \u00c7evirmenler Birlikleri Federasyonu Ba\u015fkan\u0131 Martin de Haan, Maureen Freely, Hanneke van der Heijden, Ingrid Iren ve Rafael Carpintero bulunuyor. Ayr\u0131ca Tanp\u0131nar Festivali kapsam\u0131nda T\u00fcrkiye&#8217;de bulunan Carme Riera ve Bernardo Atxaga (\u0130spanya), Valter Hugo Mae, Ingo Schulze (Almanya), Olga Tokarczuk, Frank Westerman, Norman Manea ve Dan Lungu (Romanya) da fuarda yer alacak.<\/p>\n<p style=\"text-align: justify;\">T\u00fcrkiye&#8217;de Atat\u00fcrk \u00fczerine yaz\u0131\u011f\u0131 kitab\u0131yla tan\u0131nan \u0130talyan yazar Fabio Grassi ve Rusya&#8217;dan kat\u0131lan Dina Rubina \u00c7eviri Merkezinde d\u00fczenlenecek etkinlikte konu\u015fmac\u0131 olacak.<\/p>\n<p style=\"text-align: justify;\"><strong><em>Okuma etkinli\u011fi <\/em><\/strong><\/p>\n<p style=\"text-align: justify;\">Word Express Edebiyat Okumas\u0131 Yolculu\u011fu&#8217;nun son aya\u011f\u0131 da \u0130stanbul&#8217;da yap\u0131lacak. Gen\u00e7 20 yazar ve \u015fairden olu\u015fan proje kapsam\u0131nda Adisa Basic (Saraybosna), Netalie Braun (\u0130srail), Christos Chryssopoulos (Yunanistan), Aleksandra Dimitrova (Makedonya), Milan Dobricic (S\u0131rbistan), Adela Greceanu (Romanya), Anahit Hayrapetyan (Ermenistan), Uri Hollander (\u0130srail), Ivan Hriston (Bulgaristan), Katerina Illiopoulov (Yunanistan), Igor Isakovkski (Makedonya), Cladiu Komartin (Romanya), Mirt Komel (Slovenya), Owen Mortell (Galler), Roman Mundair (\u0130sko\u00e7ya), Makro Pogacar (H\u0131rvatistan), Mina Simic (H\u0131rvatistan) ve Ognjen Spahic (S\u0131rbistan) 3 Kas\u0131mda fuarda okuma etkinli\u011fi yapacak. 28. \u0130stanbul Kitap Fuar\u0131, ART\u0130ST 2009- 19. \u0130stanbul Sanat Fuar\u0131 ile e\u015f zamanl\u0131 ger\u00e7ekle\u015ftirilecek.<\/p>\n<p style=\"text-align: justify;\"><strong><em>Fuar\u0131n Yabanc\u0131 Yazar Konuklar\u0131 <\/em><\/strong><\/p>\n<p style=\"text-align: justify;\">28. \u0130stanbul Kitap Fuar\u0131 yurt d\u0131\u015f\u0131ndan \u00e7ok say\u0131da yazar, \u015fair, ele\u015ftirmen ve \u00e7evirmeni a\u011f\u0131rlamaya haz\u0131rlan\u0131yor. \u0130stanbul Kitap Fuar\u0131\u2019n\u0131n yurt d\u0131\u015f\u0131ndan s\u00f6yle\u015fi ve imza g\u00fcnlerine kat\u0131lmak \u00fczere 47 yazar konu\u011fu olacak.<\/p>\n<p style=\"text-align: justify;\">T\u00fcrkiye\u2019de uzun zaman \u00e7ok satanlar listesinde yer alan kitaplar\u0131n yazar\u0131 Adam Fawer bir s\u00f6yle\u015fi ve ard\u0131ndan imza saatiyle T\u00fcrkiye\u2019den okurlar\u0131yla ilk kez 31 Ekim Cumartesi g\u00fcn\u00fc fuarda bir araya gelecek.<\/p>\n<p style=\"text-align: justify;\">* T\u00fcrk\u00e7e\u2019de \u00f6zellikle harem ve padi\u015fah e\u015fleri \u00fczerine yazd\u0131\u011f\u0131 roman\u0131yla tan\u0131nan Amerikal\u0131 yazar Anne Chamberlin,<\/p>\n<p style=\"text-align: justify;\">* Fuar\u2019\u0131n Amerikal\u0131 bir di\u011fer konu\u011fu yazar-senarist Richard Price,<\/p>\n<p style=\"text-align: justify;\">* M\u0131s\u0131r\u2019da kad\u0131n hareketiyle ilgili \u00f6nemli \u00e7al\u0131\u015fmalar yapan ve muhalif ki\u015fili\u011fiyle tan\u0131nan Naw-al El Saadawi,<\/p>\n<p style=\"text-align: justify;\">* Fransa\u2019da ya\u015fayan yazar Olivier Rolin gelmesi netle\u015fen di\u011fer isimler aras\u0131nda.<\/p>\n<p style=\"text-align: justify;\">* T\u00fcrkiye \u00fczerine yapt\u0131\u011f\u0131 ara\u015ft\u0131rmalar ve haberleriyle tan\u0131nan gazeteci-yazar Marc Semo,<\/p>\n<p style=\"text-align: justify;\">* \u015eair Michel Cassir ve G\u00e9rard Augustin,<\/p>\n<p style=\"text-align: justify;\">* T\u00fcrkiye\u2019de daha \u00e7ok Latin Amerika \u00fczerine incelemeleriyle tan\u0131nan yazar Richard Gott,<\/p>\n<p style=\"text-align: justify;\">* T\u00fcrk\u00e7e\u2019de Avrupa tarihi \u00fczerine yazd\u0131\u011f\u0131 ara\u015ft\u0131rmalar\u0131yla tan\u0131nan Hollanda\u2019l\u0131 yazar Geert Mark,<\/p>\n<p style=\"text-align: justify;\">* K\u00fcbal\u0131 yazar-\u015fair- kad\u0131n aktivist Nancy Morejon,<\/p>\n<p style=\"text-align: justify;\">* Romanya K\u00fclt\u00fcr Bakanl\u0131\u011f\u0131\u2019n\u0131n davetlisi olarak \u0130stanbul Kitap Fuar\u0131\u2019na kat\u0131lan yazarlar Gabriella Chifu ve Dan Cristea.<\/p>\n<p style=\"text-align: justify;\">* Ayr\u0131ca Tanp\u0131nar Festivali kapsam\u0131nda T\u00fcrkiye\u2019de bulunan Carme Riera ve Bernardo Atxaga (\u0130spanya), Valter Hugo Mae, Ingo Schulze (Almanya), Olga Tokarczuk, Frank Westerman, Norman Manea ve Dan Lungu (Romanya) fuar\u0131n di\u011fer konuklar\u0131 aras\u0131nda.<\/p>\n<p style=\"text-align: justify;\"><strong><em>Fuar\u2019\u0131n Sergileri<\/em><\/strong><\/p>\n<p style=\"text-align: justify;\">Fuarda Onur Yazar\u0131 sergisinin yan\u0131 s\u0131ra, \u0130stanbul 2010 Avrupa K\u00fclt\u00fcr Ba\u015fkenti Ajans\u0131 taraf\u0131ndan T\u00fcrk Kitap Sanatlar\u0131 \u00f6rneklerinden olu\u015fan \u201cGeleneksel T\u00fcrk Kitap Sanatlar\u0131: Bug\u00fcn\u00fcn Ustalar\u0131\u2019\u2019; Bergama Yortanl\u0131 Kurtarma Derne\u011fi taraf\u0131ndan d\u00fczenlenen \u201c\u00dc\u00e7 Sessiz \u00c7\u0131\u011fl\u0131k: Allianoi, Hasankeyf, Zeugma\u2019\u2019; Kamil Ko\u00e7-Yolculuk dergisi taraf\u0131ndan d\u00fczenlenen \u201cAnadolu\u2019da Tarihe, K\u00fclt\u00fcre, Do\u011faya, \u0130nsana Yolculuk\u2019\u2019 ba\u015fl\u0131kl\u0131 foto\u011fraf sergisi 6. salon i\u00e7inde ger\u00e7ekle\u015ftirilecektir.<\/p>\n<p style=\"text-align: justify;\"><span style=\"color: #888888;\">hurriyet.com.tr<\/span><\/p>\n","protected":false},"excerpt":{"rendered":"<\/p>\n<p style=\"text-align: justify;\">T\u00dcYAP T\u00fcm Fuarc\u0131l\u0131k Yap\u0131m A.\u015e. ve T\u00fcrkiye Yay\u0131nc\u0131lar Birli\u011fi taraf\u0131ndan T\u00dcYAP Fuar ve Kongre Merkezi &#8211; Beylikd\u00fcz\u00fc\u2019nde, 31 Ekim &#8211; 8 Kas\u0131m 2009 tarihleri aras\u0131nda d\u00fczenlenecek olan 28. \u0130stanbul Kitap Fuar\u0131\u2019nda geri say\u0131m ba\u015flad\u0131.<\/p>\n<p style=\"text-align: justify;\">Yurt i\u00e7i ve yurt d\u0131\u015f\u0131ndan 550 yay\u0131nevi ve sivil toplum kurulu\u015funun kat\u0131l\u0131m\u0131yla d\u00fczenlenen 28. \u0130stanbul Kitap <\/p>\n","protected":false},"author":1,"featured_media":0,"comment_status":"open","ping_status":"closed","sticky":false,"template":"","format":"standard","meta":{"footnotes":""},"categories":[8],"tags":[],"class_list":["post-16069","post","type-post","status-publish","format-standard","hentry","category-kultur-sanat","odd"],"_links":{"self":[{"href":"http:\/\/www.korhanyilmaz.com\/index.php?rest_route=\/wp\/v2\/posts\/16069","targetHints":{"allow":["GET"]}}],"collection":[{"href":"http:\/\/www.korhanyilmaz.com\/index.php?rest_route=\/wp\/v2\/posts"}],"about":[{"href":"http:\/\/www.korhanyilmaz.com\/index.php?rest_route=\/wp\/v2\/types\/post"}],"author":[{"embeddable":true,"href":"http:\/\/www.korhanyilmaz.com\/index.php?rest_route=\/wp\/v2\/users\/1"}],"replies":[{"embeddable":true,"href":"http:\/\/www.korhanyilmaz.com\/index.php?rest_route=%2Fwp%2Fv2%2Fcomments&post=16069"}],"version-history":[{"count":0,"href":"http:\/\/www.korhanyilmaz.com\/index.php?rest_route=\/wp\/v2\/posts\/16069\/revisions"}],"wp:attachment":[{"href":"http:\/\/www.korhanyilmaz.com\/index.php?rest_route=%2Fwp%2Fv2%2Fmedia&parent=16069"}],"wp:term":[{"taxonomy":"category","embeddable":true,"href":"http:\/\/www.korhanyilmaz.com\/index.php?rest_route=%2Fwp%2Fv2%2Fcategories&post=16069"},{"taxonomy":"post_tag","embeddable":true,"href":"http:\/\/www.korhanyilmaz.com\/index.php?rest_route=%2Fwp%2Fv2%2Ftags&post=16069"}],"curies":[{"name":"wp","href":"https:\/\/api.w.org\/{rel}","templated":true}]}}