{"id":16065,"date":"2009-10-23T11:41:15","date_gmt":"2009-10-23T09:41:15","guid":{"rendered":"http:\/\/www.korhanyilmaz.com\/?p=16065"},"modified":"2009-10-23T11:41:15","modified_gmt":"2009-10-23T09:41:15","slug":"turkiyenin-ilk-dijital-filmi","status":"publish","type":"post","link":"http:\/\/www.korhanyilmaz.com\/?p=16065","title":{"rendered":"T\u00fcrkiye&#8217;nin ilk dijital filmi"},"content":{"rendered":"<p style=\"text-align: justify;\"><a href=\"http:\/\/www.korhanyilmaz.com\/wp-content\/uploads\/2009\/10\/SULUBOYA.jpg\"  class=\"lightview\"><img loading=\"lazy\" decoding=\"async\" class=\"aligncenter size-full wp-image-16066\" src=\"http:\/\/www.korhanyilmaz.com\/wp-content\/uploads\/2009\/10\/SULUBOYA.jpg\" alt=\"\" width=\"364\" height=\"210\" \/><\/a><\/p>\n<p style=\"text-align: justify;\">\u00dcnl\u00fc karikat\u00fcrist Cihat Hazarda\u011fl\u0131&#8217;dan dijital teknikle \u00e7ekilmi\u015f T\u00fcrkiye&#8217;nin ilk filmi &#8220;The Watercolor &#8211; Suluboya&#8221; 13 Kas\u0131m&#8217;da beyazperde de sinemaseverler ile bulu\u015facak.<\/p>\n<p style=\"text-align: justify;\">\u00dcnl\u00fc karikat\u00fcrist-ill\u00fcstrat\u00f6r Cihat Hazarda\u011fl\u0131 sanat\u0131n\u0131, f\u0131r\u00e7alar\u0131n\u0131, maketlerini, heykelcili\u011fini, grafik ustal\u0131\u011f\u0131n\u0131 film d\u00fcnyas\u0131na ta\u015f\u0131d\u0131\u2026<\/p>\n<p style=\"text-align: justify;\">Hazarda\u011fl\u0131\u2019n\u0131n 3 y\u0131l boyunca \u00fczerinde \u00e7al\u0131\u015ft\u0131\u011f\u0131, hem yap\u0131mc\u0131l\u0131\u011f\u0131n\u0131 hem de y\u00f6netmenli\u011fini \u00fcstlendi\u011fi \u201cThe Watercolor-Suluboya\u201d \u0130ngilizce dublaj ve T\u00fcrk\u00e7e altyaz\u0131l\u0131 olarak 13 Kas\u0131m\u2019da vizyona giriyor. <!--more--><\/p>\n<p style=\"text-align: justify;\">The Watercolor-Suluboya\u2019da \u00e7ocuk oyuncu Sarp Alemdaro\u011flu, Haluk Bilginer, Sava\u015f Din\u00e7el, Cansel El\u00e7in, Asu Emre, Altan Erkekli, Ahmet G\u00fclhan, Tamer Karada\u011fl\u0131, Bedri Koraman, Fergan Mirkelam, Metin Uca, Tuba \u00dcnsal, Ay\u015fenur Yaz\u0131c\u0131, Serra Y\u0131lmaz, Sel\u00e7uk Y\u00f6ntem rol ald\u0131. Filmin \u00e7ekiminden sonra hayata g\u00f6zlerini yuman Sava\u015f Din\u00e7el\u2019i ise yak\u0131n dostu M\u00fcjdat Gezen seslendirdi.<\/p>\n<p style=\"text-align: justify;\">M\u00fczi\u011fini Faz\u0131l Say\u2019\u0131n yapt\u0131\u011f\u0131 film, T\u00fcrkiye\u2019de bas\u0131lan ilk dijital film olma \u00f6zelli\u011fine sahip. Bilgisayar ortam\u0131nda haz\u0131rlanan \u201cThe Watercolor-Suluboya\u201dda t\u00fcm mekanlar maket olarak yap\u0131ld\u0131 ve film kareleri i\u00e7in oyuncular tek tek foto\u011frafland\u0131. Film g\u00f6sterime haz\u0131rlanana dek tam 3 milyon i\u015flemden ge\u00e7ti.<\/p>\n<p style=\"text-align: justify;\">Mekanlar\u0131n maketleri yap\u0131ld\u0131, sanat\u00e7\u0131lar \u00f6zel bir teknikle boyand\u0131, \u00e7ekilen binlerce kare foto\u011fraf ve suluboya efektleri birle\u015ftirildi. Oyunculuk ve renkler bir arayla geldi. Ak\u0131p giden sahneleriyle yine sanat konulu bazen a\u011flatacak, bazen g\u00fcld\u00fcrecek bir senaryo ortaya \u00e7\u0131kt\u0131\u2026<\/p>\n<p style=\"text-align: justify;\"><strong><em>The Watercolor-Suluboya\u2019n\u0131n hikayesi: <\/em><\/strong><\/p>\n<p style=\"text-align: justify;\">Filmin konusunun merkezini sanat olu\u015fturuyor; resme \u00e7ok yetenekli ve merakl\u0131 olan 12 ya\u015f\u0131ndaki Marco\u2019nun hayalleri, hedefleri, babas\u0131n\u0131n onu bir g\u00fcn \u00fc\u00e7 sokak ressam\u0131 ile tan\u0131\u015ft\u0131rmas\u0131yla bamba\u015fka bir boyuta ge\u00e7er\u2026<\/p>\n<p style=\"text-align: justify;\">Yaln\u0131zca \u00fc\u00e7 ihtiyar ressam de\u011fildir Marco\u2019yu b\u00fcy\u00fcleyen\u2026 Bir de ressamlar\u0131n birlikte b\u00fcy\u00fctt\u00fc\u011f\u00fc 18 ya\u015f\u0131ndaki Lorella hayat\u0131n\u0131n merkezine girer k\u00fc\u00e7\u00fck Marco\u2019nun\u2026 Lorella\u2019n\u0131n Marco\u2019ya resim dersi vermesiyle s\u00fcrer bu ili\u015fki\u2026 Marco bu g\u00fczel resim \u00f6\u011fretmenine a\u015f\u0131k olmu\u015f sanatla birlikte a\u015fk\u0131 ve cinselli\u011fi de ke\u015ffetmeye ba\u015flam\u0131\u015ft\u0131r art\u0131k\u2026<\/p>\n<p style=\"text-align: justify;\">Ama Marco\u2019nun a\u015fk\u0131 kar\u015f\u0131l\u0131ks\u0131zd\u0131r; Lorella suluboyay\u0131 k\u00fc\u00e7\u00fcmseyen bir sanat koleksiyoncusuna a\u015f\u0131kt\u0131r. Marco ise gelece\u011fin en b\u00fcy\u00fck suluboya koleksiyoncusu olmak i\u00e7in bulduklar\u0131n\u0131 biriktirir. Marco 30\u2019lu ya\u015flar\u0131nda koleksiyonunun kutular\u0131n\u0131 a\u00e7ar. Ya\u015fl\u0131lar\u0131n ge\u00e7mi\u015fini ara\u015ft\u0131r\u0131r; bulduklar\u0131 hayat\u0131n\u0131 de\u011fi\u015ftirecektir.<\/p>\n<p style=\"text-align: justify;\"><span style=\"color: #888888;\">hurriyet.com.tr<\/span><\/p>\n","protected":false},"excerpt":{"rendered":"<p style=\"text-align: justify;\">\n<p style=\"text-align: justify;\">\u00dcnl\u00fc karikat\u00fcrist Cihat Hazarda\u011fl\u0131&#8217;dan dijital teknikle \u00e7ekilmi\u015f T\u00fcrkiye&#8217;nin ilk filmi &#8220;The Watercolor &#8211; Suluboya&#8221; 13 Kas\u0131m&#8217;da beyazperde de sinemaseverler ile bulu\u015facak.<\/p>\n<p style=\"text-align: justify;\">\u00dcnl\u00fc karikat\u00fcrist-ill\u00fcstrat\u00f6r Cihat Hazarda\u011fl\u0131 sanat\u0131n\u0131, f\u0131r\u00e7alar\u0131n\u0131, maketlerini, heykelcili\u011fini, grafik ustal\u0131\u011f\u0131n\u0131 film d\u00fcnyas\u0131na ta\u015f\u0131d\u0131\u2026<\/p>\n<p style=\"text-align: justify;\">Hazarda\u011fl\u0131\u2019n\u0131n 3 y\u0131l boyunca \u00fczerinde \u00e7al\u0131\u015ft\u0131\u011f\u0131, hem yap\u0131mc\u0131l\u0131\u011f\u0131n\u0131 hem de y\u00f6netmenli\u011fini \u00fcstlendi\u011fi <\/p>\n","protected":false},"author":1,"featured_media":0,"comment_status":"open","ping_status":"closed","sticky":false,"template":"","format":"standard","meta":{"footnotes":""},"categories":[8],"tags":[],"class_list":["post-16065","post","type-post","status-publish","format-standard","hentry","category-kultur-sanat","odd"],"_links":{"self":[{"href":"http:\/\/www.korhanyilmaz.com\/index.php?rest_route=\/wp\/v2\/posts\/16065","targetHints":{"allow":["GET"]}}],"collection":[{"href":"http:\/\/www.korhanyilmaz.com\/index.php?rest_route=\/wp\/v2\/posts"}],"about":[{"href":"http:\/\/www.korhanyilmaz.com\/index.php?rest_route=\/wp\/v2\/types\/post"}],"author":[{"embeddable":true,"href":"http:\/\/www.korhanyilmaz.com\/index.php?rest_route=\/wp\/v2\/users\/1"}],"replies":[{"embeddable":true,"href":"http:\/\/www.korhanyilmaz.com\/index.php?rest_route=%2Fwp%2Fv2%2Fcomments&post=16065"}],"version-history":[{"count":0,"href":"http:\/\/www.korhanyilmaz.com\/index.php?rest_route=\/wp\/v2\/posts\/16065\/revisions"}],"wp:attachment":[{"href":"http:\/\/www.korhanyilmaz.com\/index.php?rest_route=%2Fwp%2Fv2%2Fmedia&parent=16065"}],"wp:term":[{"taxonomy":"category","embeddable":true,"href":"http:\/\/www.korhanyilmaz.com\/index.php?rest_route=%2Fwp%2Fv2%2Fcategories&post=16065"},{"taxonomy":"post_tag","embeddable":true,"href":"http:\/\/www.korhanyilmaz.com\/index.php?rest_route=%2Fwp%2Fv2%2Ftags&post=16065"}],"curies":[{"name":"wp","href":"https:\/\/api.w.org\/{rel}","templated":true}]}}