{"id":16049,"date":"2009-10-25T08:55:09","date_gmt":"2009-10-25T06:55:09","guid":{"rendered":"http:\/\/www.korhanyilmaz.com\/?p=16049"},"modified":"2009-10-25T08:55:09","modified_gmt":"2009-10-25T06:55:09","slug":"hangi-islamci-yazar-basbakana-seslendi","status":"publish","type":"post","link":"http:\/\/www.korhanyilmaz.com\/?p=16049","title":{"rendered":"Hangi \u0130slamc\u0131 Yazar Ba\u015fbakan&#039;a Seslendi"},"content":{"rendered":"<p style=\"text-align: center;\"><a href=\"http:\/\/www.korhanyilmaz.com\/wp-content\/uploads\/2009\/10\/asker1.Jpeg\"  class=\"lightview\"><img loading=\"lazy\" decoding=\"async\" class=\"aligncenter size-full wp-image-16050\" src=\"http:\/\/www.korhanyilmaz.com\/wp-content\/uploads\/2009\/10\/asker1.Jpeg\" alt=\"\" width=\"266\" height=\"200\" \/><\/a><\/p>\n<p style=\"text-align: justify;\">Milli Gazete yazar\u0131 <strong><em>H\u00fcseyin Alt\u0131nalan<\/em><\/strong> \u0130srail ile yap\u0131lacak tatbikat\u0131 iptal eden Ba\u015fbakan&#8217;dan T\u00fcrk askerini Afganistan\u2019a g\u00f6ndermemesini istedi. Alt\u0131nalan halka sesini y\u00fckseltme \u00e7a\u011fr\u0131s\u0131 yapt\u0131.<\/p>\n<p style=\"text-align: justify;\"><strong><em>\u0130\u015fte Alt\u0131nalan\u2019\u0131n o yaz\u0131s\u0131: <\/em><\/strong><\/p>\n<p style=\"text-align: justify;\">Genelkurmay Ba\u015fkanl\u0131\u011f\u0131 taraf\u0131ndan Afganistan&#8217;a 1700 civar\u0131nda ek askerin daha g\u00f6nderilece\u011fine ili\u015fkin yap\u0131lan a\u00e7\u0131klaman\u0131n \u00fczerinden \u00fc\u00e7 haftadan daha uzun bir s\u00fcre ge\u00e7ti. <!--more--><\/p>\n<p style=\"text-align: justify;\">Ama,<\/p>\n<p style=\"text-align: justify;\">T\u00fcrkiye kamuoyunda korkun\u00e7 bir sessizlik h\u00e2kim.<\/p>\n<p style=\"text-align: justify;\">Muhalefet suskun&#8230;<\/p>\n<p style=\"text-align: justify;\">Medya suskun&#8230;<\/p>\n<p style=\"text-align: justify;\">Sivil toplum kurulu\u015flar\u0131 suskun&#8230;<\/p>\n<p style=\"text-align: justify;\">\u00dclkedeki kanaat \u00f6nderleri suskun&#8230;<\/p>\n<p style=\"text-align: justify;\">Akademisyenler suskun&#8230;<\/p>\n<p style=\"text-align: justify;\">Neredeyse hi\u00e7 kimse &#8220;korkun\u00e7 dramlar\u0131n, vah\u015fetin, katliamlar\u0131n, tecav\u00fczlerin, i\u015fkencelerin, kutsal mabetlere sald\u0131r\u0131lar\u0131n ya\u015fand\u0131\u011f\u0131 Afganistan&#8217;a biz ni\u00e7in asker g\u00f6nderiyoruz?&#8221; diye sorgulam\u0131yor.<\/p>\n<p style=\"text-align: justify;\">&#8220;Afganistan&#8217;da Mehmet\u00e7ik&#8217;in ne i\u015fi var?&#8221; diye sormuyor.<\/p>\n<p style=\"text-align: justify;\">Bu suskunluk, bu sessizlik, bu tepkisizlik anla\u015f\u0131labilir gibi de\u011fil.<\/p>\n<p style=\"text-align: justify;\">Oysa Afganistan sava\u015f\u0131 Bat\u0131&#8217;n\u0131n g\u00fcndeminde ilk s\u0131ralarda yer al\u0131yor.  Ve Bat\u0131 d\u00fcnyas\u0131 bizim kahir ekseriyetimizin haberinin bile olmad\u0131\u011f\u0131 konular\u0131 tart\u0131\u015f\u0131yor.<\/p>\n<p style=\"text-align: justify;\">Neyi mi?<\/p>\n<p style=\"text-align: justify;\">Mesela Times gazetesinde yer alan iddialar\u0131 tart\u0131\u015f\u0131yor.<\/p>\n<p style=\"text-align: justify;\">Afgan ordusunun \u00fcst d\u00fczey bir yetkilisinin Frans\u0131z Haber Ajans\u0131na (AFP) yapt\u0131\u011f\u0131 a\u00e7\u0131klama herkesin dilinde.<\/p>\n<p style=\"text-align: justify;\">Afganistan&#8217;da asker bulunduran bir\u00e7ok NATO \u00fclkenin Taliban&#8217;a, askerleri \u00f6ld\u00fcr\u00fclmesin diye para verdi\u011fi y\u00f6n\u00fcnde beyanat veren Afgan komutan \u015f\u00f6yle diyor:  \u0130talyan g\u00fc\u00e7lerinin Afganistan&#8217;\u0131n Sarubi ve Herat b\u00f6lgelerinde, sald\u0131r\u0131ya u\u011framamak i\u00e7in Taliban&#8217;a para \u00f6dedikleri y\u00f6n\u00fcnde elimizde bilgi var.<\/p>\n<p style=\"text-align: justify;\">Frans\u0131z bas\u0131n\u0131,  Savunma Bakanlar\u0131 Herve Morin&#8217;e bu beyanat\u0131 soruyor, bakan\u0131 s\u0131k\u0131\u015ft\u0131r\u0131yor.<\/p>\n<p style=\"text-align: justify;\">\u0130talya a\u00e7\u0131klama \u00fcst\u00fcne a\u00e7\u0131klama yap\u0131yor, iddialar yalan diyor ama kimseyi buna inand\u0131ram\u0131yor.<\/p>\n<p style=\"text-align: justify;\">Hollanda&#8217;da muhalefet, i\u015fgal kuvvetlerinin a\u011f\u0131r zayiatlar\u0131 dolay\u0131s\u0131yla Afganistan&#8217;da bulunan askerlerinin geri \u00e7ekilmesi i\u00e7in aya\u011fa kalk\u0131yor.<\/p>\n<p style=\"text-align: justify;\">Japon h\u00fck\u00fcmeti, Afganistan&#8217;daki i\u015fgal g\u00fc\u00e7lerine denizden sa\u011flad\u0131\u011f\u0131 lojistik deste\u011fi ocak ay\u0131nda kesece\u011fini ABD&#8217;ye resmen bildiriyor.<\/p>\n<p style=\"text-align: justify;\">\u0130ngiltere Genelkurmay Ba\u015fkan\u0131 General David Richards, Afganistan&#8217;daki uluslararas\u0131 kuvvetin yenilgisinin &#8220;korkun\u00e7 bir \u015fey&#8221; olaca\u011f\u0131n\u0131 s\u00f6yleyerek yard\u0131m \u00e7\u0131\u011fl\u0131\u011f\u0131 at\u0131yor.<\/p>\n<p style=\"text-align: justify;\">Kanada devlet TV&#8217;si CBC&#8217;ye deme\u00e7 veren Afganistan&#8217;daki Kanada birli\u011finin komutan\u0131 General Jonathan Vance, &#8220;Hi\u00e7bir \u015feyi allay\u0131p pullamamak laz\u0131m; g\u00f6revimizin iyi yap\u0131ld\u0131\u011f\u0131n\u0131 s\u00f6yleyemeyiz. Durum \u00fcmitsiz ve vahim; aciliyet kesbediyor&#8230;&#8221; diyor.<\/p>\n<p style=\"text-align: justify;\">Buna kar\u015f\u0131l\u0131k Fransa Cumhurba\u015fkan\u0131 Nicolas Sarkozy, \u00fclkesinin son d\u00f6nemde \u00e7ok \u015fiddetli \u00e7at\u0131\u015fmalar\u0131n ya\u015fand\u0131\u011f\u0131 Afganistan&#8217;a ba\u015fka bir tek asker dahi g\u00f6ndermeyece\u011fini, bunun yerine Afgan ordusunun geni\u015fledi\u011fini g\u00f6rmek istedi\u011fini belirtiyor.<\/p>\n<p style=\"text-align: justify;\">T\u00fcrkiye ise Genelkurmay \u0130leti\u015fim Daire Ba\u015fkan\u0131 Tu\u011fgeneral Metin G\u00fcrak&#8217;\u0131n a\u011fz\u0131ndan 1 Kas\u0131m 2009 tarihi itibariyle Afganistan Kabil B\u00f6lge Komutanl\u0131\u011f\u0131&#8217;n\u0131n T\u00fcrkiye taraf\u0131ndan devral\u0131naca\u011f\u0131n\u0131, komutan\u0131n devral\u0131nmas\u0131yla birlikte 1700 civar\u0131nda asker ve 3 adet helikopterin Afganistan&#8217;a g\u00f6nderilece\u011fini \u00f6\u011freniyor ama k\u0131l\u0131n\u0131 k\u0131p\u0131rdatm\u0131yor.<\/p>\n<p style=\"text-align: justify;\">\u0130srail u\u00e7aklar\u0131n\u0131n kat\u0131laca\u011f\u0131 hava tatbikat\u0131n\u0131 iptaline ili\u015fkin Arap bas\u0131n\u0131na verdi\u011fi deme\u00e7te, Ba\u015fbakan Erdo\u011fan, &#8220;Halk\u0131m\u0131z\u0131n sesine kulak verdik&#8221; demedi mi?<\/p>\n<p style=\"text-align: justify;\">Dedi.<\/p>\n<p style=\"text-align: justify;\">\u00d6yleyse Afganistan konusunda da sesimizi y\u00fckseltelim.<\/p>\n<p style=\"text-align: justify;\">Bunun i\u00e7in Afganistan topraklar\u0131ndan tabutlar\u0131n gelmesi mi gerekiyor?<\/p>\n<p style=\"text-align: justify;\"><span style=\"color: #888888;\">Odatv.com &#8211; 24 Ekim 2009<\/span><\/p>\n","protected":false},"excerpt":{"rendered":"<p style=\"text-align: center;\">\n<p style=\"text-align: justify;\">Milli Gazete yazar\u0131 H\u00fcseyin Alt\u0131nalan \u0130srail ile yap\u0131lacak tatbikat\u0131 iptal eden Ba\u015fbakan&#8217;dan T\u00fcrk askerini Afganistan\u2019a g\u00f6ndermemesini istedi. Alt\u0131nalan halka sesini y\u00fckseltme \u00e7a\u011fr\u0131s\u0131 yapt\u0131.<\/p>\n<p style=\"text-align: justify;\">\u0130\u015fte Alt\u0131nalan\u2019\u0131n o yaz\u0131s\u0131: <\/p>\n<p style=\"text-align: justify;\">Genelkurmay Ba\u015fkanl\u0131\u011f\u0131 taraf\u0131ndan Afganistan&#8217;a 1700 civar\u0131nda ek askerin daha g\u00f6nderilece\u011fine ili\u015fkin yap\u0131lan a\u00e7\u0131klaman\u0131n \u00fczerinden \u00fc\u00e7 haftadan daha uzun <\/p>\n","protected":false},"author":1,"featured_media":0,"comment_status":"open","ping_status":"closed","sticky":false,"template":"","format":"standard","meta":{"footnotes":""},"categories":[105],"tags":[],"class_list":["post-16049","post","type-post","status-publish","format-standard","hentry","category-gundem","odd"],"_links":{"self":[{"href":"http:\/\/www.korhanyilmaz.com\/index.php?rest_route=\/wp\/v2\/posts\/16049","targetHints":{"allow":["GET"]}}],"collection":[{"href":"http:\/\/www.korhanyilmaz.com\/index.php?rest_route=\/wp\/v2\/posts"}],"about":[{"href":"http:\/\/www.korhanyilmaz.com\/index.php?rest_route=\/wp\/v2\/types\/post"}],"author":[{"embeddable":true,"href":"http:\/\/www.korhanyilmaz.com\/index.php?rest_route=\/wp\/v2\/users\/1"}],"replies":[{"embeddable":true,"href":"http:\/\/www.korhanyilmaz.com\/index.php?rest_route=%2Fwp%2Fv2%2Fcomments&post=16049"}],"version-history":[{"count":0,"href":"http:\/\/www.korhanyilmaz.com\/index.php?rest_route=\/wp\/v2\/posts\/16049\/revisions"}],"wp:attachment":[{"href":"http:\/\/www.korhanyilmaz.com\/index.php?rest_route=%2Fwp%2Fv2%2Fmedia&parent=16049"}],"wp:term":[{"taxonomy":"category","embeddable":true,"href":"http:\/\/www.korhanyilmaz.com\/index.php?rest_route=%2Fwp%2Fv2%2Fcategories&post=16049"},{"taxonomy":"post_tag","embeddable":true,"href":"http:\/\/www.korhanyilmaz.com\/index.php?rest_route=%2Fwp%2Fv2%2Ftags&post=16049"}],"curies":[{"name":"wp","href":"https:\/\/api.w.org\/{rel}","templated":true}]}}