{"id":16045,"date":"2009-10-24T10:19:06","date_gmt":"2009-10-24T08:19:06","guid":{"rendered":"http:\/\/www.korhanyilmaz.com\/?p=16045"},"modified":"2009-10-24T10:19:06","modified_gmt":"2009-10-24T08:19:06","slug":"rahsan-ecevit-dshp%e2%80%99-yi-kuruyor","status":"publish","type":"post","link":"http:\/\/www.korhanyilmaz.com\/?p=16045","title":{"rendered":"Rah\u015fan Ecevit , DSHP\u2019 yi Kuruyor"},"content":{"rendered":"<p style=\"text-align: justify;\"><a href=\"http:\/\/www.korhanyilmaz.com\/wp-content\/uploads\/2009\/10\/rahsanecevit.jpg\"  class=\"lightview\"><img loading=\"lazy\" decoding=\"async\" class=\"aligncenter size-full wp-image-16046\" src=\"http:\/\/www.korhanyilmaz.com\/wp-content\/uploads\/2009\/10\/rahsanecevit.jpg\" alt=\"\" width=\"300\" height=\"230\" \/><\/a><\/p>\n<p style=\"text-align: justify;\">DSP\u2019nin kurucu Genel Ba\u015fkan\u0131, eski Ba\u015fbakanlardan B\u00fclent Ecevit\u2019in e\u015fi Rah\u015fan Ecevit, \u201cDemokratik Sol Halk Partisi\u201dni (DSHP) kuruyor.<\/p>\n<p style=\"text-align: justify;\">Masum T\u00fcrker Genel Ba\u015fkanl\u0131\u011f\u0131\u2019ndaki yeni y\u00f6netime duydu\u011fu tepki nedeniyle DSP\u2019den istifa ederek, \u201cEcevit\u00e7i Aray\u0131\u015f\u201d ad\u0131 alt\u0131nda \u00e7al\u0131\u015fmalar\u0131n\u0131 s\u00fcrd\u00fcren, DSP\u2019nin kurucu Genel Ba\u015fkan\u0131 Rah\u015fan Ecevit, kurma haz\u0131rl\u0131\u011f\u0131nda oldu\u011fu yeni partisinin ad\u0131n\u0131 belirledi.<!--more--><\/p>\n<p style=\"text-align: justify;\">Rah\u015fan Ecevit\u2019in \u00f6nderli\u011finde kurulacak yeni partinin ad\u0131 Demokratik Sol Halk Partisi (DSHP) olacak. Rah\u015fan Ecevit yapt\u0131\u011f\u0131 a\u00e7\u0131klamada, DSP\u2019nin son y\u0131llarda kurucusu B\u00fclent Ecevit\u2019in \u00e7izgisinden uzakla\u015fmaya ba\u015flad\u0131\u011f\u0131n\u0131, O\u2019nun d\u00fc\u015f\u00fcnce, inan\u00e7 ve ilkelerinin DSP\u2019nin eylemlerine yans\u0131maz oldu\u011funu belirterek, partinin eylemlerinin de giderek seyrekle\u015fmeye ba\u015flayarak adeta hareketsiz kald\u0131\u011f\u0131n\u0131, varl\u0131\u011f\u0131 ile yoklu\u011funun bir oldu\u011funu kaydetti.<\/p>\n<p style=\"text-align: justify;\">Son Kurultaydan sonra ise DSP\u2019nin felsefesi ile uzaktan yak\u0131ndan ilgisi bulunmayan bir Genel Ba\u015fkan\u0131n se\u00e7ilmesi ile DSP Demokratik Solculu\u011funu tamamen yitirdi\u011fini ifade eden Rah\u015fan Ecevit, \u201c\u0130\u015fte bu nedenlerle DSP\u2019den ayr\u0131lanlar Ecevit\u2019in d\u00fc\u015f\u00fcncelerini ilk f\u0131rsatta yeniden hayata ge\u00e7irmek \u00fczere AKP\u2019yi iktidardan uzakla\u015ft\u0131rmak ve T\u00fcrkiye Cumhuriyeti\u2019ne yak\u0131\u015f\u0131r bir iktidar\u0131n olu\u015fmas\u0131na katk\u0131da bulunmak i\u00e7in yeni kurulacak olan Demokratik Sol Halk Partisi (DSHP) ad\u0131 alt\u0131nda bir araya gelerek \u00e7al\u0131\u015fmalar\u0131na ba\u015flam\u0131\u015flard\u0131r\u201d dedi.<\/p>\n<p style=\"text-align: justify;\"><span style=\"color: #888888;\">BirG\u00fcn<\/span><\/p>\n","protected":false},"excerpt":{"rendered":"<p style=\"text-align: justify;\">\n<p style=\"text-align: justify;\">DSP\u2019nin kurucu Genel Ba\u015fkan\u0131, eski Ba\u015fbakanlardan B\u00fclent Ecevit\u2019in e\u015fi Rah\u015fan Ecevit, \u201cDemokratik Sol Halk Partisi\u201dni (DSHP) kuruyor.<\/p>\n<p style=\"text-align: justify;\">Masum T\u00fcrker Genel Ba\u015fkanl\u0131\u011f\u0131\u2019ndaki yeni y\u00f6netime duydu\u011fu tepki nedeniyle DSP\u2019den istifa ederek, \u201cEcevit\u00e7i Aray\u0131\u015f\u201d ad\u0131 alt\u0131nda \u00e7al\u0131\u015fmalar\u0131n\u0131 s\u00fcrd\u00fcren, DSP\u2019nin kurucu Genel Ba\u015fkan\u0131 Rah\u015fan Ecevit, kurma haz\u0131rl\u0131\u011f\u0131nda oldu\u011fu yeni partisinin ad\u0131n\u0131 belirledi.<\/p>\n","protected":false},"author":1,"featured_media":0,"comment_status":"open","ping_status":"closed","sticky":false,"template":"","format":"standard","meta":{"footnotes":""},"categories":[105],"tags":[],"class_list":["post-16045","post","type-post","status-publish","format-standard","hentry","category-gundem","odd"],"_links":{"self":[{"href":"http:\/\/www.korhanyilmaz.com\/index.php?rest_route=\/wp\/v2\/posts\/16045","targetHints":{"allow":["GET"]}}],"collection":[{"href":"http:\/\/www.korhanyilmaz.com\/index.php?rest_route=\/wp\/v2\/posts"}],"about":[{"href":"http:\/\/www.korhanyilmaz.com\/index.php?rest_route=\/wp\/v2\/types\/post"}],"author":[{"embeddable":true,"href":"http:\/\/www.korhanyilmaz.com\/index.php?rest_route=\/wp\/v2\/users\/1"}],"replies":[{"embeddable":true,"href":"http:\/\/www.korhanyilmaz.com\/index.php?rest_route=%2Fwp%2Fv2%2Fcomments&post=16045"}],"version-history":[{"count":0,"href":"http:\/\/www.korhanyilmaz.com\/index.php?rest_route=\/wp\/v2\/posts\/16045\/revisions"}],"wp:attachment":[{"href":"http:\/\/www.korhanyilmaz.com\/index.php?rest_route=%2Fwp%2Fv2%2Fmedia&parent=16045"}],"wp:term":[{"taxonomy":"category","embeddable":true,"href":"http:\/\/www.korhanyilmaz.com\/index.php?rest_route=%2Fwp%2Fv2%2Fcategories&post=16045"},{"taxonomy":"post_tag","embeddable":true,"href":"http:\/\/www.korhanyilmaz.com\/index.php?rest_route=%2Fwp%2Fv2%2Ftags&post=16045"}],"curies":[{"name":"wp","href":"https:\/\/api.w.org\/{rel}","templated":true}]}}