{"id":16042,"date":"2009-10-24T10:20:13","date_gmt":"2009-10-24T08:20:13","guid":{"rendered":"http:\/\/www.korhanyilmaz.com\/?p=16042"},"modified":"2009-10-24T10:20:13","modified_gmt":"2009-10-24T08:20:13","slug":"hsyk-inceleme-baslatti","status":"publish","type":"post","link":"http:\/\/www.korhanyilmaz.com\/?p=16042","title":{"rendered":"HSYK \u0130nceleme Ba\u015flatt\u0131"},"content":{"rendered":"<p style=\"text-align: center;\"><a href=\"http:\/\/www.korhanyilmaz.com\/wp-content\/uploads\/2009\/10\/hsyk.jpg\"  class=\"lightview\"><img loading=\"lazy\" decoding=\"async\" class=\"aligncenter size-full wp-image-16043\" src=\"http:\/\/www.korhanyilmaz.com\/wp-content\/uploads\/2009\/10\/hsyk.jpg\" alt=\"\" width=\"234\" height=\"176\" \/><\/a><\/p>\n<p style=\"text-align: justify;\">HAK\u0130MLER ve Savc\u0131lar Y\u00fcksek Kurulu (HSYK), da\u011fdan inen PKK&#8217;lilerin serbest b\u0131rak\u0131lmas\u0131yla sonu\u00e7lanan yarg\u0131 s\u00fcrecine dair inceleme ba\u015flatt\u0131. Diyarbak\u0131r Cumhuriyet Ba\u015fsavc\u0131l\u0131\u011f\u0131&#8217;ndan \u00f6zel yetkili savc\u0131lar ile a\u011f\u0131r ceza mahkemesi hakiminin s\u0131n\u0131r kap\u0131s\u0131nda kurulan mahkemede grup \u00fcyelerinin ifadelerini almas\u0131 HSYK\u2019yi rahats\u0131z etti. HSYK ba\u015fkan\u0131 Kadir \u00d6zbek, Diyarbak\u0131r Cumhuriyet Ba\u015fsavc\u0131s\u0131&#8217;n\u0131 arayarak konuyla ilgili bilgi ald\u0131. \u0130nceleme sonucunda usuls\u00fcz bir i\u015flem tespit edilmesi durumunda kurul, Diyarbak\u0131r Cumhuriyet Ba\u015fsavc\u0131s\u0131 ve Habur&#8217;a giden savc\u0131 ve hakimlerle ilgili Adalet Bakanl\u0131\u011f\u0131&#8217;na su\u00e7 duyurusunda bulunabilecek.<\/p>\n<p style=\"text-align: justify;\"><span style=\"color: #888888;\">BirG\u00fcn<\/span><\/p>\n","protected":false},"excerpt":{"rendered":"<p style=\"text-align: center;\">\n<p style=\"text-align: justify;\">HAK\u0130MLER ve Savc\u0131lar Y\u00fcksek Kurulu (HSYK), da\u011fdan inen PKK&#8217;lilerin serbest b\u0131rak\u0131lmas\u0131yla sonu\u00e7lanan yarg\u0131 s\u00fcrecine dair inceleme ba\u015flatt\u0131. Diyarbak\u0131r Cumhuriyet Ba\u015fsavc\u0131l\u0131\u011f\u0131&#8217;ndan \u00f6zel yetkili savc\u0131lar ile a\u011f\u0131r ceza mahkemesi hakiminin s\u0131n\u0131r kap\u0131s\u0131nda kurulan mahkemede grup \u00fcyelerinin ifadelerini almas\u0131 HSYK\u2019yi rahats\u0131z etti. HSYK ba\u015fkan\u0131 Kadir \u00d6zbek, Diyarbak\u0131r Cumhuriyet Ba\u015fsavc\u0131s\u0131&#8217;n\u0131 arayarak konuyla ilgili bilgi <\/p>\n","protected":false},"author":1,"featured_media":0,"comment_status":"open","ping_status":"closed","sticky":false,"template":"","format":"standard","meta":{"footnotes":""},"categories":[105],"tags":[],"class_list":["post-16042","post","type-post","status-publish","format-standard","hentry","category-gundem","odd"],"_links":{"self":[{"href":"http:\/\/www.korhanyilmaz.com\/index.php?rest_route=\/wp\/v2\/posts\/16042","targetHints":{"allow":["GET"]}}],"collection":[{"href":"http:\/\/www.korhanyilmaz.com\/index.php?rest_route=\/wp\/v2\/posts"}],"about":[{"href":"http:\/\/www.korhanyilmaz.com\/index.php?rest_route=\/wp\/v2\/types\/post"}],"author":[{"embeddable":true,"href":"http:\/\/www.korhanyilmaz.com\/index.php?rest_route=\/wp\/v2\/users\/1"}],"replies":[{"embeddable":true,"href":"http:\/\/www.korhanyilmaz.com\/index.php?rest_route=%2Fwp%2Fv2%2Fcomments&post=16042"}],"version-history":[{"count":0,"href":"http:\/\/www.korhanyilmaz.com\/index.php?rest_route=\/wp\/v2\/posts\/16042\/revisions"}],"wp:attachment":[{"href":"http:\/\/www.korhanyilmaz.com\/index.php?rest_route=%2Fwp%2Fv2%2Fmedia&parent=16042"}],"wp:term":[{"taxonomy":"category","embeddable":true,"href":"http:\/\/www.korhanyilmaz.com\/index.php?rest_route=%2Fwp%2Fv2%2Fcategories&post=16042"},{"taxonomy":"post_tag","embeddable":true,"href":"http:\/\/www.korhanyilmaz.com\/index.php?rest_route=%2Fwp%2Fv2%2Ftags&post=16042"}],"curies":[{"name":"wp","href":"https:\/\/api.w.org\/{rel}","templated":true}]}}