{"id":16038,"date":"2009-10-24T09:32:25","date_gmt":"2009-10-24T07:32:25","guid":{"rendered":"http:\/\/www.korhanyilmaz.com\/?p=16038"},"modified":"2009-10-24T09:32:25","modified_gmt":"2009-10-24T07:32:25","slug":"kesk%e2%80%99-ten-akp%e2%80%99-ye-25-kasim-uyarisi","status":"publish","type":"post","link":"http:\/\/www.korhanyilmaz.com\/?p=16038","title":{"rendered":"KESK\u2019 ten AKP\u2019 ye 25 Kas\u0131m Uyar\u0131s\u0131"},"content":{"rendered":"<p style=\"text-align: justify;\"><a href=\"http:\/\/www.korhanyilmaz.com\/wp-content\/uploads\/2009\/10\/kesk2.JPG\"  class=\"lightview\"><img loading=\"lazy\" decoding=\"async\" class=\"aligncenter size-full wp-image-16039\" src=\"http:\/\/www.korhanyilmaz.com\/wp-content\/uploads\/2009\/10\/kesk2.JPG\" alt=\"\" width=\"300\" height=\"230\" \/><\/a><\/p>\n<p style=\"text-align: justify;\">Kamu Emek\u00e7ileri Sendikalar\u0131 Konfederasyonu (KESK) \u00fcyeleri, \u0130\u015f-Kur \u00f6n\u00fcnde bir araya gelerek 25 Kas\u0131m grevinden \u00f6nce AKP\u2019ye bir uyar\u0131da daha bulundu.<\/p>\n<p style=\"text-align: justify;\">Eylemciler ad\u0131na konu\u015fan KESK Genel Sekreteri Emirali \u015eim\u015fek, i\u015fsizli\u011fin \u00fclkenin kronik bir sorunu haline geldi\u011fini belirterek, \u201cKrizle birlikte gelinen noktada durum bunu da a\u015fm\u0131\u015f, sorun toplumsal bar\u0131\u015f\u0131n alt\u0131n\u0131 oyan ve milyonlar\u0131 i\u015fsiz, a\u015fs\u0131z ve umutsuz bir ya\u015fama mahk\u00fbm eden bir hal alm\u0131\u015ft\u0131r\u201d dedi. <!--more--><\/p>\n<p style=\"text-align: justify;\">H\u00fck\u00fcmetin haz\u0131rlad\u0131\u011f\u0131 orta vadeli programda i\u015fsizlik oran\u0131n\u0131n \u00f6n\u00fcm\u00fczdeki \u00fc\u00e7 y\u0131lda d\u00fc\u015fmeyece\u011fini itiraf etti\u011fini ifade eden \u015eim\u015fek, \u201cProgram tahminlerine g\u00f6re i\u015fsizlik bu y\u0131l y\u00fczde 14.8, \u00f6n\u00fcm\u00fczdeki iki y\u0131l boyunca da y\u00fczde 14\u2019\u00fcn alt\u0131na d\u00fc\u015fmeyecek. Oysa ger\u00e7ek i\u015fsizlik oran\u0131 y\u00fczde 20\u2019lerin \u00fczerindedir\u201d diye konu\u015ftu. \u015eim\u015fek, siyasi iktidar\u0131n ald\u0131\u011f\u0131 \u00f6nlemlerde istihdama \u00f6ncelik veren hi\u00e7bir \u015fey yapmad\u0131\u011f\u0131na i\u015faret eden \u015eim\u015fek, kaynaklar\u0131n sermayenin hizmetine a\u00e7\u0131ld\u0131\u011f\u0131n\u0131 ve \u00f6zel istihdam b\u00fcrolar\u0131n\u0131n yasalla\u015ft\u0131rarak \u201camele \u00e7avu\u015flu\u011funu hortlat\u0131ld\u0131\u011f\u0131n\u0131\u201d dile getirdi. KESK olarak krizin ilk belirtilerinden bu yana siyasi iktidar\u0131 defalarca uyard\u0131klar\u0131n\u0131 kaydeden \u015eim\u015fek, i\u015fsizli\u011fin \u00fclkeyi yakan, \u00e7al\u0131\u015fma bar\u0131\u015f\u0131n\u0131 bozan, demokrasiyi imk\u00e2ns\u0131z k\u0131lan niteli\u011fini vurgulad\u0131klar\u0131n\u0131 ama siyasi iktidar\u0131n emek\u00e7ilerin bu uyar\u0131s\u0131na kulak t\u0131kad\u0131\u011f\u0131n\u0131 ifade etti. \u015eim\u015fek konu\u015fmas\u0131n\u0131 \u015f\u00f6yle s\u00fcrd\u00fcrd\u00fc: \u201c\u0130stihdam bir insan hakk\u0131d\u0131r. Yurtta\u015fl\u0131\u011f\u0131n temelini olu\u015fturur. Bu nedenle \u00fclkenin kaynaklar\u0131 etkin bir \u015fekilde i\u015fsizlikle m\u00fccadeleye y\u00f6nlendirilmelidir.  \u0130stihdam\u0131 artt\u0131r\u0131c\u0131 radikal \u00f6nlemler al\u0131nmal\u0131d\u0131r\u201d<\/p>\n<p style=\"text-align: justify;\">KENT A\u015e \u0130\u015f\u00e7ilerine Ziyaret<\/p>\n<p style=\"text-align: justify;\">KESK \u00fcyeleri \u0130\u015f-Kur \u00f6n\u00fcnde ger\u00e7ekle\u015ftirilen bas\u0131n a\u00e7\u0131klamas\u0131n\u0131n ard\u0131ndan Abdi \u0130pek\u00e7i Park\u0131\u2019nda kurduklar\u0131 \u00e7ad\u0131rda 7 g\u00fcnd\u00fcr direni\u015flerine devam eden Kent A\u015e i\u015f\u00e7ilerini ziyaret etti.  \u00d6te yandan KESK \u00fcyeleri Bursa\u2019da da 25 Kas\u0131m \u00f6ncesi uyar\u0131 eylemi yapt\u0131.<\/p>\n<p style=\"text-align: justify;\"><span style=\"color: #888888;\">Cihan Elig\u00fczel &#8211; BirG\u00fcn<\/span><\/p>\n","protected":false},"excerpt":{"rendered":"<p style=\"text-align: justify;\">\n<p style=\"text-align: justify;\">Kamu Emek\u00e7ileri Sendikalar\u0131 Konfederasyonu (KESK) \u00fcyeleri, \u0130\u015f-Kur \u00f6n\u00fcnde bir araya gelerek 25 Kas\u0131m grevinden \u00f6nce AKP\u2019ye bir uyar\u0131da daha bulundu.<\/p>\n<p style=\"text-align: justify;\">Eylemciler ad\u0131na konu\u015fan KESK Genel Sekreteri Emirali \u015eim\u015fek, i\u015fsizli\u011fin \u00fclkenin kronik bir sorunu haline geldi\u011fini belirterek, \u201cKrizle birlikte gelinen noktada durum bunu da a\u015fm\u0131\u015f, sorun toplumsal bar\u0131\u015f\u0131n alt\u0131n\u0131 <\/p>\n","protected":false},"author":1,"featured_media":0,"comment_status":"open","ping_status":"closed","sticky":false,"template":"","format":"standard","meta":{"footnotes":""},"categories":[7],"tags":[],"class_list":["post-16038","post","type-post","status-publish","format-standard","hentry","category-ekonomi","odd"],"_links":{"self":[{"href":"http:\/\/www.korhanyilmaz.com\/index.php?rest_route=\/wp\/v2\/posts\/16038","targetHints":{"allow":["GET"]}}],"collection":[{"href":"http:\/\/www.korhanyilmaz.com\/index.php?rest_route=\/wp\/v2\/posts"}],"about":[{"href":"http:\/\/www.korhanyilmaz.com\/index.php?rest_route=\/wp\/v2\/types\/post"}],"author":[{"embeddable":true,"href":"http:\/\/www.korhanyilmaz.com\/index.php?rest_route=\/wp\/v2\/users\/1"}],"replies":[{"embeddable":true,"href":"http:\/\/www.korhanyilmaz.com\/index.php?rest_route=%2Fwp%2Fv2%2Fcomments&post=16038"}],"version-history":[{"count":0,"href":"http:\/\/www.korhanyilmaz.com\/index.php?rest_route=\/wp\/v2\/posts\/16038\/revisions"}],"wp:attachment":[{"href":"http:\/\/www.korhanyilmaz.com\/index.php?rest_route=%2Fwp%2Fv2%2Fmedia&parent=16038"}],"wp:term":[{"taxonomy":"category","embeddable":true,"href":"http:\/\/www.korhanyilmaz.com\/index.php?rest_route=%2Fwp%2Fv2%2Fcategories&post=16038"},{"taxonomy":"post_tag","embeddable":true,"href":"http:\/\/www.korhanyilmaz.com\/index.php?rest_route=%2Fwp%2Fv2%2Ftags&post=16038"}],"curies":[{"name":"wp","href":"https:\/\/api.w.org\/{rel}","templated":true}]}}