{"id":16034,"date":"2009-10-24T07:57:05","date_gmt":"2009-10-24T05:57:05","guid":{"rendered":"http:\/\/www.korhanyilmaz.com\/?p=16034"},"modified":"2009-10-24T07:57:05","modified_gmt":"2009-10-24T05:57:05","slug":"sivasta-abdullatif-sener-izdihami","status":"publish","type":"post","link":"http:\/\/www.korhanyilmaz.com\/?p=16034","title":{"rendered":"Sivas&#039;ta, Abd\u00fcllatif \u015eener izdiham\u0131"},"content":{"rendered":"<p style=\"text-align: center;\"><a href=\"http:\/\/www.korhanyilmaz.com\/wp-content\/uploads\/2009\/10\/sener.Jpeg\"  class=\"lightview\"><img loading=\"lazy\" decoding=\"async\" class=\"aligncenter size-full wp-image-16035\" src=\"http:\/\/www.korhanyilmaz.com\/wp-content\/uploads\/2009\/10\/sener.Jpeg\" alt=\"\" width=\"315\" height=\"207\" \/><\/a><\/p>\n<p style=\"text-align: justify;\">T\u00fcrkiye Partisi (TP) Genel Ba\u015fkan\u0131 Abd\u00fcllatif \u015eener il te\u015fkilat\u0131n\u0131n a\u00e7\u0131l\u0131\u015f\u0131n\u0131 yapmak i\u00e7in geldi\u011fi memleketi Sivas&#8217;ta co\u015fkuyla kar\u015f\u0131land\u0131. Parti otob\u00fcs\u00fc ile kent merkezine hareket eden ve yol boyunca partilileri selamlayan \u015eener, il binas\u0131na izdihamdan g\u00fc\u00e7l\u00fckle girebildi.<\/p>\n<p style=\"text-align: justify;\">AK Parti\u2019den istifa ettikten sonra TP\u2019yi kurarak yeniden siyasete ad\u0131m atan Abd\u00fcllatif \u015eener, yeni partisini kurduktan sonra ilk kez geldi\u011fi memleketi Sivas\u2019ta hem\u015ferilerinin b\u00fcy\u00fck ilgisi ile kar\u015f\u0131land\u0131. Kent merkezi, il\u00e7eler ve \u00e7evre illerden gelen partililer, B\u00f6lge Trafik \u00f6n\u00fcnde uzun bir ara\u00e7 konvoyu olu\u015fturdu. Konvoyda atl\u0131lar, trakt\u00f6r ve TIR ile gelenlerin de oldu\u011fu g\u00f6r\u00fcld\u00fc.<!--more--><\/p>\n<p style=\"text-align: justify;\">E\u015fi Berrin \u015eener ile birlikte gelen Abd\u00fcllatif \u015eener, kent giri\u015fte kendisini bekleyen parti y\u00f6neticileri ile tokala\u015ft\u0131ktan sonra otob\u00fcse bindi. Otob\u00fcs\u00fcn hareketi ile birlikte kent giri\u015finde b\u00fcy\u00fck bir trafik yo\u011funlu\u011fu ya\u015fand\u0131. Konvoya kat\u0131lan binlerce ara\u00e7 y\u00fcz\u00fcnden otob\u00fcs ilerlemekte zorluk \u00e7ekerken, zaman zaman k\u00fc\u00e7\u00fck \u00e7apl\u0131 kazalar meydana geldi. Kent merkezindeki partisinin il te\u015fkilat\u0131 \u00f6n\u00fcne kadar hem\u015ferilerini selamlayarak gelen Abd\u00fcllatif \u015eener, otob\u00fcs mikrofonundan hem\u015ferilerine g\u00f6sterdikleri ilgi nedeni ile s\u0131k s\u0131k te\u015fekk\u00fcr etti.<\/p>\n<p style=\"text-align: justify;\"><strong><em>\u0130ZD\u0130HAMDAN KURBANLIK KOYUN EZ\u0130LECEKT\u0130<\/em><\/strong><\/p>\n<p style=\"text-align: justify;\">Parti il te\u015fkilat\u0131n\u0131n \u00f6n\u00fcnde de kendisini desteklemeye gelenlerin yo\u011fun sevgi g\u00f6sterileri ile kar\u015f\u0131lanan \u015eener, buradan otob\u00fcsten inip parti binas\u0131na ge\u00e7erken zor anlar ya\u015fand\u0131. \u015eener i\u00e7in getirilen kurbanl\u0131k koyun, ya\u015fanan izdiham s\u0131ras\u0131nda ezilme tehlikesi ge\u00e7irdi. \u015eener m\u00fcdahele ederek koyunun yerden kald\u0131r\u0131lmas\u0131n\u0131 sa\u011flad\u0131.<\/p>\n<p style=\"text-align: justify;\">Eski Belediye Sokak\u2019ta bulunan Mad\u0131mak Oteli yan\u0131ndaki partisinin il ve il\u00e7e te\u015fkilat\u0131n\u0131n a\u00e7\u0131l\u0131\u015f\u0131n\u0131 yapacak olan \u015eener, ard\u0131ndan burada toplanan kalabal\u0131\u011fa parti otob\u00fcs\u00fcnden hitap edecek.(dha)<\/p>\n<p style=\"text-align: justify;\"><span style=\"color: #888888;\">Radikal<\/span><\/p>\n","protected":false},"excerpt":{"rendered":"<p style=\"text-align: center;\">\n<p style=\"text-align: justify;\">T\u00fcrkiye Partisi (TP) Genel Ba\u015fkan\u0131 Abd\u00fcllatif \u015eener il te\u015fkilat\u0131n\u0131n a\u00e7\u0131l\u0131\u015f\u0131n\u0131 yapmak i\u00e7in geldi\u011fi memleketi Sivas&#8217;ta co\u015fkuyla kar\u015f\u0131land\u0131. Parti otob\u00fcs\u00fc ile kent merkezine hareket eden ve yol boyunca partilileri selamlayan \u015eener, il binas\u0131na izdihamdan g\u00fc\u00e7l\u00fckle girebildi.<\/p>\n<p style=\"text-align: justify;\">AK Parti\u2019den istifa ettikten sonra TP\u2019yi kurarak yeniden siyasete ad\u0131m atan Abd\u00fcllatif \u015eener, <\/p>\n","protected":false},"author":1,"featured_media":0,"comment_status":"open","ping_status":"closed","sticky":false,"template":"","format":"standard","meta":{"footnotes":""},"categories":[105],"tags":[],"class_list":["post-16034","post","type-post","status-publish","format-standard","hentry","category-gundem","odd"],"_links":{"self":[{"href":"http:\/\/www.korhanyilmaz.com\/index.php?rest_route=\/wp\/v2\/posts\/16034","targetHints":{"allow":["GET"]}}],"collection":[{"href":"http:\/\/www.korhanyilmaz.com\/index.php?rest_route=\/wp\/v2\/posts"}],"about":[{"href":"http:\/\/www.korhanyilmaz.com\/index.php?rest_route=\/wp\/v2\/types\/post"}],"author":[{"embeddable":true,"href":"http:\/\/www.korhanyilmaz.com\/index.php?rest_route=\/wp\/v2\/users\/1"}],"replies":[{"embeddable":true,"href":"http:\/\/www.korhanyilmaz.com\/index.php?rest_route=%2Fwp%2Fv2%2Fcomments&post=16034"}],"version-history":[{"count":0,"href":"http:\/\/www.korhanyilmaz.com\/index.php?rest_route=\/wp\/v2\/posts\/16034\/revisions"}],"wp:attachment":[{"href":"http:\/\/www.korhanyilmaz.com\/index.php?rest_route=%2Fwp%2Fv2%2Fmedia&parent=16034"}],"wp:term":[{"taxonomy":"category","embeddable":true,"href":"http:\/\/www.korhanyilmaz.com\/index.php?rest_route=%2Fwp%2Fv2%2Fcategories&post=16034"},{"taxonomy":"post_tag","embeddable":true,"href":"http:\/\/www.korhanyilmaz.com\/index.php?rest_route=%2Fwp%2Fv2%2Ftags&post=16034"}],"curies":[{"name":"wp","href":"https:\/\/api.w.org\/{rel}","templated":true}]}}