{"id":16029,"date":"2009-10-24T15:48:21","date_gmt":"2009-10-24T13:48:21","guid":{"rendered":"http:\/\/www.korhanyilmaz.com\/?p=16029"},"modified":"2009-10-24T15:48:21","modified_gmt":"2009-10-24T13:48:21","slug":"bu-artik-bizim-namus-borcumuz","status":"publish","type":"post","link":"http:\/\/www.korhanyilmaz.com\/?p=16029","title":{"rendered":"&#039;Bu art\u0131k bizim namus borcumuz&#039;"},"content":{"rendered":"<p style=\"text-align: center;\"><a href=\"http:\/\/www.korhanyilmaz.com\/wp-content\/uploads\/2009\/10\/k\u0131l\u0131cdaroglu1.jpg\"  class=\"lightview\"><img loading=\"lazy\" decoding=\"async\" class=\"aligncenter size-full wp-image-16031\" src=\"http:\/\/www.korhanyilmaz.com\/wp-content\/uploads\/2009\/10\/k\u0131l\u0131cdaroglu1.jpg\" alt=\"\" width=\"329\" height=\"210\" \/><\/a><\/p>\n<p style=\"text-align: justify;\">Kemal K\u0131l\u0131\u00e7daro\u011flu: &#8220;Demokratik yollarla iktidar\u0131 ala\u015fa\u011f\u0131 etmek bizim namus borcumuzdur&#8221;<\/p>\n<p style=\"text-align: justify;\">CHP Grup Ba\u015fkan Vekili Kemal K\u0131l\u0131\u00e7daro\u011flu, T\u00fcrkiye&#8217;de son g\u00fcnlerde ya\u015fanan tablonun kayg\u0131 verici oldu\u011funu s\u00f6yleyerek, &#8220;Demokratik yollarla iktidar\u0131 ala\u015fa\u011f\u0131 etmek bizim namus borcumuzdur&#8221; dedi. Sosyal Demokrasi Derne\u011fi&#8217;nin d\u00fczenledi\u011fi panele kat\u0131lmak \u00fczere Eski\u015fehir&#8217;e gelen Kemal K\u0131l\u0131\u00e7daro\u011flu ilk olarak CHP \u0130l binas\u0131n\u0131 ziyaret etti. K\u0131l\u0131\u00e7daro\u011flu&#8217;nu CHP il binas\u0131 \u00f6n\u00fcnde \u00e7ok say\u0131da partili kar\u015f\u0131lad\u0131. <!--more-->Bir partilinin beyaz karanfil verdi\u011fi Kemal K\u0131l\u0131\u00e7daro\u011flu, CHP \u0130l binas\u0131nda partililere hitaben konu\u015fma yapt\u0131.\u00c7ok \u00f6nemli bir s\u00fcre\u00e7ten ge\u00e7ildi\u011fini ifade eden Kemal K\u0131l\u0131\u00e7daro\u011flu, CHP&#8217;nin T\u00fcrkiye&#8217;nin temellerinde harc\u0131 olan bir parti oldu\u011funu s\u00f6yledi. T\u00fcrkiye&#8217;nin bilinmeyen bir yol haritas\u0131yla kar\u015f\u0131 kar\u015f\u0131ya oldu\u011funu kaydeden K\u0131l\u0131\u00e7daro\u011flu, &#8220;Bilinmeyen bir yol haritas\u0131yla kar\u015f\u0131 kar\u015f\u0131yay\u0131z. Bizler bilmiyoruz. Tabloyu haz\u0131rlayan yurt d\u0131\u015f\u0131ndakiler biliyor&#8221; dedi.<\/p>\n<p style=\"text-align: justify;\"><strong><em>YARGI DA YIPRATILDI <\/em><\/strong><\/p>\n<p style=\"text-align: justify;\">A\u00e7\u0131l\u0131m s\u00fcrecinde sadece siyasal iktidar\u0131n y\u0131pranmad\u0131\u011f\u0131, yarg\u0131n\u0131n da y\u0131pran\u0131p derin yaralar ald\u0131\u011f\u0131n\u0131 \u00f6ne s\u00fcren Kemal K\u0131l\u0131\u00e7daro\u011flu, bunun do\u011fru olmad\u0131\u011f\u0131n\u0131 s\u00f6yledi. K\u0131l\u0131\u00e7daro\u011flu, &#8220;Yarg\u0131n\u0131n ve adaletin olmad\u0131\u011f\u0131 bir yerde sokaktaki yurtta\u015f hakk\u0131n\u0131 nerede bulacak. Birilerinin dayatt\u0131\u011f\u0131 a\u00e7\u0131l\u0131mlar toplumda derin yaralar a\u00e7m\u0131\u015ft\u0131r. Elbette ki ter\u00f6r sona ermeli, elbette ki bizler birbirimizi kucaklamal\u0131y\u0131z. Sokaktaki yurtta\u015f ile ter\u00f6risti ayn\u0131 kefeye koyarak de\u011fil. 1980&#8217;den beri s\u00f6yl\u00fcyoruz. E\u011fer sorumluluk \u00fcstlenen birisi varsa gelirsiniz teslim olursunuz silahlar\u0131n\u0131zla. Ko\u015fulsuz. Olay biter. Ama siz geliyorsunuz halen ko\u015fullar\u0131n\u0131z var. Nedir ko\u015fullar? Biz bilmiyoruz. Diyarbak\u0131r&#8217;da ifade almay\u0131 sak\u0131ncal\u0131 g\u00f6ren bir anlay\u0131\u015f 50 bin ki\u015finin ortas\u0131nda ifade alacak. B\u00f6yle bir adalet olabilir mi?&#8221; dedi.<\/p>\n<p style=\"text-align: justify;\"><strong><em>BA\u015eBAKAN KONTROL\u00dc KA\u00c7IRDI <\/em><\/strong><\/p>\n<p style=\"text-align: justify;\">Ba\u015fbakan Recep Tayyip Erdo\u011fan&#8217;\u0131n ya\u015fanan geli\u015fmeler \u00fczerine &#8220;S\u0131f\u0131rdan ba\u015flar\u0131z&#8221; \u015feklinde a\u00e7\u0131klamalarda bulundu\u011funu an\u0131msatan Kemal K\u0131l\u0131\u00e7daro\u011flu &#8220;Ba\u015fbakan elindeki ipleri ka\u00e7\u0131rd\u0131, kontrol\u00fc elinden ka\u00e7\u0131rd\u0131. \u00c7\u00fcnk\u00fc yol haritas\u0131n\u0131 kendi belirlemedi&#8221; dedi.<\/p>\n<p style=\"text-align: justify;\"><strong><em>ALA\u015eA\u011eI ETMEK NAMUS BORCUMUZ <\/em><\/strong><\/p>\n<p style=\"text-align: justify;\">T\u00fcrkiye&#8217;nin g\u00fcndeminin s\u00fcratle de\u011fi\u015fti\u011fini, f\u0131rt\u0131na \u00f6ncesi sessizli\u011fin ya\u015fand\u0131\u011f\u0131n\u0131 ifade eden K\u0131l\u0131\u00e7daro\u011flu \u015f\u00f6yle konu\u015ftu:&#8221;T\u00fcrkiye&#8217;nin g\u00fcndemi s\u00fcratle de\u011fi\u015fiyor. \u0130ntihar eden i\u015fadamlar\u0131 var. Milyonlarca i\u015fsizimiz var. F\u0131rt\u0131na \u00f6ncesi sessizli\u011fi ya\u015f\u0131yoruz. Bu tablo bizde ciddi kayg\u0131lar yarat\u0131yor. CHP olarak bu \u00fclkenin sahiplerinin T\u00fcrkiye Cumhuriyeti yurtta\u015flar\u0131 oldu\u011funun alt\u0131n\u0131 \u00e7izmek zorunday\u0131z. Daha sorumlu, daha dikkatli hareket etmek zorunday\u0131z. \u0130ktidar birilerinin ta\u015feronu olarak g\u00f6rev yapabilir. Ama demokratik yollarla o iktidar\u0131 ala\u015fa\u011f\u0131 etmek de bizim namus borcumuz.&#8221;<\/p>\n<p style=\"text-align: justify;\"><strong><em>G\u00d6REV\u0130N\u0130 YAPAMIYORSAN AYRIL <\/em><\/strong><\/p>\n<p style=\"text-align: justify;\">ABD&#8217;de 1960 y\u0131llar\u0131nda zencilerle beyazlar\u0131n ayn\u0131 okula gitmedikleri, ayn\u0131 otob\u00fcse binmediklerini anlatan Kemal K\u0131l\u0131\u00e7daro\u011flu, bug\u00fcn ise bu \u00fclkeyi bir zencinin y\u00f6netti\u011fini s\u00f6yledi. K\u0131l\u0131\u00e7daro\u011flu \u015f\u00f6yle devam etti:&#8221;Ayr\u0131\u015fmay\u0131 de\u011fil, kucakla\u015fmay\u0131, insan sevgisini, ho\u015fg\u00f6r\u00fcy\u00fc bu topluma egemen k\u0131lmak zorunday\u0131z. T\u0131pk\u0131 Koca Naz\u0131m&#8217;\u0131n dedi\u011fi gibi `Bir a\u011fa\u00e7 gibi tek ve h\u00fcr, bir orman gibi karde\u015f\u00e7e ya\u015fayaca\u011f\u0131z.&#8217; Bu bizim temel ilkemizdir. Herkesin temel ilkesi olmak zorundad\u0131r. Toplumda ciddi bir suskunluk var. Bu suskunluk hepimizin hayra alamet yorumlayaca\u011f\u0131m\u0131z bir suskunluk de\u011fil. \u0130\u00e7i\u015fleri Bakan\u0131 ve Ba\u015fbakan\u0131 g\u00f6reve \u00e7a\u011f\u0131rmak bizim temel g\u00f6revimizdir. Ya adam gibi g\u00f6rev yapars\u0131n ya bulundu\u011fun koltuktan \u00e7ekilip, ayr\u0131l\u0131rs\u0131n.&#8221;<\/p>\n<p style=\"text-align: justify;\"><strong><em>A TER\u00d6R\u00dc B\u0130TER B TER\u00d6R\u00dc BA\u015eLAR <\/em><\/strong><\/p>\n<p style=\"text-align: justify;\">CHP olarak sorumluluklar\u0131n\u0131n bilincinde olduklar\u0131n\u0131 ifade eden K\u0131l\u0131\u00e7daro\u011flu, Do\u011fu ve G\u00fcneydo\u011fu Anadolu b\u00f6lgelerinde istihdam yaratacak fabrikalar\u0131n kurulmas\u0131 gerekti\u011fini s\u00f6yledi. Bu konunun kendi parti programlar\u0131nda da yer ald\u0131\u011f\u0131n\u0131 kaydeden K\u0131l\u0131\u00e7daro\u011flu \u015f\u00f6yle dedi:&#8221;Devlet do\u011fudan o b\u00f6lgeye giderek yat\u0131r\u0131m yapacakt\u0131. T\u0131pk\u0131 1930&#8217;lar\u0131n devlet\u00e7ilik politikas\u0131 o b\u00f6lgede uygulanacakt\u0131. Devlet gidecek fabrikay\u0131 kuracak, istihdam yaratacak. Bir entegrasyon olmas\u0131 laz\u0131m. En iyi okullar\u0131m\u0131z\u0131 oraya g\u00f6t\u00fcrmek zorunday\u0131z. Orada al\u0131n teri ile kazan\u0131lm\u0131\u015f para ile insanlar ailelerini ge\u00e7indirmek durumunda olmal\u0131lar. Bunun ortam\u0131n\u0131 yaratmak zorundas\u0131n\u0131z. Bug\u00fcn A ter\u00f6r\u00fc biter, yar\u0131n B ter\u00f6r\u00fc ba\u015flar. A\u00e7l\u0131\u011f\u0131n giderilmedi\u011fi bir toplumda bar\u0131\u015f\u0131k d\u00fczen sa\u011flanamaz. AKP&#8217;nin bunu bilmesi laz\u0131m, bunu g\u00f6rmesi laz\u0131m.\u0130zledi\u011fimiz ekonomik politikan\u0131n boyutu kadar ter\u00f6re kaynakl\u0131k etmi\u015ftir. Bunun sorumlulu\u011fu iktidardad\u0131r, iktidardakilerdedir. Bizi y\u00f6netemediler. Biz de hesab\u0131n\u0131 sormad\u0131k. Yurtta\u015f olarak bizimde kabahatimiz var. Bize en \u00e7ok yalan s\u00f6yleyenlere ko\u015fup oy verdik. Sonra ba\u015f\u0131m\u0131za geldi, bizi aldatt\u0131lar dedik. Sorgulama hakk\u0131m\u0131z\u0131 kullanmad\u0131k. Sorgulama hakk\u0131n\u0131 kullanmayan toplumlar, ak\u0131llar\u0131n\u0131 ba\u015fkalar\u0131na kiraya vermi\u015f toplumlard\u0131r.<\/p>\n<p style=\"text-align: justify;\"><strong><em>\u0130NAN\u00c7LARA VE ETN\u0130K K\u0130ML\u0130KLERE SAYGI <\/em><\/strong><\/p>\n<p style=\"text-align: justify;\">CHP Grup Ba\u015fkan Vekili Kemal K\u0131l\u0131\u00e7daro\u011flu, inan\u00e7lara ve etnik kimliklere sayg\u0131 g\u00f6sterilmesinin temel bir g\u00f6rev oldu\u011funu vurgulad\u0131. K\u0131l\u0131\u00e7daro\u011flu, &#8220;\u0130nsanl\u0131k tarihi, etnik kimliklerden ve dinsel inan\u00e7lardan \u00f6t\u00fcr\u00fc en a\u011f\u0131r kay\u0131plar\u0131 vermi\u015ftir. Milyonlarca insan \u00f6lm\u00fc\u015ft\u00fcr ve insano\u011flu demi\u015ftir ki ki\u015filerin etnik kimlikleri ve inan\u00e7lar\u0131 siyaset konusu olmaz. Biz bu ger\u00e7e\u011fi halk\u0131m\u0131za anlatmal\u0131y\u0131z. Bu ger\u00e7ek anlat\u0131ld\u0131\u011f\u0131 zaman AKP kabusu T\u00fcrkiye&#8217;de biter.&#8221; dedi.<\/p>\n<p style=\"text-align: justify;\"><strong><em>TOPLUMUN AYRI\u015eMAYA TAHAMM\u00dcL\u00dc YOKTUR <\/em><\/strong><\/p>\n<p style=\"text-align: justify;\">Toplumun ayr\u0131\u015fmaya tahamm\u00fcl\u00fcn\u00fcn olmad\u0131\u011f\u0131n\u0131n alt\u0131n\u0131 \u00e7izen Kemal K\u0131l\u0131\u00e7daro\u011flu \u015fu \u015fekilde konu\u015ftu:&#8221;Ayr\u0131\u015fma \u015fu an i\u00e7in l\u00fckst\u00fcr. Toplumun ayr\u0131\u015fmaya tahamm\u00fcl\u00fc yoktur. Toplumun bir taraf\u0131ndan yurtseverler vard\u0131r, bir taraf\u0131nda da \u00fclkeyi d\u0131\u015far\u0131dan gelen telkinlerle y\u00f6netenler vard\u0131r. Bu kadar a\u00e7\u0131k ve net. T\u00fcm yurtseverler, sa\u011fc\u0131s\u0131-solcusu, inan\u00e7l\u0131s\u0131-inan\u00e7s\u0131z\u0131 birle\u015fmek zorundad\u0131r. Nerede bu sendikalar, nerede bu sivil toplum, nerede bu g\u00fc\u00e7ler. Yeniden yaratmak zorunday\u0131z. E\u011fer diyorsak ki yeniden, s\u0131f\u0131rdan bir ulusal kurtulu\u015f hareketini ba\u015flataca\u011f\u0131z, buradan ba\u015flataca\u011f\u0131z. Herkes \u015fapkas\u0131n\u0131 \u00f6n\u00fcne koyup d\u00fc\u015f\u00fcnmek durumunda. Bu g\u00fcc\u00fcm\u00fcz\u00fc kullanmak zorunday\u0131z. \u00c7\u00fcnk\u00fc biz hakl\u0131y\u0131z.&#8221;<\/p>\n<p style=\"text-align: justify;\"><span style=\"color: #888888;\">Kemal ATLAN \/ DHA<\/span><\/p>\n","protected":false},"excerpt":{"rendered":"<p style=\"text-align: center;\">\n<p style=\"text-align: justify;\">Kemal K\u0131l\u0131\u00e7daro\u011flu: &#8220;Demokratik yollarla iktidar\u0131 ala\u015fa\u011f\u0131 etmek bizim namus borcumuzdur&#8221;<\/p>\n<p style=\"text-align: justify;\">CHP Grup Ba\u015fkan Vekili Kemal K\u0131l\u0131\u00e7daro\u011flu, T\u00fcrkiye&#8217;de son g\u00fcnlerde ya\u015fanan tablonun kayg\u0131 verici oldu\u011funu s\u00f6yleyerek, &#8220;Demokratik yollarla iktidar\u0131 ala\u015fa\u011f\u0131 etmek bizim namus borcumuzdur&#8221; dedi. Sosyal Demokrasi Derne\u011fi&#8217;nin d\u00fczenledi\u011fi panele kat\u0131lmak \u00fczere Eski\u015fehir&#8217;e gelen Kemal K\u0131l\u0131\u00e7daro\u011flu ilk olarak CHP <\/p>\n","protected":false},"author":1,"featured_media":0,"comment_status":"open","ping_status":"closed","sticky":false,"template":"","format":"standard","meta":{"footnotes":""},"categories":[105],"tags":[],"class_list":["post-16029","post","type-post","status-publish","format-standard","hentry","category-gundem","odd"],"_links":{"self":[{"href":"http:\/\/www.korhanyilmaz.com\/index.php?rest_route=\/wp\/v2\/posts\/16029","targetHints":{"allow":["GET"]}}],"collection":[{"href":"http:\/\/www.korhanyilmaz.com\/index.php?rest_route=\/wp\/v2\/posts"}],"about":[{"href":"http:\/\/www.korhanyilmaz.com\/index.php?rest_route=\/wp\/v2\/types\/post"}],"author":[{"embeddable":true,"href":"http:\/\/www.korhanyilmaz.com\/index.php?rest_route=\/wp\/v2\/users\/1"}],"replies":[{"embeddable":true,"href":"http:\/\/www.korhanyilmaz.com\/index.php?rest_route=%2Fwp%2Fv2%2Fcomments&post=16029"}],"version-history":[{"count":0,"href":"http:\/\/www.korhanyilmaz.com\/index.php?rest_route=\/wp\/v2\/posts\/16029\/revisions"}],"wp:attachment":[{"href":"http:\/\/www.korhanyilmaz.com\/index.php?rest_route=%2Fwp%2Fv2%2Fmedia&parent=16029"}],"wp:term":[{"taxonomy":"category","embeddable":true,"href":"http:\/\/www.korhanyilmaz.com\/index.php?rest_route=%2Fwp%2Fv2%2Fcategories&post=16029"},{"taxonomy":"post_tag","embeddable":true,"href":"http:\/\/www.korhanyilmaz.com\/index.php?rest_route=%2Fwp%2Fv2%2Ftags&post=16029"}],"curies":[{"name":"wp","href":"https:\/\/api.w.org\/{rel}","templated":true}]}}