{"id":16025,"date":"2009-10-24T15:26:27","date_gmt":"2009-10-24T12:26:27","guid":{"rendered":"http:\/\/www.korhanyilmaz.com\/?p=16025"},"modified":"2009-10-24T15:26:27","modified_gmt":"2009-10-24T12:26:27","slug":"cicekten-muhalefete-elestiri-uyarisi","status":"publish","type":"post","link":"http:\/\/www.korhanyilmaz.com\/?p=16025","title":{"rendered":"\u00c7i\u00e7ek&#039;ten muhalefete &#039;ele\u015ftiri&#039; uyar\u0131s\u0131"},"content":{"rendered":"<p style=\"text-align: center;\"><a href=\"http:\/\/www.korhanyilmaz.com\/wp-content\/uploads\/2009\/10\/C\u0130CEK.jpg\"  class=\"lightview\"><img loading=\"lazy\" decoding=\"async\" class=\"aligncenter size-full wp-image-16026\" src=\"http:\/\/www.korhanyilmaz.com\/wp-content\/uploads\/2009\/10\/C\u0130CEK.jpg\" alt=\"\" width=\"307\" height=\"236\" \/><\/a><\/p>\n<p style=\"text-align: justify;\">Ba\u015fbakan Yard\u0131mc\u0131s\u0131 Cemil \u00c7i\u00e7ek, &#8220;S\u00fcre\u00e7 istemedi\u011fimiz geli\u015fmelere a\u00e7\u0131kt\u0131r&#8221; uyar\u0131s\u0131nda bulundu. Muhalefete &#8220;ele\u015ftiriler tahrik boyutuna ula\u015fmamal\u0131&#8221; mesaj\u0131n\u0131 veren \u00c7i\u00e7ek, &#8220;Ba\u011fr\u0131m\u0131za ta\u015f bas\u0131p s\u00fcrecin ba\u015far\u0131ya ula\u015fmas\u0131 i\u00e7in gayret g\u00f6sterece\u011fiz&#8221; dedi.<\/p>\n<p style=\"text-align: justify;\">Cemil \u00c7i\u00e7ek, T\u00fcrkiye b\u00fcy\u00fcd\u00fck\u00e7e ve geli\u015ftik\u00e7e, birlik ve beraberli\u011fini peki\u015ftirdik\u00e7e bundan rahats\u0131z olanlar bulundu\u011funu belirtti. <!--more--><\/p>\n<p style=\"text-align: justify;\">Ter\u00f6r\u00fcn t\u00fcm d\u00fcnyada, \u00f6zellikle T\u00fcrkiye&#8217;de bir sekt\u00f6r haline geldi\u011fini, bu sekt\u00f6rden istifade eden siyasi rant\u00e7\u0131lar bulundu\u011funu ve bunlar\u0131n varl\u0131k sebebinin ter\u00f6r oldu\u011funu vurgulayan \u00c7i\u00e7ek, &#8220;T\u00fcrkiye&#8217;nin ne b\u00fcy\u00fck bir belayla u\u011fra\u015ft\u0131\u011f\u0131n\u0131 milletimiz daha iyi g\u00f6r\u00fcyor. Ba\u011fr\u0131na ta\u015f basarak b\u00fct\u00fcn olumsuzluklara, b\u00fct\u00fcn sorumsuzluklara, b\u00fct\u00fcn \u015firretliklere ra\u011fmen bu s\u00fcrecin ba\u015far\u0131yla sonu\u00e7lanabilmesi noktas\u0131nda azami, \u00e7abay\u0131, gayreti ve tolerans\u0131 g\u00f6steriyor&#8221; g\u00f6r\u00fc\u015f\u00fcn\u00fc ifade etti.<\/p>\n<p style=\"text-align: justify;\">Bakan \u00c7i\u00e7ek, T\u00fcrk D\u00fcnyas\u0131 Yazar ve Sanat\u00e7\u0131lar Vakf\u0131n\u0131n (T\u00dcRKSAV) 13&#8217;\u00fcnc\u00fcs\u00fcn\u00fc d\u00fczenledi\u011fi &#8220;T\u00fcrk D\u00fcnyas\u0131na Hizmet \u00d6d\u00fclleri T\u00f6reni&#8217;nden ayr\u0131l\u0131rken, gazetecilerin sorular\u0131n\u0131 yan\u0131tlad\u0131.<\/p>\n<p style=\"text-align: justify;\">\u00c7i\u00e7ek, bir gazetecinin &#8220;Son geli\u015fmelere paralel olarak muhalefet de sertle\u015fiyor&#8221; s\u00f6zleri ve bu konudaki g\u00f6r\u00fc\u015f\u00fcn\u00fc sormas\u0131 \u00fczerine, ele\u015ftirinin bir hak oldu\u011funu, belli bir seviyede, belli bir \u00e7er\u00e7evede kald\u0131\u011f\u0131 s\u00fcrece yap\u0131lan ele\u015ftirilerin faydal\u0131 oldu\u011funu s\u00f6yledi.<\/p>\n<p style=\"text-align: justify;\">Ele\u015ftirilerin tahrik boyutuna ta\u015f\u0131nmamas\u0131 gerekti\u011fini vurgulayan \u00c7i\u00e7ek, s\u00fcrecin kolay olmad\u0131\u011f\u0131n\u0131, kolay olmayaca\u011f\u0131n\u0131 her zaman ifade etmeye \u00e7al\u0131\u015ft\u0131klar\u0131n\u0131 belirtti.<\/p>\n<p style=\"text-align: justify;\">\u00c7i\u00e7ek, T\u00fcrkiye&#8217;de karde\u015fli\u011fin, birli\u011fin, beraberli\u011fin tesisi konusunda b\u00fcy\u00fck bir \u00e7aban\u0131n ve gayretin i\u00e7erisinde olduklar\u0131na i\u015faret eden \u00c7i\u00e7ek, &#8220;Herkesin bunu anlamas\u0131 laz\u0131m ama bu s\u00fcre\u00e7 maalesef istemedi\u011fimiz geli\u015fmelere de a\u00e7\u0131kt\u0131r. \u00c7\u00fcnk\u00fc T\u00fcrkiye b\u00fcy\u00fcd\u00fck\u00e7e, T\u00fcrkiye geli\u015ftik\u00e7e, T\u00fcrkiye birlik ve beraberli\u011fini peki\u015ftirdik\u00e7e bundan rahats\u0131z olanlar var. Hep ifade etmeye \u00e7al\u0131\u015ft\u0131k ki ter\u00f6r maalesef t\u00fcm d\u00fcnyada, \u00f6zellikle \u00fclkemizde bir sekt\u00f6r haline gelmi\u015ftir. Ter\u00f6r \u00f6rg\u00fctleri de yasa d\u0131\u015f\u0131 vergi m\u00fckellefi olmayan holdingler konumundad\u0131r. Dolay\u0131s\u0131yla bu sekt\u00f6rden istifade eden siyasi rant\u00e7\u0131lar var. Varl\u0131k sebepleri ter\u00f6rd\u00fcr.&#8221; dedi.<\/p>\n<p style=\"text-align: justify;\">&#8220;Ter\u00f6r ortadan kalkarsa, ikinci plana iterlerse bunlar\u0131n siyasette gerek\u00e7eleri kalm\u0131yor. Ter\u00f6r, ayn\u0131 zamanda bir ekonomik sekt\u00f6rd\u00fcr. Bundan istifade eden pek \u00e7ok kesim vard\u0131r&#8221; diye konu\u015fan \u00c7i\u00e7ek, &#8220;D\u00fcnyadaki ve b\u00f6lgemizdeki uyu\u015fturucunun boyutuna bakt\u0131\u011f\u0131m\u0131zda bunun arkas\u0131nda b\u00fcy\u00fck \u00f6l\u00e7\u00fcde \u015fimdi T\u00fcrkiye&#8217;nin u\u011fra\u015ft\u0131\u011f\u0131 ter\u00f6r \u00f6rg\u00fct\u00fc vard\u0131r. Nihayet bunu da d\u00fcnya anlamaya ba\u015flam\u0131\u015ft\u0131r. Dolay\u0131s\u0131yla T\u00fcrkiye&#8217;nin ne b\u00fcy\u00fck bir belayla u\u011fra\u015ft\u0131\u011f\u0131n\u0131 milletimiz daha iyi g\u00f6r\u00fcyor. Ba\u011fr\u0131na ta\u015f basarak b\u00fct\u00fcn olumsuzluklara, b\u00fct\u00fcn sorumsuzluklara, b\u00fct\u00fcn \u015firretliklere ra\u011fmen bu s\u00fcrecin ba\u015far\u0131yla sonu\u00e7lanabilmesi noktas\u0131nda azami, \u00e7abay\u0131, gayreti ve tolerans\u0131 g\u00f6steriyor. Herkesin bunu \u00e7ok iyi anlamas\u0131 laz\u0131m. Herkese sorumluluk d\u00fc\u015ft\u00fc\u011f\u00fc kanaatindeyiz. \u0130n\u015fallah bug\u00fcnler geride kalacakt\u0131r&#8221; ifadelerini kulland\u0131.<\/p>\n<p style=\"text-align: justify;\"><span style=\"color: #888888;\">CNN T\u00dcRK<\/span><\/p>\n","protected":false},"excerpt":{"rendered":"<p style=\"text-align: center;\">\n<p style=\"text-align: justify;\">Ba\u015fbakan Yard\u0131mc\u0131s\u0131 Cemil \u00c7i\u00e7ek, &#8220;S\u00fcre\u00e7 istemedi\u011fimiz geli\u015fmelere a\u00e7\u0131kt\u0131r&#8221; uyar\u0131s\u0131nda bulundu. Muhalefete &#8220;ele\u015ftiriler tahrik boyutuna ula\u015fmamal\u0131&#8221; mesaj\u0131n\u0131 veren \u00c7i\u00e7ek, &#8220;Ba\u011fr\u0131m\u0131za ta\u015f bas\u0131p s\u00fcrecin ba\u015far\u0131ya ula\u015fmas\u0131 i\u00e7in gayret g\u00f6sterece\u011fiz&#8221; dedi.<\/p>\n<p style=\"text-align: justify;\">Cemil \u00c7i\u00e7ek, T\u00fcrkiye b\u00fcy\u00fcd\u00fck\u00e7e ve geli\u015ftik\u00e7e, birlik ve beraberli\u011fini peki\u015ftirdik\u00e7e bundan rahats\u0131z olanlar bulundu\u011funu belirtti. <\/p>\n","protected":false},"author":1,"featured_media":0,"comment_status":"open","ping_status":"closed","sticky":false,"template":"","format":"standard","meta":{"footnotes":""},"categories":[105],"tags":[],"class_list":["post-16025","post","type-post","status-publish","format-standard","hentry","category-gundem","odd"],"_links":{"self":[{"href":"http:\/\/www.korhanyilmaz.com\/index.php?rest_route=\/wp\/v2\/posts\/16025","targetHints":{"allow":["GET"]}}],"collection":[{"href":"http:\/\/www.korhanyilmaz.com\/index.php?rest_route=\/wp\/v2\/posts"}],"about":[{"href":"http:\/\/www.korhanyilmaz.com\/index.php?rest_route=\/wp\/v2\/types\/post"}],"author":[{"embeddable":true,"href":"http:\/\/www.korhanyilmaz.com\/index.php?rest_route=\/wp\/v2\/users\/1"}],"replies":[{"embeddable":true,"href":"http:\/\/www.korhanyilmaz.com\/index.php?rest_route=%2Fwp%2Fv2%2Fcomments&post=16025"}],"version-history":[{"count":0,"href":"http:\/\/www.korhanyilmaz.com\/index.php?rest_route=\/wp\/v2\/posts\/16025\/revisions"}],"wp:attachment":[{"href":"http:\/\/www.korhanyilmaz.com\/index.php?rest_route=%2Fwp%2Fv2%2Fmedia&parent=16025"}],"wp:term":[{"taxonomy":"category","embeddable":true,"href":"http:\/\/www.korhanyilmaz.com\/index.php?rest_route=%2Fwp%2Fv2%2Fcategories&post=16025"},{"taxonomy":"post_tag","embeddable":true,"href":"http:\/\/www.korhanyilmaz.com\/index.php?rest_route=%2Fwp%2Fv2%2Ftags&post=16025"}],"curies":[{"name":"wp","href":"https:\/\/api.w.org\/{rel}","templated":true}]}}