{"id":16021,"date":"2009-10-24T19:51:38","date_gmt":"2009-10-24T16:51:38","guid":{"rendered":"http:\/\/www.korhanyilmaz.com\/?p=16021"},"modified":"2009-10-24T19:51:38","modified_gmt":"2009-10-24T16:51:38","slug":"avrupadan-pkkli-grubun-gelisi-ertelendi","status":"publish","type":"post","link":"http:\/\/www.korhanyilmaz.com\/?p=16021","title":{"rendered":"Avrupa&#039;dan PKK&#039;l\u0131 grubun geli\u015fi ertelendi"},"content":{"rendered":"<p style=\"text-align: center;\"><a href=\"http:\/\/www.korhanyilmaz.com\/wp-content\/uploads\/2009\/10\/TAYY\u0130P.jpg\"  class=\"lightview\"><img loading=\"lazy\" decoding=\"async\" class=\"aligncenter size-full wp-image-16022\" src=\"http:\/\/www.korhanyilmaz.com\/wp-content\/uploads\/2009\/10\/TAYY\u0130P.jpg\" alt=\"\" width=\"307\" height=\"236\" \/><\/a><\/p>\n<p style=\"text-align: justify;\">Ba\u015fbakan Recep Tayyip Erdo\u011fan, 28 Ekim&#8217;de Avrupa&#8217;dan T\u00fcrkiye&#8217;ye gelmeleri beklenen PKK&#8217;l\u0131 grubun geli\u015finin ertelendi\u011fini a\u00e7\u0131klad\u0131. PKK&#8217;n\u0131n lider kadrosu yetkililerinden Z\u00fcbeyir Aydar da, &#8220;Grubun gidi\u015fini belirsiz bir tarihe erteliyoruz. Biz grubu g\u00f6ndermeyece\u011fiz. Duruma g\u00f6re yeniden de\u011ferlendirece\u011fiz&#8221; dedi.<\/p>\n<p style=\"text-align: justify;\">H\u00fcrriyet&#8217;in haberine g\u00f6re, Ba\u015fbakan Erdo\u011fan, &#8221;G\u00fcven bunal\u0131m\u0131 do\u011fdu. Avrupa&#8217;dan gelecek PKK&#8217;l\u0131 grubun geli\u015fi ertelendi&#8221; dedi. <!--more--><\/p>\n<p style=\"text-align: justify;\">Pakistan yolunda u\u00e7akta gazetecilerin sorular\u0131n\u0131 yan\u0131tlayan Erdo\u011fan, Habur&#8217;dan T\u00fcrkiye&#8217;ye giri\u015f yapan 34 PKK&#8217;l\u0131n\u0131n kar\u015f\u0131lama t\u00f6renlerinde ya\u015fananlar\u0131n halkta ciddi bir rahats\u0131zl\u0131k yaratt\u0131\u011f\u0131na dikkat \u00e7ekti.<\/p>\n<p style=\"text-align: justify;\">\u0130sim vermeden DTP&#8217;nin bunu siyasi ranta d\u00f6n\u00fc\u015ft\u00fcrmek istedi\u011fini s\u00f6yleyen ve &#8221;Biz buna eyvallah diyemeyiz&#8221; dedi.<\/p>\n<p style=\"text-align: justify;\">Ba\u015fbakan Erdo\u011fan a\u00e7\u0131klamas\u0131nda \u015funlar\u0131 s\u00f6yledi:<\/p>\n<p style=\"text-align: justify;\">&#8221;Son ya\u015fananlar\u0131 hepiniz biliyorsunuz. 34 ki\u015finin d\u00f6n\u00fc\u015f\u00fcnde ya\u015fananlar ortada. Ya\u015fananlar halkta ciddi rahats\u0131zl\u0131k yaratt\u0131. Bu konunun \u00fczerine \u00e7al\u0131\u015fmalar yap\u0131lacak. Onun \u00fczerine s\u00fcre\u00e7 devam edecek. Biz bunu milli birlik projesi olarak ba\u015flatt\u0131k. Bir \u015feyi yaparken di\u011fer taraf\u0131 y\u0131kamay\u0131z. Bu nedenle Avrupa&#8217;dan gelecek PKK&#8217;l\u0131 grubun geli\u015fi ertelendi.&#8221;<\/p>\n<p style=\"text-align: justify;\"><strong><em>PKK&#8217;dan da benzer a\u00e7\u0131klama <\/em><\/strong><\/p>\n<p style=\"text-align: justify;\">Ba\u015fbakan Erdo\u011fan&#8217;\u0131n, Avrupa&#8217;dan gelecek PKK&#8217;l\u0131lar\u0131n geli\u015f tarihinin ertelendi\u011fini belirtmesi \u00fczerine PKK&#8217;n\u0131n lider kadrosu yetkililerinden Z\u00fcbeyir Aydar Roj TV&#8217;nin ana haber b\u00fcltenine konuk oldu.<\/p>\n<p style=\"text-align: justify;\">Erdo\u011fan&#8217;\u0131n \u201cG\u00fcven bunal\u0131m\u0131 do\u011fdu. Bir ara verelim, ondan sonra de\u011ferlendirece\u011fiz&#8221; s\u00f6zlerini de\u011ferlendiren Z\u00fcbeyir Aydar, 28 Ekim&#8217;de T\u00fcrkiye&#8217;ye gitmesi beklenen grubun gidi\u015f tarihini ertelediklerini a\u00e7\u0131klad\u0131.<\/p>\n<p style=\"text-align: justify;\">Roj TV K\u00fcrt\u00e7e haber b\u00fclteninde de\u011ferlendirmelerde bulunan Aydar, \u201cGrubun gidi\u015fini belirsiz bir tarihe erteliyoruz. Biz grubu g\u00f6ndermeyece\u011fiz. Duruma g\u00f6re yeniden de\u011ferlendirece\u011fiz&#8221; dedi.<\/p>\n<p style=\"text-align: justify;\">PKK&#8217;ya yak\u0131nl\u0131\u011f\u0131 ile bilinen F\u0131rat Haber Ajans\u0131&#8217;n\u0131n verdi\u011fi habere g\u00f6re, Aydar&#8217;\u0131n Avrupa&#8217;dan gelecek PKK&#8217;l\u0131lar\u0131n 27 Ekim&#8217;de Br\u00fcksel&#8217;de d\u00fczenleyece\u011fi bas\u0131n toplant\u0131s\u0131n\u0131n ger\u00e7ekle\u015fece\u011fini s\u00f6zlerine ekledi\u011fi belirtildi. Haberde Aydar&#8217;\u0131n, \u201cya\u015fanan t\u0131kanman\u0131n T\u00fcrk devletinden kaynakland\u0131\u011f\u0131n\u0131&#8221; belirterek, h\u00fck\u00fcmeti \u201cbu yakla\u015f\u0131mlar\u0131n\u0131 g\u00f6zden ge\u00e7irmeye \u00e7a\u011f\u0131rd\u0131\u011f\u0131&#8221; bildirildi.<\/p>\n<p style=\"text-align: justify;\"><span style=\"color: #888888;\">CNN T\u00dcRK<\/span><\/p>\n","protected":false},"excerpt":{"rendered":"<p style=\"text-align: center;\">\n<p style=\"text-align: justify;\">Ba\u015fbakan Recep Tayyip Erdo\u011fan, 28 Ekim&#8217;de Avrupa&#8217;dan T\u00fcrkiye&#8217;ye gelmeleri beklenen PKK&#8217;l\u0131 grubun geli\u015finin ertelendi\u011fini a\u00e7\u0131klad\u0131. PKK&#8217;n\u0131n lider kadrosu yetkililerinden Z\u00fcbeyir Aydar da, &#8220;Grubun gidi\u015fini belirsiz bir tarihe erteliyoruz. Biz grubu g\u00f6ndermeyece\u011fiz. Duruma g\u00f6re yeniden de\u011ferlendirece\u011fiz&#8221; dedi.<\/p>\n<p style=\"text-align: justify;\">H\u00fcrriyet&#8217;in haberine g\u00f6re, Ba\u015fbakan Erdo\u011fan, &#8221;G\u00fcven bunal\u0131m\u0131 do\u011fdu. Avrupa&#8217;dan gelecek PKK&#8217;l\u0131 grubun <\/p>\n","protected":false},"author":1,"featured_media":0,"comment_status":"open","ping_status":"closed","sticky":false,"template":"","format":"standard","meta":{"footnotes":""},"categories":[105],"tags":[],"class_list":["post-16021","post","type-post","status-publish","format-standard","hentry","category-gundem","odd"],"_links":{"self":[{"href":"http:\/\/www.korhanyilmaz.com\/index.php?rest_route=\/wp\/v2\/posts\/16021","targetHints":{"allow":["GET"]}}],"collection":[{"href":"http:\/\/www.korhanyilmaz.com\/index.php?rest_route=\/wp\/v2\/posts"}],"about":[{"href":"http:\/\/www.korhanyilmaz.com\/index.php?rest_route=\/wp\/v2\/types\/post"}],"author":[{"embeddable":true,"href":"http:\/\/www.korhanyilmaz.com\/index.php?rest_route=\/wp\/v2\/users\/1"}],"replies":[{"embeddable":true,"href":"http:\/\/www.korhanyilmaz.com\/index.php?rest_route=%2Fwp%2Fv2%2Fcomments&post=16021"}],"version-history":[{"count":0,"href":"http:\/\/www.korhanyilmaz.com\/index.php?rest_route=\/wp\/v2\/posts\/16021\/revisions"}],"wp:attachment":[{"href":"http:\/\/www.korhanyilmaz.com\/index.php?rest_route=%2Fwp%2Fv2%2Fmedia&parent=16021"}],"wp:term":[{"taxonomy":"category","embeddable":true,"href":"http:\/\/www.korhanyilmaz.com\/index.php?rest_route=%2Fwp%2Fv2%2Fcategories&post=16021"},{"taxonomy":"post_tag","embeddable":true,"href":"http:\/\/www.korhanyilmaz.com\/index.php?rest_route=%2Fwp%2Fv2%2Ftags&post=16021"}],"curies":[{"name":"wp","href":"https:\/\/api.w.org\/{rel}","templated":true}]}}