{"id":16015,"date":"2009-10-24T18:18:38","date_gmt":"2009-10-24T15:18:38","guid":{"rendered":"http:\/\/www.korhanyilmaz.com\/?p=16015"},"modified":"2009-10-24T18:18:38","modified_gmt":"2009-10-24T15:18:38","slug":"erdogan-kimse-devleti-zan-altinda-birakmasin","status":"publish","type":"post","link":"http:\/\/www.korhanyilmaz.com\/?p=16015","title":{"rendered":"Erdo\u011fan: Kimse devleti zan alt\u0131nda b\u0131rakmas\u0131n"},"content":{"rendered":"<p style=\"text-align: center;\"><a href=\"http:\/\/www.korhanyilmaz.com\/wp-content\/uploads\/2009\/10\/ERDOGAN3.jpg\"  class=\"lightview\"><img loading=\"lazy\" decoding=\"async\" class=\"aligncenter size-full wp-image-16016\" src=\"http:\/\/www.korhanyilmaz.com\/wp-content\/uploads\/2009\/10\/ERDOGAN3.jpg\" alt=\"\" width=\"307\" height=\"236\" \/><\/a><\/p>\n<p style=\"text-align: justify;\">Ba\u015fbakan Recep Tayyip Erdo\u011fan, &#8220;\u0130rticayla m\u00fccadele eylem plan\u0131&#8221;n\u0131n asl\u0131n\u0131n Ergenekon savc\u0131lar\u0131na g\u00f6rderildi\u011fi iddialar\u0131 ile ilgili konu\u015ftu; &#8220;Ger\u00e7ek ortaya \u00e7\u0131ks\u0131n. T\u00fcrkiye Cumhuriyeti devletini kimsenin zan alt\u0131nda b\u0131rakmaya hakk\u0131 yok&#8221; dedi. Ba\u015fbakan&#8217;\u0131n g\u00fcndeminde 34 PKK&#8217;l\u0131n\u0131n kar\u015f\u0131lan\u0131\u015f g\u00f6r\u00fcnt\u00fcleri de vard\u0131. Erdo\u011fan, &#8220;Devam ederse olgunluk i\u00e7inde bakmay\u0131z&#8221; dedi.<\/p>\n<p style=\"text-align: justify;\">Erdo\u011fan, Pakistan&#8217;a hareketinden \u00f6nce Antalya Havaalan\u0131&#8217;nda gazetecilerin sorular\u0131n\u0131 yan\u0131tlad\u0131. <!--more--><\/p>\n<p style=\"text-align: justify;\">Erdo\u011fan, bir gazetecinin, &#8220;\u0130rticayla m\u00fccadele eylem plan\u0131 ile ilgili, belgenin alt\u0131ndaki imzan\u0131n Albay Dursun \u00c7i\u00e7ek&#8217;e ait oldu\u011fu ve belgenin orijinalinin &#8216;Ergenekon&#8217; savc\u0131lar\u0131nda bulundu\u011fu ortaya \u00e7\u0131kt\u0131. Daha \u00f6nce bu konuda sonuna kadar gidece\u011finizi beyan etmi\u015ftiniz. H\u00fck\u00fcmetinizin bundan sonra ataca\u011f\u0131 ad\u0131mlar neler olacakt\u0131r&#8221; sorusuna \u015fu kar\u015f\u0131l\u0131\u011f\u0131 verdi:<\/p>\n<p style=\"text-align: justify;\">&#8220;Bildi\u011finiz gibi devlet yap\u0131m\u0131z, yasama, y\u00fcr\u00fctme ve yarg\u0131dan olu\u015fuyor ve burada tabii kuvvetler ayr\u0131l\u0131\u011f\u0131 ilkesi i\u00e7erisinde yasama, y\u00fcr\u00fctme ve yarg\u0131n\u0131n g\u00f6revi bellidir. Y\u00fcr\u00fctme olarak bize ne d\u00fc\u015ferse onu sonuna kadar yapaca\u011f\u0131m\u0131z\u0131 s\u00f6yledi\u011fimiz gibi, bundan sonra da yine ayn\u0131 kararl\u0131l\u0131k i\u00e7erisindeyiz. Ak\u015fam farkl\u0131, sabah farkl\u0131 konu\u015fmay\u0131 sevmem. Arkada\u015flar\u0131m da b\u00f6yle bir \u015feyin i\u00e7erisine asla girmezler.&#8221;<\/p>\n<p style=\"text-align: justify;\">Erdo\u011fan, \u015fu anda s\u00fcreci yarg\u0131n\u0131n devam ettirdi\u011fini ve takip etti\u011fini an\u0131msatarak, bu konuda emniyet te\u015fkilat\u0131na g\u00f6rev d\u00fc\u015fmesi halinde bu konuyu takip edeceklerini belirtti.<\/p>\n<p style=\"text-align: justify;\"><strong><em>Ba\u015fbakan Erdo\u011fan, \u015funlar\u0131 s\u00f6yledi: <\/em><\/strong><\/p>\n<p style=\"text-align: justify;\">&#8220;\u015eu anda savc\u0131n\u0131n elinde olan belge ne denli sa\u011flamd\u0131r, \u015fu anda adli t\u0131p raporunu bu noktada -bildi\u011fim kadar\u0131yla savc\u0131 Bey&#8217;e ula\u015fm\u0131\u015f olmas\u0131 laz\u0131m- bunu savc\u0131 Bey nas\u0131l de\u011ferlendirecektir, bunu ilgili mahkeme nas\u0131l de\u011ferlendirecektir, o onlar\u0131n takdiridir. Bu konuda benim s\u00f6yleyece\u011fim herhangi bir \u015fey yoktur. Aslolan do\u011frular ortaya \u00e7\u0131ks\u0131n, ger\u00e7ek ortaya \u00e7\u0131ks\u0131n. \u00c7\u00fcnk\u00fc T\u00fcrkiye Cumhuriyeti devletini hi\u00e7 kimsenin zan alt\u0131nda b\u0131rakmaya hak ve selahiyeti yoktur. B\u00f6yle bir \u015feye de bizler asla arac\u0131l\u0131k edemeyiz.&#8221;<\/p>\n<p style=\"text-align: justify;\"><strong><em>\u015eehit ailelerinin tepkileri <\/em><\/strong><\/p>\n<p style=\"text-align: justify;\">Ba\u015fbakan Erdo\u011fan, T\u00fcrkiye&#8217;nin \u00e7e\u015fitli yerlerinde baz\u0131 \u015fehit aileleri yak\u0131nlar\u0131 ile gazilerin, madalyalar\u0131n\u0131 iade etme y\u00f6n\u00fcnde \u00e7\u0131k\u0131\u015flar oldu\u011funu ifade ederek, bunu nas\u0131l de\u011ferlendirdi\u011fini soran gazeteciye \u015fu yan\u0131t\u0131 verdi:<\/p>\n<p style=\"text-align: justify;\">&#8220;Bu t\u00fcr tav\u0131rlar\u0131 bu \u015fekilde uygulayanlar da var, bu \u015fekilde bir yakla\u015f\u0131m i\u00e7erisinde olmayanlar da var. T\u00fcm \u015fehit aileleri b\u00f6yle bir \u015fey yap\u0131yor diye ortada bir ger\u00e7ek yok. Bunda da hassas olal\u0131m, dikkatli olal\u0131m. \u00c7\u00fcnk\u00fc \u00e7ok farkl\u0131 bir d\u00f6nemin i\u00e7erisinden ge\u00e7iyoruz. Demokrasi, unutmayal\u0131m ki ayn\u0131 zamanda bir tolerans rejimidir ve bu tolerans\u0131 bu \u00fclkeyi y\u00f6netenler de bu \u00fclkede sorunu \u00e7\u00f6zme azmi ve kararl\u0131l\u0131\u011f\u0131 i\u00e7inde olanlar da g\u00f6stermelidir. Bunu s\u00f6ylerken, bundan \u00f6nceki 34 ki\u015finin geli\u015finde yap\u0131lanlar\u0131 tasvip eder mahiyette s\u00f6ylemiyorum. Yap\u0131lanlar\u0131 kesinlikle tasvip etmiyorum. Kendilerine bu konuda koordinat\u00f6r bakan\u0131n gerekli uyar\u0131lar\u0131 \u00f6nceden yapm\u0131\u015f olmas\u0131na ra\u011fmen tabii bu t\u00fcr -art\u0131k buna eylem demek de farkl\u0131 bir \u015fey, etkinlik demek de farkl\u0131 bir \u015fey- nereye yak\u0131\u015f\u0131r, oturur, onu \u00e7\u00f6zmekte zorlan\u0131yorum fakat yap\u0131lanlar\u0131n sadece bir siyasi rant elde etmeye d\u00f6n\u00fck oldu\u011fu \u00e7ok a\u00e7\u0131k, net ortada.<\/p>\n<p style=\"text-align: justify;\">Bizler burada yarg\u0131n\u0131n b\u00f6yle bir g\u00f6revi yapmas\u0131n\u0131n imkanlar\u0131n\u0131, zeminini haz\u0131rlad\u0131k ve yarg\u0131, bu ki\u015filerin su\u00e7lu olmad\u0131\u011f\u0131na karar vermek suretiyle b\u00f6yle bir imkan\u0131 haz\u0131rlay\u0131p evlerine gittiler. \u015eimdi evlerine giderken, yollarda, k\u00f6ylerde burada, \u015furada Diyarbak\u0131r&#8217;da, kald\u0131 ki valili\u011fin zaten g\u00fcvenlik talebiyle savc\u0131l\u0131\u011f\u0131n s\u0131n\u0131ra gelmesi ger\u00e7ekle\u015fmi\u015ftir. bu t\u00fcr yakla\u015f\u0131mlar\u0131 bizim tasvip etmemiz m\u00fcmk\u00fcn de\u011fildir. Kald\u0131 ki bu yakla\u015f\u0131m\u0131n bu \u015fekilde devam etmesi halinde biz s\u00fcrece bu olgunluk i\u00e7erisinde bakamay\u0131z ve de\u011ferlendirmeleri arkada\u015flar\u0131m\u0131z da yap\u0131yor.&#8221;<\/p>\n<p style=\"text-align: justify;\"><strong><em>AK Parti h\u00fck\u00fcmeti olarak illegal bir yap\u0131y\u0131 hi\u00e7bir zaman muhatap kabul etmediklerini vurgulayan Erdo\u011fan, konu\u015fmas\u0131n\u0131 \u015f\u00f6yle s\u00fcrd\u00fcrd\u00fc: <\/em><\/strong><\/p>\n<p style=\"text-align: justify;\">&#8220;Bizim milli birlik projesi dedi\u011fimiz, karde\u015flik, beraberlik projesi dedi\u011fimiz bu projenin bir demokratik a\u00e7\u0131l\u0131m\u0131 var, b\u00f6lgesel, ekonomik a\u00e7\u0131l\u0131m boyutu var. T\u00fcm bunlar i\u00e7erisinde hep s\u00f6yl\u00fcyorum, etnik unsurlarla, az\u0131nl\u0131klarla, i\u015fsizlikle, b\u00f6lgeyle ilgili sorunlar\u0131m\u0131z var. Yani t\u00fcm sorun alanlar\u0131n\u0131 minimize edecek bir ad\u0131m\u0131 atmay\u0131 hedefliyoruz. Bu bir devlet projesidir ve muhatab\u0131 da millettir. Dolay\u0131s\u0131yla bunu millet\u00e7e ele alaca\u011f\u0131z ama bunu farkl\u0131 yerlere \u00e7ekme gayreti i\u00e7erisinde olanlar yok mu? Var. \u00c7\u00fcnk\u00fc bundan rahats\u0131z olanlar var fakat buradan nemalanmak isteyenler de var. Biz her ikisine de kar\u015f\u0131y\u0131z. Diyoruz ki: Bu bir bar\u0131\u015f \u00fcz\u00fcm salk\u0131m\u0131d\u0131r. Bunu hep beraber yiyelim ve \u00fclkemizi bar\u0131\u015f, karde\u015fli\u011fe hep birlikte ta\u015f\u0131yal\u0131m. Bu t\u00fcr provokatif olaylara imkan, zemin haz\u0131rlamayal\u0131m.&#8221;<\/p>\n<p style=\"text-align: justify;\"><strong><em>Ba\u015fbakan Erdo\u011fan, bir gazetecinin, &#8220;30 y\u0131l \u00f6ncesinde \u0130ran&#8217;a \u00e7ok say\u0131da feribotla ihracat ger\u00e7ekle\u015ftirildi\u011fini&#8221; s\u00f6ylemesi \u00fczerine de \u015f\u00f6yle konu\u015ftu: <\/em><\/strong><\/p>\n<p style=\"text-align: justify;\">&#8220;Ben ticarete feribotla de\u011fil, rakamla, parayla bakar\u0131m. Biz g\u00f6reve geldi\u011fimizde \u0130ran&#8217;la T\u00fcrkiye&#8217;nin d\u0131\u015f ticaret hacmi 1 milyar dolar\u0131n alt\u0131ndayd\u0131. \u015eu anda 10 milyar dolar\u0131 buldu. 2011 itibar\u0131yla 20 milyar dolar\u0131 konu\u015fuyoruz. Bunu kar\u015f\u0131l\u0131kl\u0131 olarak yakalayaca\u011f\u0131z. Onlar a\u011f\u0131rl\u0131kla enerjiyle, do\u011fal gazla bizi yaln\u0131z b\u0131rakm\u0131yorlar. Biz de bunun kar\u015f\u0131l\u0131\u011f\u0131nda oradaki taahh\u00fct i\u015flerine girmek suretiyle, \u00fcretti\u011fimiz bir ok \u00fcr\u00fcnle, g\u0131dadan tutune, tekstile, sanayi \u00fcr\u00fcnlerine kadar t\u00fcm bunlara girmek suretiyle bu ad\u0131mlar\u0131 ataca\u011f\u0131z.&#8221;<\/p>\n<p style=\"text-align: justify;\"><span style=\"color: #888888;\">CNN T\u00dcRK<\/span><\/p>\n","protected":false},"excerpt":{"rendered":"<p style=\"text-align: center;\">\n<p style=\"text-align: justify;\">Ba\u015fbakan Recep Tayyip Erdo\u011fan, &#8220;\u0130rticayla m\u00fccadele eylem plan\u0131&#8221;n\u0131n asl\u0131n\u0131n Ergenekon savc\u0131lar\u0131na g\u00f6rderildi\u011fi iddialar\u0131 ile ilgili konu\u015ftu; &#8220;Ger\u00e7ek ortaya \u00e7\u0131ks\u0131n. T\u00fcrkiye Cumhuriyeti devletini kimsenin zan alt\u0131nda b\u0131rakmaya hakk\u0131 yok&#8221; dedi. Ba\u015fbakan&#8217;\u0131n g\u00fcndeminde 34 PKK&#8217;l\u0131n\u0131n kar\u015f\u0131lan\u0131\u015f g\u00f6r\u00fcnt\u00fcleri de vard\u0131. Erdo\u011fan, &#8220;Devam ederse olgunluk i\u00e7inde bakmay\u0131z&#8221; dedi.<\/p>\n<p style=\"text-align: justify;\">Erdo\u011fan, Pakistan&#8217;a hareketinden \u00f6nce <\/p>\n","protected":false},"author":1,"featured_media":0,"comment_status":"open","ping_status":"closed","sticky":false,"template":"","format":"standard","meta":{"footnotes":""},"categories":[105],"tags":[],"class_list":["post-16015","post","type-post","status-publish","format-standard","hentry","category-gundem","odd"],"_links":{"self":[{"href":"http:\/\/www.korhanyilmaz.com\/index.php?rest_route=\/wp\/v2\/posts\/16015","targetHints":{"allow":["GET"]}}],"collection":[{"href":"http:\/\/www.korhanyilmaz.com\/index.php?rest_route=\/wp\/v2\/posts"}],"about":[{"href":"http:\/\/www.korhanyilmaz.com\/index.php?rest_route=\/wp\/v2\/types\/post"}],"author":[{"embeddable":true,"href":"http:\/\/www.korhanyilmaz.com\/index.php?rest_route=\/wp\/v2\/users\/1"}],"replies":[{"embeddable":true,"href":"http:\/\/www.korhanyilmaz.com\/index.php?rest_route=%2Fwp%2Fv2%2Fcomments&post=16015"}],"version-history":[{"count":0,"href":"http:\/\/www.korhanyilmaz.com\/index.php?rest_route=\/wp\/v2\/posts\/16015\/revisions"}],"wp:attachment":[{"href":"http:\/\/www.korhanyilmaz.com\/index.php?rest_route=%2Fwp%2Fv2%2Fmedia&parent=16015"}],"wp:term":[{"taxonomy":"category","embeddable":true,"href":"http:\/\/www.korhanyilmaz.com\/index.php?rest_route=%2Fwp%2Fv2%2Fcategories&post=16015"},{"taxonomy":"post_tag","embeddable":true,"href":"http:\/\/www.korhanyilmaz.com\/index.php?rest_route=%2Fwp%2Fv2%2Ftags&post=16015"}],"curies":[{"name":"wp","href":"https:\/\/api.w.org\/{rel}","templated":true}]}}