{"id":16011,"date":"2009-10-24T19:31:03","date_gmt":"2009-10-24T16:31:03","guid":{"rendered":"http:\/\/www.korhanyilmaz.com\/?p=16011"},"modified":"2009-10-24T19:31:03","modified_gmt":"2009-10-24T16:31:03","slug":"kanadoglundan-sinirda-sorguya-tepki","status":"publish","type":"post","link":"http:\/\/www.korhanyilmaz.com\/?p=16011","title":{"rendered":"Kanado\u011flu&#039;ndan s\u0131n\u0131rda sorgu&#039;ya tepki"},"content":{"rendered":"<p><a href=\"http:\/\/www.korhanyilmaz.com\/wp-content\/uploads\/2009\/10\/KANADOGLU.jpg\"  class=\"lightview\"><img loading=\"lazy\" decoding=\"async\" class=\"aligncenter size-full wp-image-16012\" src=\"http:\/\/www.korhanyilmaz.com\/wp-content\/uploads\/2009\/10\/KANADOGLU.jpg\" alt=\"\" width=\"292\" height=\"176\" \/><\/a><\/p>\n<p style=\"text-align: justify;\">Yarg\u0131tay Onursal Cumhuriyet Ba\u015fsavc\u0131s\u0131 Sabih Kanado\u011flu, 34 PKK&#8217;l\u0131n\u0131n Habur S\u0131n\u0131r Kap\u0131s\u0131&#8217;nda ifadelerinin al\u0131nmas\u0131na tepki g\u00f6sterdi, &#8220;Yarg\u0131 ba\u011f\u0131ms\u0131z olsayd\u0131 bir \u00e7ad\u0131r mahkemesi \u015feklinde s\u0131n\u0131rda mahkeme kurmaya m\u00fcsaade etmezdi&#8221; dedi.<\/p>\n<p style=\"text-align: justify;\">Kanado\u011flu, Adana&#8217;da d\u00fczenlenen &#8220;\u00c7a\u011fda\u015f Demokrasi \u0130lkeleri&#8221; konulu konferansta, &#8220;T\u00fcrkiye ba\u011f\u0131ms\u0131z bir \u00fclkedir ve Ankara&#8217;dan y\u00f6netilmektedir. A\u00e7\u0131l\u0131mlar, yol planlar\u0131 Ankara&#8217;da haz\u0131rlanmal\u0131d\u0131r&#8221; diye konu\u015ftu. <!--more--><\/p>\n<p style=\"text-align: justify;\">Yarg\u0131n\u0131n ba\u011f\u0131ms\u0131z olmamas\u0131 halinde siyasalla\u015faca\u011f\u0131n\u0131 anlatan Kanado\u011flu, \u015funlar\u0131 kaydetti:<\/p>\n<p style=\"text-align: justify;\">&#8220;Yarg\u0131 ba\u011f\u0131ms\u0131z olsayd\u0131 bir \u00e7ad\u0131r mahkemesi \u015feklinde s\u0131n\u0131rda mahkeme kurmaya m\u00fcsaade etmezdi. Bir yarg\u0131 nas\u0131l siyasalla\u015f\u0131r denilirse, bu son olay bunun en somut \u00f6rne\u011fidir. Normalde san\u0131klar adliyeye gider. Hakim ve savc\u0131 san\u0131klar\u0131n \u00f6n\u00fcne gitmez. Bu olay ulusal onurumuzu zedelemi\u015ftir.&#8221;<\/p>\n<p style=\"text-align: justify;\"><strong><em>Adana&#8217;da y\u00fcr\u00fcy\u00fc\u015f <\/em><\/strong><\/p>\n<p style=\"text-align: justify;\">Adana&#8217;da Hak ve E\u015fitlik Partisince d\u00fczenlenen, \u015fehit aileleri, gazi ve yak\u0131nlar\u0131n\u0131n da kat\u0131ld\u0131\u011f\u0131 &#8220;Milli Uyan\u0131\u015f Y\u00fcr\u00fcy\u00fc\u015f\u00fc&#8221;, Mimar Sinan Park\u0131 \u00f6n\u00fcnde ba\u015flad\u0131. Park \u00f6n\u00fcnde toplanan kalabal\u0131k, ta\u015f\u0131d\u0131klar\u0131 T\u00fcrk bayraklar\u0131 ve \u015fehit foto\u011fraflar\u0131yla Mustafa Kemal Pa\u015fa Caddesi&#8217;nden y\u00fcr\u00fcy\u00fc\u015fe ge\u00e7ti.<\/p>\n<p style=\"text-align: justify;\">U\u011fur Mumcu alan\u0131na kadar geni\u015f g\u00fcvenlik \u00f6nlemleri alt\u0131nda y\u00fcr\u00fcyen grup, burada bas\u0131n a\u00e7\u0131klamas\u0131 yapt\u0131. Partinin Adana \u0130l Ba\u015fkan\u0131 G\u00f6kay Sar\u0131l\u0131, T\u00fcrkiye&#8217;nin ger\u00e7ek sahibinin T\u00fcrk milleti oldu\u011funu belirterek, &#8220;B\u00fcy\u00fck T\u00fcrk milletinin kan\u0131n\u0131 d\u00f6kerek kazand\u0131\u011f\u0131 de\u011ferler, bug\u00fcn davul zurnayla yok edilmeye \u00e7al\u0131\u015f\u0131lmaktad\u0131r&#8221; dedi.<\/p>\n<p style=\"text-align: justify;\">1995&#8217;te Diyarbak\u0131r&#8217;\u0131n Lice il\u00e7esinde \u015fehit olan K\u0131demli \u00dcste\u011fmen Murat Erdem&#8217;in annesi Mualla Erdem ise ter\u00f6ristlerle ayn\u0131 kefeye konulduklar\u0131n\u0131 \u00f6ne s\u00fcrd\u00fc.<\/p>\n<p style=\"text-align: justify;\"><span style=\"color: #888888;\">CNN T\u00dcRK<\/span><\/p>\n","protected":false},"excerpt":{"rendered":"<\/p>\n<p style=\"text-align: justify;\">Yarg\u0131tay Onursal Cumhuriyet Ba\u015fsavc\u0131s\u0131 Sabih Kanado\u011flu, 34 PKK&#8217;l\u0131n\u0131n Habur S\u0131n\u0131r Kap\u0131s\u0131&#8217;nda ifadelerinin al\u0131nmas\u0131na tepki g\u00f6sterdi, &#8220;Yarg\u0131 ba\u011f\u0131ms\u0131z olsayd\u0131 bir \u00e7ad\u0131r mahkemesi \u015feklinde s\u0131n\u0131rda mahkeme kurmaya m\u00fcsaade etmezdi&#8221; dedi.<\/p>\n<p style=\"text-align: justify;\">Kanado\u011flu, Adana&#8217;da d\u00fczenlenen &#8220;\u00c7a\u011fda\u015f Demokrasi \u0130lkeleri&#8221; konulu konferansta, &#8220;T\u00fcrkiye ba\u011f\u0131ms\u0131z bir \u00fclkedir ve Ankara&#8217;dan y\u00f6netilmektedir. A\u00e7\u0131l\u0131mlar, yol planlar\u0131 Ankara&#8217;da haz\u0131rlanmal\u0131d\u0131r&#8221; diye konu\u015ftu. <\/p>\n","protected":false},"author":1,"featured_media":0,"comment_status":"open","ping_status":"closed","sticky":false,"template":"","format":"standard","meta":{"footnotes":""},"categories":[105],"tags":[],"class_list":["post-16011","post","type-post","status-publish","format-standard","hentry","category-gundem","odd"],"_links":{"self":[{"href":"http:\/\/www.korhanyilmaz.com\/index.php?rest_route=\/wp\/v2\/posts\/16011","targetHints":{"allow":["GET"]}}],"collection":[{"href":"http:\/\/www.korhanyilmaz.com\/index.php?rest_route=\/wp\/v2\/posts"}],"about":[{"href":"http:\/\/www.korhanyilmaz.com\/index.php?rest_route=\/wp\/v2\/types\/post"}],"author":[{"embeddable":true,"href":"http:\/\/www.korhanyilmaz.com\/index.php?rest_route=\/wp\/v2\/users\/1"}],"replies":[{"embeddable":true,"href":"http:\/\/www.korhanyilmaz.com\/index.php?rest_route=%2Fwp%2Fv2%2Fcomments&post=16011"}],"version-history":[{"count":0,"href":"http:\/\/www.korhanyilmaz.com\/index.php?rest_route=\/wp\/v2\/posts\/16011\/revisions"}],"wp:attachment":[{"href":"http:\/\/www.korhanyilmaz.com\/index.php?rest_route=%2Fwp%2Fv2%2Fmedia&parent=16011"}],"wp:term":[{"taxonomy":"category","embeddable":true,"href":"http:\/\/www.korhanyilmaz.com\/index.php?rest_route=%2Fwp%2Fv2%2Fcategories&post=16011"},{"taxonomy":"post_tag","embeddable":true,"href":"http:\/\/www.korhanyilmaz.com\/index.php?rest_route=%2Fwp%2Fv2%2Ftags&post=16011"}],"curies":[{"name":"wp","href":"https:\/\/api.w.org\/{rel}","templated":true}]}}