{"id":16006,"date":"2009-10-24T12:02:17","date_gmt":"2009-10-24T09:02:17","guid":{"rendered":"http:\/\/www.korhanyilmaz.com\/?p=16006"},"modified":"2009-10-24T12:02:17","modified_gmt":"2009-10-24T09:02:17","slug":"saatler-bu-gece-1-saat-geri-alinacak","status":"publish","type":"post","link":"http:\/\/www.korhanyilmaz.com\/?p=16006","title":{"rendered":"Saatler bu gece 1 saat geri al\u0131nacak"},"content":{"rendered":"<p style=\"text-align: center;\"><a href=\"http:\/\/www.korhanyilmaz.com\/wp-content\/uploads\/2009\/10\/saat.jpg\"  class=\"lightview\"><img loading=\"lazy\" decoding=\"async\" class=\"aligncenter size-full wp-image-16007\" src=\"http:\/\/www.korhanyilmaz.com\/wp-content\/uploads\/2009\/10\/saat.jpg\" alt=\"\" width=\"234\" height=\"153\" \/><\/a><\/p>\n<p style=\"text-align: justify;\">Yaz saati uygulamas\u0131 bu gece sona eriyor. Gece 04.00&#8217;de saatler 1 saat geri al\u0131nacak.<\/p>\n<p style=\"text-align: justify;\">29 Mart 2009 tarihinde ba\u015flayan yaz saati (ileri saat) uygulamas\u0131, \u00e7al\u0131\u015fma saatlerinin g\u00fcn\u00fcn g\u00fcne\u015fli b\u00f6l\u00fcm\u00fcne al\u0131nmas\u0131 suretiyle, g\u00fcn \u0131\u015f\u0131\u011f\u0131ndan daha fazla yararlan\u0131lmas\u0131, elektrik enerjisinin ayd\u0131nlatmada kullan\u0131lan b\u00f6l\u00fcm\u00fcnden tasarruf sa\u011flanmas\u0131 amac\u0131yla yap\u0131l\u0131yor.<\/p>\n<p style=\"text-align: justify;\">Bu arada yaz saati uygulamas\u0131 ba\u015flang\u0131\u00e7 ve bitim tarihlerinde, Avrupa \u00fclkeleriyle birlikte hareket ediliyor. Yaz saati uygulamas\u0131yla, enerji tasarrufu, AB \u00fcyesi \u00fclkeler ile saat birlikteli\u011fi ve uyum sa\u011flama yan\u0131nda, ak\u015fam saatlerinde en y\u00fcksek de\u011ferine ula\u015fan enerji t\u00fcketim talebinin (puant g\u00fcc\u00fcn\u00fcn) azalt\u0131lmas\u0131 ama\u00e7lan\u0131yor. <!--more--><\/p>\n<p style=\"text-align: justify;\">\u00d6te yandan uygulama ile her y\u0131l &#8220;orta \u00f6l\u00e7ekli&#8221; bir hidroelektrik santralin y\u0131ll\u0131k \u00fcretimi kadar tasarruf sa\u011flan\u0131yor. Yaz saati uygulamas\u0131, AB \u00fclkeleriyle birlikte Mart ay\u0131n\u0131n son pazar g\u00fcn\u00fc ba\u015flay\u0131p, Ekim ay\u0131n\u0131n son pazar g\u00fcn\u00fc bitiyor. Buna paralel \u00f6n\u00fcm\u00fczdeki y\u0131l yaz saatine, 28 Mart 2010 Pazar g\u00fcn\u00fc saat 03.00&#8217;te saatlerin bir saat ileri al\u0131nmas\u0131yla yeniden ge\u00e7ilecek.<\/p>\n<p style=\"text-align: justify;\"><strong><em>Yaz saati uygulamas\u0131 neden bir t\u00fcrl\u00fc kald\u0131r\u0131lamad\u0131? <\/em><\/strong><\/p>\n<p style=\"text-align: justify;\">Bu arada Enerji ve Tabii Kaynaklar Bakanl\u0131\u011f\u0131nda y\u0131l boyunca ayn\u0131 saat diliminde kal\u0131nmas\u0131 (yaz saati uygulamas\u0131n\u0131n kald\u0131r\u0131lmas\u0131) ve zaman\u0131n belirlendi\u011fi referans meridyenin de\u011fi\u015ftirilmesi konusunda \u00e7al\u0131\u015fmalar s\u00fcrd\u00fcr\u00fcl\u00fcyor.<\/p>\n<p style=\"text-align: justify;\">D\u00fcnya n\u00fcfusunun yakla\u015f\u0131k y\u00fczde 77&#8217;si (yakla\u015f\u0131k 4,5 milyar\u0131) yaz saati uygulamas\u0131 yapm\u0131yor.<\/p>\n<p style=\"text-align: justify;\">Yaz saatini AB \u00fclkeleri, ABD, Kanada, Meksika, \u015eili ve M\u0131s\u0131r uyguluyor. ABD, Kanada, Avustralya ve Brezilya gibi yaz saati uygulayan \u00fclkelerde ise baz\u0131 eyalet ve b\u00f6lgelerinde yaz saati uygulamas\u0131 yap\u0131lm\u0131yor.<\/p>\n<p style=\"text-align: justify;\">Her \u00fclke kendisine uygun bir meridyeni saat uygulamas\u0131nda referans meridyeni olarak al\u0131yor.<\/p>\n<p style=\"text-align: justify;\">D\u00fcnya \u00fczerindeki \u00fclkelere bak\u0131ld\u0131\u011f\u0131nda, m\u00fcmk\u00fcn oldu\u011funca \u00fclkenin do\u011fusundan ge\u00e7en meridyenleri referans olarak ald\u0131klar\u0131 g\u00f6r\u00fcl\u00fcyor (\u00d6rne\u011fin Yunanistan ve Bulgaristan \u0130zmit&#8217;ten ge\u00e7en 30 derece do\u011fu boylam\u0131n\u0131 referans olarak al\u0131yor.<\/p>\n<p style=\"text-align: justify;\">Yaz saati uygulamas\u0131 yaparken de I\u011fd\u0131r&#8217;dan ge\u00e7en 45 derece do\u011fu boylam\u0131n\u0131 kullan\u0131yorlar). T\u00fcrkiye ise d\u00fcnyadaki durumun tersi olarak AB \u00fclkelerine uyum sa\u011flamak i\u00e7in bat\u0131 b\u00f6lgesinden ge\u00e7en 30 derece do\u011fu meridyenini referans olarak al\u0131yor. T\u00fcrkiye&#8217;de y\u0131l\u0131n 5 ay\u0131 k\u0131\u015f saati, 7 ay\u0131n\u0131 ise yaz saati uygulamas\u0131 yap\u0131yor.<\/p>\n<p style=\"text-align: justify;\"><span style=\"color: #888888;\">CNN T\u00dcRK<\/span><\/p>\n","protected":false},"excerpt":{"rendered":"<p style=\"text-align: center;\">\n<p style=\"text-align: justify;\">Yaz saati uygulamas\u0131 bu gece sona eriyor. Gece 04.00&#8217;de saatler 1 saat geri al\u0131nacak.<\/p>\n<p style=\"text-align: justify;\">29 Mart 2009 tarihinde ba\u015flayan yaz saati (ileri saat) uygulamas\u0131, \u00e7al\u0131\u015fma saatlerinin g\u00fcn\u00fcn g\u00fcne\u015fli b\u00f6l\u00fcm\u00fcne al\u0131nmas\u0131 suretiyle, g\u00fcn \u0131\u015f\u0131\u011f\u0131ndan daha fazla yararlan\u0131lmas\u0131, elektrik enerjisinin ayd\u0131nlatmada kullan\u0131lan b\u00f6l\u00fcm\u00fcnden tasarruf sa\u011flanmas\u0131 amac\u0131yla yap\u0131l\u0131yor.<\/p>\n<p style=\"text-align: justify;\">Bu <\/p>\n","protected":false},"author":1,"featured_media":0,"comment_status":"open","ping_status":"closed","sticky":false,"template":"","format":"standard","meta":{"footnotes":""},"categories":[7],"tags":[],"class_list":["post-16006","post","type-post","status-publish","format-standard","hentry","category-ekonomi","odd"],"_links":{"self":[{"href":"http:\/\/www.korhanyilmaz.com\/index.php?rest_route=\/wp\/v2\/posts\/16006","targetHints":{"allow":["GET"]}}],"collection":[{"href":"http:\/\/www.korhanyilmaz.com\/index.php?rest_route=\/wp\/v2\/posts"}],"about":[{"href":"http:\/\/www.korhanyilmaz.com\/index.php?rest_route=\/wp\/v2\/types\/post"}],"author":[{"embeddable":true,"href":"http:\/\/www.korhanyilmaz.com\/index.php?rest_route=\/wp\/v2\/users\/1"}],"replies":[{"embeddable":true,"href":"http:\/\/www.korhanyilmaz.com\/index.php?rest_route=%2Fwp%2Fv2%2Fcomments&post=16006"}],"version-history":[{"count":0,"href":"http:\/\/www.korhanyilmaz.com\/index.php?rest_route=\/wp\/v2\/posts\/16006\/revisions"}],"wp:attachment":[{"href":"http:\/\/www.korhanyilmaz.com\/index.php?rest_route=%2Fwp%2Fv2%2Fmedia&parent=16006"}],"wp:term":[{"taxonomy":"category","embeddable":true,"href":"http:\/\/www.korhanyilmaz.com\/index.php?rest_route=%2Fwp%2Fv2%2Fcategories&post=16006"},{"taxonomy":"post_tag","embeddable":true,"href":"http:\/\/www.korhanyilmaz.com\/index.php?rest_route=%2Fwp%2Fv2%2Ftags&post=16006"}],"curies":[{"name":"wp","href":"https:\/\/api.w.org\/{rel}","templated":true}]}}