{"id":16001,"date":"2009-10-23T12:24:40","date_gmt":"2009-10-23T09:24:40","guid":{"rendered":"http:\/\/www.korhanyilmaz.com\/?p=16001"},"modified":"2009-10-23T12:24:40","modified_gmt":"2009-10-23T09:24:40","slug":"ocalan-yol-haritasinin-3-maddesini-acikladi","status":"publish","type":"post","link":"http:\/\/www.korhanyilmaz.com\/?p=16001","title":{"rendered":"\u00d6calan &#039;Yol haritas\u0131&#039;n\u0131n 3 maddesini a\u00e7\u0131klad\u0131"},"content":{"rendered":"<p style=\"text-align: center;\"><a href=\"http:\/\/www.korhanyilmaz.com\/wp-content\/uploads\/2009\/10\/apo.Jpeg\"  class=\"lightview\"><img loading=\"lazy\" decoding=\"async\" class=\"aligncenter size-full wp-image-16002\" title=\"apo\" src=\"http:\/\/www.korhanyilmaz.com\/wp-content\/uploads\/2009\/10\/apo.Jpeg\" alt=\"apo\" width=\"321\" height=\"214\" \/><\/a><\/p>\n<p style=\"text-align: justify;\">\u00d6calan&#8217;\u0131n &#8220;yol haritas\u0131nda&#8221;, &#8220;Benim de \u00f6n\u00fcm\u00fcn a\u00e7\u0131lmas\u0131 gerekiyor&#8221; dedi. &#8220;Yol haritas\u0131nda&#8221; &#8220;K\u00fcrtlerin &#8220;\u015fiddeti devreden \u00e7\u0131karmas\u0131&#8221;, &#8220;kendi kendilerini y\u00f6netmeye imkan tan\u0131nmas\u0131&#8221; da yer al\u0131yor.<\/p>\n<p style=\"text-align: justify;\">PKK\u2019n\u0131n lideri Abdullah \u00d6calan, demokratik a\u00e7\u0131l\u0131m s\u00fcrecine ili\u015fkin \u00fc\u00e7 a\u015famal\u0131 yol haritas\u0131n\u0131 a\u00e7\u0131klad\u0131. \u00d6calan, bundan sonra T\u00fcrkiye\u2019ye gelmeleri i\u00e7in yeni grup \u00e7a\u011f\u0131rmayaca\u011f\u0131n\u0131 s\u00f6yledi.<\/p>\n<p style=\"text-align: justify;\">ANF\u2019nin haberine g\u00f6re, \u00d6calan \u0130mral\u0131\u2019da avukatlar\u0131yla yapt\u0131\u011f\u0131 g\u00f6r\u00fc\u015fmede, yol haritas\u0131n\u0131 \u00fc\u00e7 a\u015famal\u0131 olarak a\u00e7\u0131klad\u0131. \u00d6calan, yol haritas\u0131n\u0131 \u015f\u00f6yle anlatt\u0131:<!--more--><\/p>\n<p style=\"text-align: justify;\">&#8220;Birinci a\u015fama, devlet K\u00fcrtlerin t\u00fcm haklar\u0131n\u0131 g\u00fcvence alt\u0131na alacak. Bu konuda bize g\u00fcvence verecek, bizi ikna edecek. Biz de bir, b\u00f6l\u00fcc\u00fc olmad\u0131\u011f\u0131m\u0131z\u0131 devlete ispatlayaca\u011f\u0131z. Ayr\u0131l\u0131k\u00e7\u0131, b\u00f6l\u00fcc\u00fc olmad\u0131\u011f\u0131m\u0131z\u0131 beyan edece\u011fiz. \u0130ki, \u015fiddeti y\u00f6ntem olarak esas almad\u0131\u011f\u0131m\u0131z\u0131 ilan edece\u011fiz. \u015eiddet y\u00f6ntemini devreden \u00e7\u0131karaca\u011f\u0131z. Bu a\u015famada \u00e7at\u0131\u015fmas\u0131zl\u0131k ortam\u0131 olu\u015fturulur. \u00c7at\u0131\u015fma-\u015fiddet ya\u015fanmayacak. Devlet de demokratik \u00e7\u00f6z\u00fcm\u00fc kabul edecek, K\u00fcrtlerin sayd\u0131\u011f\u0131m be\u015f boyutunu dikkate alacak. K\u00fcrtlerin kendi kendini y\u00f6netmesine imk\u00e2n tan\u0131yacak. Ancak bunlar\u0131n olabilmesi i\u00e7in benim \u00f6n\u00fcm\u00fcn de a\u00e7\u0131lmas\u0131 laz\u0131m. B\u00fct\u00fcn bunlar\u0131 \u00e7ok uzun tart\u0131\u015fmak gerekiyor.<\/p>\n<p style=\"text-align: justify;\">Bu olursa ikinci a\u015fama olarak s\u0131n\u0131r d\u0131\u015f\u0131na \u00e7ekilme ger\u00e7ekle\u015fecek. \u00dc\u00e7\u00fcnc\u00fc a\u015fama olarak da devlet verdi\u011fi g\u00fcvenceyi hukuki mevzuata yans\u0131tacak, bunun anayasas\u0131n\u0131, kanunlar\u0131n\u0131, y\u00f6netmeliklerini yapacak. Mevcut mevzuatta de\u011fi\u015fiklik yapacak. Devlet bunu yapt\u0131\u011f\u0131 oranda da geri d\u00f6n\u00fc\u015fler olacak. Benim bu s\u00fcre\u00e7te kendimi ifade etmem laz\u0131m. Benim bu \u00e7\u00f6z\u00fcm\u00fc ger\u00e7ekle\u015ftirebilmem i\u00e7in devletin de bunu g\u00f6z \u00f6n\u00fcnde bulundurmas\u0131 laz\u0131m, devletin destek olaca\u011f\u0131n\u0131 belirtmesi laz\u0131m. Yol haritamda on tane ilke var. Ben yol haritamda demokratik \u00e7\u00f6z\u00fcm\u00fcn nas\u0131l olaca\u011f\u0131n\u0131 yeterince a\u00e7\u0131klad\u0131m.&#8221;<\/p>\n<p style=\"text-align: justify;\"><strong><em>BAYKAL\u2019IN TESP\u0130T\u0130 DO\u011eRUDUR-<\/em><\/strong><\/p>\n<p style=\"text-align: justify;\">\u00d6calan, AKP h\u00fck\u00fcmetinin kendi belirledi\u011fi yol haritas\u0131ndan yararland\u0131\u011f\u0131n\u0131 iddia etti. CHP Genel Ba\u015fkan\u0131 Deniz Baykal\u2019\u0131n &#8220;AKP \u0130mral\u0131\u2019n\u0131n yol haritas\u0131n\u0131 uyguluyor&#8221; saptamas\u0131n\u0131n do\u011fru oldu\u011funu s\u00f6yledi. \u00d6calan \u015f\u00f6yle dedi:<\/p>\n<p style=\"text-align: justify;\">&#8220;AKP benim yol haritamdan, ellerinde oldu\u011fu i\u00e7in yararlan\u0131yorlar. Deniz Baykal meseleyi biraz biliyor; \u2019AKP, \u0130mral\u0131\u2019n\u0131n yol haritas\u0131n\u0131 uyguluyor\u2019 diyor. Baykal\u2019\u0131n bu tespiti do\u011frudur. Ancak AKP, benim yol haritam\u0131 uygulayamaz. Fakat yol haritamdan yararlan\u0131yorlar. Davuto\u011flu d\u0131\u015far\u0131da, Erdo\u011fan i\u00e7eride bundan yararlan\u0131yorlar. Ben yol haritamda da Ortado\u011fu\u2019daki demokratik \u00e7\u00f6z\u00fcmleri belirtirken Dicle-F\u0131rat Havzas\u0131 Demokratik Konfederalizmini \u00f6nermi\u015ftim. Davuto\u011flu \u015fimdi bunun g\u00f6r\u00fc\u015fmelerini yap\u0131yor Irak ve Suriye\u2019yle. Do\u011frudur yol haritam\u0131 kullan\u0131yorlar. AKP\u2019nin \u015fimdi pa\u00e7alar\u0131 tutu\u015fmu\u015f. A\u011fr\u0131\u2019daki konu\u015fmalar\u0131ndan da bu anla\u015f\u0131l\u0131yor. KCK, \u00f6zg\u00fcrl\u00fck temelinde toplumun demokratik \u00f6rg\u00fctlenmesidir. Ne devlet ne de federalizm temelindeki bir \u00f6rg\u00fctlenmedir. Toplumun kendi kendini devlet d\u0131\u015f\u0131 bir \u015fekilde \u00f6rg\u00fctlemesidir. Toplumun kendi kendini demokratik y\u00f6netimidir. Demokratik \u00f6zerklik dedi\u011fimiz de odur. Kavramlar farkl\u0131 olabilir, \u00f6z\u00fc ayn\u0131d\u0131r.&#8221;<\/p>\n<p style=\"text-align: justify;\"><strong><em>A\u00c7ILIM AKP\u2019N\u0130N DE\u011e\u0130L DEVLET\u0130N PROJES\u0130D\u0130R-<\/em><\/strong><\/p>\n<p style=\"text-align: justify;\">\u00d6calan, demokratik a\u00e7\u0131l\u0131m s\u00fcrecinin AKP\u2019nin de\u011fil Devletin projesi oldu\u011funu s\u00f6yledi. \u00d6calan, &#8220;AKP, bu demokratik a\u00e7\u0131l\u0131mdan sonra her \u015feyi yapacak, t\u00fcm imk\u00e2nlar\u0131n\u0131 kullanacak. CHP ve MHP bu soruna kar\u015f\u0131 durarak ayakta kalmaya \u00e7al\u0131\u015f\u0131yor. AKP de bunu ba\u015fararak ancak ayakta kalabilece\u011fini biliyor. Bunun i\u00e7in elinden gelen t\u00fcm imk\u00e2nlar\u0131n\u0131 kullanacak. AKP tamamen se\u00e7im hesaplar\u0131yla hareket ediyor. AKP\u2019nin yapt\u0131\u011f\u0131 kesinlikle bir hiledir. Bu demokratik a\u00e7\u0131l\u0131m da AKP\u2019nin projesi de\u011fildir. Devletin bir projesidir. Hatta devletin de t\u00fcm kesiminin de\u011fildir. AKP, bundan sonra iyi \u00e7al\u0131\u015f\u0131l\u0131rsa b\u00f6lgede geriler, etkisi azal\u0131r&#8221; diye konu\u015ftu.<\/p>\n<p style=\"text-align: justify;\"><strong><em>BUNDAN SONRA GRUP \u00c7A\u011eIRMAYACA\u011eIM-<\/em><\/strong><\/p>\n<p style=\"text-align: justify;\">Kandil ve Mahmur\u2019dan gelen gruplar\u0131n &#8220;bar\u0131\u015f el\u00e7isi&#8221; oldu\u011funu iddia eden \u00d6calan, &#8220;Sadece bu gruplar\u0131n gelmesiyle bu sorun \u00e7\u00f6z\u00fclmez. Bunlar sadece bar\u0131\u015f el\u00e7ileri. Avrupa\u2019daki grup da gelecek. Ama bundan sonra gruplar\u0131n gelmesi i\u00e7in benim \u00e7a\u011fr\u0131m olmaz. Bu do\u011fru da olmaz. Ama Devlet gider PKK\u2019yle g\u00f6r\u00fc\u015f\u00fcr, anla\u015f\u0131r, PKK kendisi g\u00f6nderirse ona bir \u015fey diyemem. Bu onlar\u0131n verece\u011fi bir karar olur. Bu gruplara \u00e7a\u011fr\u0131 yapmamdaki ama\u00e7 \u015fuydu; s\u0131namayd\u0131. Hem t\u0131kanan siyasetin \u00f6n\u00fcn\u00fc a\u00e7mak hem de ba\u011fl\u0131l\u0131klar\u0131n\u0131 g\u00f6stermek i\u00e7in \u00e7a\u011fr\u0131da bulundum, onlar da dinlediler ve geldiler, ba\u011fl\u0131l\u0131klar\u0131n\u0131 g\u00f6sterdiler. 99\u2019da gelenler haz\u0131rl\u0131ks\u0131z geldiler. Onlara biraz haks\u0131zl\u0131k ettik. Bir belirsizlik vard\u0131. Biz o zaman devlet bu f\u0131rsat\u0131 de\u011ferlendirir diye tahmin ediyorduk. Devlet de onlar\u0131 cezaevine g\u00f6nderdi&#8221; diye konu\u015ftu.<\/p>\n<p style=\"text-align: justify;\"><strong><em>\u00d6CALAN: G\u00dcVENL\u0130\u011e\u0130M TEHL\u0130KEYE G\u0130RERSE \u015e\u0130DDETLE KINARIM <\/em><\/strong><\/p>\n<p style=\"text-align: justify;\">PKK\u2019n\u0131n lideri Abdullah \u00d6calan\u2019\u0131n, h\u00fck\u00fcml\u00fc bulundu\u011fu \u0130mral\u0131 Cezaevine yap\u0131lacak olan nakilleri de\u011ferlendirirken, &#8220;Benim g\u00fcvenli\u011fimi tehlikeye atarlarsa bunu \u015fiddetle k\u0131nar\u0131m&#8221; dedi\u011fi bildirildi.<\/p>\n<p style=\"text-align: justify;\">ANF\u2019nin haberine g\u00f6re, PKK\u2019n\u0131n lideri Abdullah \u00d6calan\u2019\u0131n avukatlar\u0131ndan \u00d6mer G\u00fcne\u015f, \u0130mral\u0131 Cezaevine yap\u0131lacak olan olan nakilleri de\u011ferlendirdi. G\u00fcne\u015f, m\u00fcvekkilleri \u00d6calan\u2019\u0131n g\u00fcvenli\u011fi konusunda &#8220;Benim g\u00fcvenli\u011fini tehlikeye atarlarsa bunu \u015fiddetle k\u0131nar\u0131m&#8221; dedi\u011fini aktard\u0131.<\/p>\n<p style=\"text-align: justify;\">G\u00fcne\u015f, &#8220;Biz g\u00fcvenli\u011fi ilgili hassasiyetimizi Adalet Bakanl\u0131\u011f\u0131na ilettik. Onlar da gayr\u0131resmi olarak \u2019\u00d6calan\u2019\u0131n g\u00fcvenli\u011fini tabi ki g\u00f6z \u00f6n\u00fcnde bulunduruyoruz\u2019 cevab\u0131n\u0131 verdi&#8221; dedi.<\/p>\n<p style=\"text-align: justify;\">G\u00fcne\u015f, gayri resmi bilgilere g\u00f6re m\u00fcvekkilleri \u00d6calan\u2019\u0131n on y\u0131ld\u0131r tek ba\u015f\u0131na tutuklu bulundu\u011fu \u0130mral\u0131 Adas\u0131\u2019na gitmek i\u00e7in 7\u2019si PKK\u2019l\u0131 3\u2019\u00fc di\u011fer siyasi tutuklulardan 10 ki\u015finin ba\u015fvuruda bulundu\u011funu s\u00f6yledi. G\u00fcne\u015f, ba\u015fvuru yapan 10 ki\u015finin siyasi bir fikir ve duru\u015fa sahip oldu\u011funu ve \u00d6calan\u2019\u0131n g\u00fcvenli\u011fini tehlikeye atacaklar\u0131n\u0131 d\u00fc\u015f\u00fcnmedi\u011fini de belirtti.<\/p>\n<p style=\"text-align: justify;\">\u0130mral\u0131 Cezaevi sisteminin A\u0130HM taraf\u0131ndan &#8220;d\u00fcnyada e\u015fi bulunmayan&#8221; bir ceza sistemi olarak de\u011ferlendirildi\u011fine dikkat \u00e7eken G\u00fcne\u015f, &#8220;Evrensel hukuka ayk\u0131r\u0131 bir uygulama. Adalet Bakanl\u0131\u011f\u0131\u2019n\u0131n bu konuya daha hassas yakla\u015fmas\u0131 ve bir an \u00f6nce halletmesi gerekiyor&#8221; diye konu\u015ftu.<span style=\"color: #888888;\">(ANKA)<\/span><\/p>\n<p style=\"text-align: justify;\"><span style=\"color: #888888;\">Haber Kayna\u011f\u0131 : Radikal<br \/>\n<\/span><\/p>\n","protected":false},"excerpt":{"rendered":"<p style=\"text-align: center;\">\n<p style=\"text-align: justify;\">\u00d6calan&#8217;\u0131n &#8220;yol haritas\u0131nda&#8221;, &#8220;Benim de \u00f6n\u00fcm\u00fcn a\u00e7\u0131lmas\u0131 gerekiyor&#8221; dedi. &#8220;Yol haritas\u0131nda&#8221; &#8220;K\u00fcrtlerin &#8220;\u015fiddeti devreden \u00e7\u0131karmas\u0131&#8221;, &#8220;kendi kendilerini y\u00f6netmeye imkan tan\u0131nmas\u0131&#8221; da yer al\u0131yor.<\/p>\n<p style=\"text-align: justify;\">PKK\u2019n\u0131n lideri Abdullah \u00d6calan, demokratik a\u00e7\u0131l\u0131m s\u00fcrecine ili\u015fkin \u00fc\u00e7 a\u015famal\u0131 yol haritas\u0131n\u0131 a\u00e7\u0131klad\u0131. \u00d6calan, bundan sonra T\u00fcrkiye\u2019ye gelmeleri i\u00e7in yeni grup \u00e7a\u011f\u0131rmayaca\u011f\u0131n\u0131 s\u00f6yledi.<\/p>\n<p style=\"text-align:  \n\n","protected":false},"author":1,"featured_media":0,"comment_status":"open","ping_status":"closed","sticky":false,"template":"","format":"standard","meta":{"footnotes":""},"categories":[105],"tags":[],"class_list":["post-16001","post","type-post","status-publish","format-standard","hentry","category-gundem","odd"],"_links":{"self":[{"href":"http:\/\/www.korhanyilmaz.com\/index.php?rest_route=\/wp\/v2\/posts\/16001","targetHints":{"allow":["GET"]}}],"collection":[{"href":"http:\/\/www.korhanyilmaz.com\/index.php?rest_route=\/wp\/v2\/posts"}],"about":[{"href":"http:\/\/www.korhanyilmaz.com\/index.php?rest_route=\/wp\/v2\/types\/post"}],"author":[{"embeddable":true,"href":"http:\/\/www.korhanyilmaz.com\/index.php?rest_route=\/wp\/v2\/users\/1"}],"replies":[{"embeddable":true,"href":"http:\/\/www.korhanyilmaz.com\/index.php?rest_route=%2Fwp%2Fv2%2Fcomments&post=16001"}],"version-history":[{"count":0,"href":"http:\/\/www.korhanyilmaz.com\/index.php?rest_route=\/wp\/v2\/posts\/16001\/revisions"}],"wp:attachment":[{"href":"http:\/\/www.korhanyilmaz.com\/index.php?rest_route=%2Fwp%2Fv2%2Fmedia&parent=16001"}],"wp:term":[{"taxonomy":"category","embeddable":true,"href":"http:\/\/www.korhanyilmaz.com\/index.php?rest_route=%2Fwp%2Fv2%2Fcategories&post=16001"},{"taxonomy":"post_tag","embeddable":true,"href":"http:\/\/www.korhanyilmaz.com\/index.php?rest_route=%2Fwp%2Fv2%2Ftags&post=16001"}],"curies":[{"name":"wp","href":"https:\/\/api.w.org\/{rel}","templated":true}]}}