{"id":15997,"date":"2009-10-23T00:01:29","date_gmt":"2009-10-22T21:01:29","guid":{"rendered":"http:\/\/www.korhanyilmaz.com\/?p=15997"},"modified":"2009-10-23T00:01:29","modified_gmt":"2009-10-22T21:01:29","slug":"duz-ova-coskusu","status":"publish","type":"post","link":"http:\/\/www.korhanyilmaz.com\/?p=15997","title":{"rendered":"D\u00fcz ova co\u015fkusu"},"content":{"rendered":"<p style=\"text-align: justify;\"><a href=\"http:\/\/www.korhanyilmaz.com\/wp-content\/uploads\/2009\/10\/d\u00fczova.jpg\"  class=\"lightview\"><img loading=\"lazy\" decoding=\"async\" class=\"aligncenter size-full wp-image-15998\" src=\"http:\/\/www.korhanyilmaz.com\/wp-content\/uploads\/2009\/10\/d\u00fczova.jpg\" alt=\"\" width=\"450\" height=\"225\" \/><\/a><\/p>\n<p style=\"text-align: justify;\"><strong><em>Sabaha kadar dans<\/em><\/strong><\/p>\n<p style=\"text-align: justify;\">Da\u011fdan inip DTP otob\u00fcs\u00fcne binen PKK\u2019l\u0131larla birlikte Diyarbak\u0131r\u2019a gelen b\u00f6l\u00fcc\u00fc ter\u00f6r \u00f6rg\u00fct\u00fc yanda\u015flar\u0131 zafer co\u015fkusuyla sabaha kadar e\u011flendi.<\/p>\n<p style=\"text-align: justify;\"><strong><em>Bizi \u00d6calan \u00e7a\u011f\u0131rd\u0131<\/em><\/strong><\/p>\n<p style=\"text-align: justify;\">Kand\u0130l\u2019den gelen grup ad\u0131na konu\u015fan ter\u00f6rist Mehmet \u015eerif Gen\u00e7ba\u011f, \u201cLiderimiz Abdullah \u00d6calan, bize bir \u00e7a\u011fr\u0131da bulundu. Biz de buna uyduk\u201d dedi. <!--more--><\/p>\n<p style=\"text-align: justify;\"><strong><em>Naklen yay\u0131n yapt\u0131lar<\/em><\/strong><\/p>\n<p style=\"text-align: justify;\">Konvoyun ge\u00e7i\u015fi s\u0131ras\u0131nda askerler k\u0131\u015flas\u0131na, polisler karakollar\u0131na \u00e7ekildi. Ter\u00f6r \u00f6rg\u00fct\u00fcn\u00fcn yay\u0131n organ\u0131 Roj Tv de kutlamalar\u0131 naklen yay\u0131nlad\u0131.<\/p>\n<p style=\"text-align: justify;\"><strong><em>Apo\u2019nun posterleri alanda<\/em><\/strong><\/p>\n<p style=\"text-align: justify;\">Diyarbak\u0131r\u2019da alan\u0131 dolduran b\u00f6l\u00fcc\u00fcler, \u0130mral\u0131 canisinin posterini a\u00e7t\u0131lar&#8230;<\/p>\n<p style=\"text-align: justify;\"><strong><em>DTP\u2019nin otob\u00fcs\u00fcyle zafer turu<\/em><\/strong><\/p>\n<p style=\"text-align: justify;\">Ter\u00d6r\u0130stler, kendileriyle i\u015fbirli\u011fi i\u00e7inde olan DTP otob\u00fcs\u00fcyle zafer turu att\u0131lar&#8230;<\/p>\n<p style=\"text-align: justify;\"><strong><em>Caney caney caney i\u015fte meydaney<\/em><\/strong><\/p>\n<p style=\"text-align: justify;\">Kutlamalara e\u015flik eden PKK\u2019l\u0131lar, yanda\u015flar\u0131yla birlikte \u201ccaney caney caney, i\u015fte meydaney..\u201d t\u00fcrk\u00fcs\u00fcyle halay \u00e7ekti&#8230;<\/p>\n<p style=\"text-align: justify;\"><strong><em>PKK zafer sarho\u015fu<\/em><\/strong><\/p>\n<p style=\"text-align: justify;\">Bebek katili Abdullah \u00d6calan\u2019\u0131n \u00e7a\u011fr\u0131s\u0131 \u00fczerine Kandil Da\u011f\u0131 ve Mahmur Kamp\u0131\u2019ndan gelen ter\u00f6ristler i\u00e7in yap\u0131lan kutlamalar d\u00fcn de devam etti.<\/p>\n<p style=\"text-align: justify;\">PKK\u2019l\u0131lar\u0131 ta\u015f\u0131yan DTP otob\u00fcs\u00fc, havai fi\u015feklerle kar\u015f\u0131lan\u0131rken da\u011fdan kala\u015fnikoflarla kutlama ama\u00e7l\u0131 ate\u015f a\u00e7\u0131ld\u0131, \u201cBa\u015fkan Apo\u201d sloganlar\u0131 at\u0131ld\u0131.<\/p>\n<p style=\"text-align: justify;\">Ter\u00f6r \u00f6rg\u00fct\u00fc PKK ile ABD ve AKP iktidar\u0131n\u0131n ortakla\u015fa y\u00fcr\u00fctt\u00fc\u011f\u00fc K\u00fcrt a\u00e7\u0131l\u0131m\u0131 sayesinde da\u011fdan inmelerine ra\u011fmen, yakalar\u0131na takt\u0131klar\u0131 PKK rozetleriyle yurda giri\u015f yapmaktan \u00e7ekinmeyen PKK\u2019l\u0131lar i\u00e7in ger\u00e7ekle\u015ftirilen kutlamalar d\u00fcn de s\u00fcrd\u00fc. \u015eenli\u011fe d\u00f6n\u00fc\u015ft\u00fcr\u00fclen kutlamalarda, PKK\u2019n\u0131n pa\u00e7avralar\u0131yla s\u00fcslenen konvoylarda b\u00f6l\u00fcc\u00fcba\u015f\u0131      Abdullah \u00d6calan\u2019\u0131n posterleri a\u00e7\u0131ld\u0131, gelenler i\u00e7in kurbanlar kesildi, davul zurnalar \u00e7al\u0131nd\u0131 ve \u201cK\u00fcrdistan sizinle gurur duyuyor\u201d sloganlar\u0131 at\u0131ld\u0131. Bebek katili \u00d6calan\u2019\u0131n talimat\u0131yla Kandil Da\u011f\u0131 ve Mahmur Kamp\u0131\u2019n\u0131 terk eden ter\u00f6ristler, \u201cLiderim \u00d6calan, ya\u015fa\u015f\u0131n PKK\u201d \u015feklinde ifade vermelerine ra\u011fmen,  serbest b\u0131rak\u0131l\u0131rken, b\u00f6l\u00fcc\u00fcler i\u00e7in d\u00fczenlenen kutlamalar, PKK\u2019n\u0131n g\u00f6vde g\u00f6sterisine d\u00f6n\u00fc\u015ft\u00fc.<\/p>\n<p style=\"text-align: justify;\"><strong><em>TER\u00d6R\u0130STLERE SEVG\u0130 SEL\u0130<\/em><\/strong><\/p>\n<p style=\"text-align: justify;\">Konvoyun Diyarbak\u0131r yolculu\u011fu yo\u011fun ilgi nedeniyle bir g\u00fcnden fazla s\u00fcrd\u00fc. Ge\u00e7ti\u011fimiz pazartesi g\u00fcn\u00fc \u015e\u0131rnak\u2019\u0131n Silopi il\u00e7esindeki Habur G\u00fcmr\u00fck Kap\u0131s\u0131\u2019ndan giri\u015f yapt\u0131ktan sonra serbest b\u0131rak\u0131lan 34 ki\u015filik PKK\u2019l\u0131 grup, sal\u0131 ak\u015fam\u0131 Diyarbak\u0131r\u2019a gitmek \u00fczere DTP otob\u00fcs\u00fcne bindi. Binlerce ki\u015finin  yol g\u00fczerg\u00e2h\u0131ndaki yerle\u015fim birimlerinde davul zurnayla kar\u015f\u0131lad\u0131\u011f\u0131 konvoy a\u015f\u0131r\u0131 izdiham nedeniyle g\u00fc\u00e7l\u00fckle ilerleyebildi. Yakla\u015f\u0131k bin ara\u00e7l\u0131k konvoy, 30 kilometrelik yolu ancak 4 saatte a\u015farak Cizre il\u00e7esine ula\u015ft\u0131. Konvoy E-24 karayolunun trafi\u011fe kapanmas\u0131na neden oldu. Grup yol g\u00fczerg\u00e2h\u0131ndan ge\u00e7ti\u011fi s\u0131rada askerlerin k\u0131\u015flas\u0131na, polislerin ise karakollar\u0131na \u00e7ekildi\u011fi g\u00f6zlendi. Yol g\u00fczerg\u00e2h\u0131nda hi\u00e7bir g\u00fcvenlik \u00f6nleminin al\u0131nmamas\u0131 dikkati \u00e7ekti. Cizre\u2019nin giri\u015findeki g\u00fcvenlik kontrol noktas\u0131n\u0131n da kald\u0131r\u0131ld\u0131\u011f\u0131 g\u00f6r\u00fcld\u00fc.<\/p>\n<p style=\"text-align: justify;\"><strong><em>KALA\u015eN\u0130KOFLAR H\u0130\u00c7 SUSMADI<\/em><\/strong><\/p>\n<p style=\"text-align: justify;\">Karayolu boyunca k\u00f6y ve mezralardan yollara \u00e7\u0131kan binlerce ki\u015fi kamyon lastiklerini s\u0131ral\u0131 halde \u00fcst \u00fcste y\u0131\u011farak b\u00fcy\u00fck ate\u015fler yakt\u0131, PKK ve \u00d6calan lehine sloganlar att\u0131. Baz\u0131 gruplar yolun ortas\u0131na \u2019Ya\u015fas\u0131n, Apo, PKK, HPG\u2019 (PKK\u2019n\u0131n silahl\u0131 kanad\u0131) yazd\u0131. Yolun kenar\u0131na ate\u015ften olu\u015fturulan harflerle \u2019Apo\u2019 yaz\u0131l\u0131rken, DTP otob\u00fcs\u00fcn\u00fcn ge\u00e7i\u015fi s\u0131ras\u0131nda da havai fi\u015fek g\u00f6sterisi yap\u0131ld\u0131. DTP otob\u00fcs\u00fc E-24 karayolundan ge\u00e7erken da\u011fl\u0131k kesimden Kala\u015fnikof t\u00fcfeklerle havaya ate\u015f a\u00e7\u0131ld\u0131. Geceyi Nusaybin\u2019de ge\u00e7iren kafile, Mardin\u2019in K\u0131z\u0131ltepe il\u00e7esi \u2019K\u00fcrdistan sizinle gurur duyuyor\u2019 sloganlar\u0131yla kar\u015f\u0131land\u0131. Sabah saatlerinden Mardin\u2019den yola \u00e7\u0131kan grup, izledikleri yol boyunca PKK yanda\u015flar\u0131n\u0131n sevgi g\u00f6sterisi nedeniyle ancak ak\u015fam saatlerinde Diyarbak\u0131r\u2019a ula\u015fabildi.<\/p>\n<p style=\"text-align: justify;\"><strong><em>ROJ TV NAKLEN YAYINLADI<\/em><\/strong><\/p>\n<p style=\"text-align: justify;\">Kar\u015f\u0131lama i\u00e7in 3 g\u00fcn \u00f6ncesinden haz\u0131rlanan Bat\u0131kent Meydan\u0131\u2019n\u0131 100 bine yak\u0131n Diyarbak\u0131rl\u0131 doldurdu. PKK\u2019l\u0131lar\u0131 co\u015fkuyla kar\u015f\u0131layan kalabal\u0131k, izdiham nedeniyle zaman zaman zor anlar ya\u015fad\u0131. Grubun geli\u015fi \u201cBar\u0131\u015f el\u00e7ileri Amed\u2019e (Diyarbak\u0131r) ho\u015f geldiniz\u201d anonsuyla ilan edildi. Bu s\u0131rada havai fi\u015fekler at\u0131ld\u0131. PKK\u2019l\u0131lar ise alana, \u00fczerinde \u00d6calan posteri as\u0131lm\u0131\u015f DTP otob\u00fcs\u00fc ile geldi. Kandil\u2019den gelenlerin  sivil k\u0131yafetli olmalar\u0131 dikkat \u00e7ekti. Alana dev bir \u00d6calan foto\u011fraf\u0131 as\u0131ld\u0131. Miting Roj TV\u2019den canl\u0131 yay\u0131nland\u0131. Kandil\u2019den gelen ter\u00f6rist PKK\u2019l\u0131 grup ad\u0131na konu\u015fan Mehmet \u015eerif Gen\u00e7ba\u011f,  K\u00fcrt\u00e7e \u015fiir okudu. \u201cLiderimiz Abdullah \u00d6calan, bize bir \u00e7a\u011fr\u0131da bulundu. Biz de bu \u00e7a\u011fr\u0131ya uyduk\u201d diyen Gen\u00e7ba\u011f, \u201cAmed\u2019in direni\u015f\u00e7ileri, Kandilden sizlere selam getirdik. Bizim de isteklerimiz var. \u00d6calan\u2019\u0131n yol haritas\u0131n\u0131n a\u00e7\u0131klanmas\u0131n\u0131 istiyoruz. K\u00fcrt sorununun \u00e7\u00f6z\u00fclmesi i\u00e7in operasyonlar\u0131n durdurulmas\u0131 laz\u0131m\u201d diye konu\u015ftu.<\/p>\n<p style=\"text-align: justify;\"><strong><em>K\u00dcRD\u0130STAN AYA\u011eA KALKAR<\/em><\/strong><\/p>\n<p style=\"text-align: justify;\">Mahmur Kamp\u0131\u2019ndan gelen ter\u00f6ristler ad\u0131na K\u00fcrt\u00e7e bir konu\u015fma yapan Nurettin Turgut da, \u201cKahraman Amedliler. Bizler sizleri selaml\u0131yoruz. Ba\u015fkanl\u0131\u011f\u0131m\u0131z ve rehberimiz Apo\u2019nun \u00e7a\u011fr\u0131s\u0131yla geldik. T\u00fcrk bas\u0131n\u0131 biraz kendini yoklas\u0131n art\u0131k. Bizler 221\u2019inci maddeden yararlanmak i\u00e7in gelmedik veya teslim olmaya gelmedik.Ya\u015fas\u0131n ba\u015fkan Apo\u201d dedi. Grupta yer alan PKK\u2019l\u0131 kad\u0131n ter\u00f6rist ise \u201cBir grup geldik, halk aya\u011fa kalkt\u0131. Da\u011fdakilerin hepsi gelirse t\u00fcm K\u00fcrdistan aya\u011fa kalkar\u201d diye konu\u015ftu. Toplanan y\u00fcz binlerce ki\u015fi s\u0131k s\u0131k \u201cBiji Serok Apo\u201d, \u201cBiji a\u015fiti\u201d, \u201cGerilla Gerilla\u201d sloganlar\u0131 att\u0131.<\/p>\n<p style=\"text-align: justify;\"><strong><em>16 PKK\u2019LI DAHA GEL\u0130YOR<\/em><\/strong><\/p>\n<p style=\"text-align: justify;\">\u00d6te yandan, ter\u00f6r \u00f6rg\u00fct\u00fc PKK\u2019n\u0131n Avrupa kanad\u0131ndan baz\u0131 isimlerin teslim olaca\u011f\u0131 ortaya \u00e7\u0131kt\u0131. Fransa, Bel\u00e7ika, Almanya ve \u0130sve\u00e7\u2019ten 16 PKK\u2019l\u0131 \u00e7ar\u015famba g\u00fcn\u00fc D\u00fcsseldorf kentinden havayoluyla \u0130stanbul\u2019a hareket edecek. PKK\u2019l\u0131lar\u0131n, T\u00fcrkiye\u2019ye hareket etmeden bir g\u00fcn \u00f6nce, Br\u00fcksel\u2019de bir bas\u0131n toplant\u0131s\u0131 d\u00fczenlenmesi \u00f6ng\u00f6r\u00fcl\u00fcyor. DTP \u0130stanbul Te\u015fkilat\u0131, grubu kar\u015f\u0131lamak i\u00e7in haz\u0131rl\u0131klara ba\u015flad\u0131. DTP, gelen grup serbest b\u0131rak\u0131lana kadar alanda \u00e7ad\u0131r kuracak.<\/p>\n<p style=\"text-align: justify;\"><strong><em>Yarg\u0131tay\u2019dan DTP\u2019ye soru\u015fturma<\/em><\/strong><\/p>\n<p style=\"text-align: justify;\">Mahmur ve Kandil\u2019den 34 ki\u015finin kar\u015f\u0131lama t\u00f6reninde at\u0131lan sloganlar ve \u00d6calan posterleri nedeniyle Yarg\u0131tay Ba\u015fsavc\u0131s\u0131 Abdurrahman Yal\u00e7\u0131nkaya, DTP hakk\u0131nda soru\u015fturma ba\u015flatt\u0131. Yarg\u0131tay daha \u00f6nce partinin kapat\u0131lmas\u0131 i\u00e7in a\u00e7t\u0131\u011f\u0131 davaya ek olarak sal\u0131 g\u00fcn\u00fcnden beri ya\u015fananlar\u0131, Anayasa\u2019n\u0131n 68 ve 69. maddeleri ve Siyasi Partiler Yasas\u0131\u2019ndaki belirtilen s\u0131n\u0131rlar \u00e7er\u00e7evesinde de\u011ferlendirecek. E\u011fer Anayasa ve yasalara ayk\u0131r\u0131 bir durum tespit edilirse kapatma davas\u0131na bir dosya daha eklenecek. \u00d6te yandan Diyarbak\u0131r, Silopi, Cizre ve Nusaybin cumhuriyet ba\u015fsavc\u0131l\u0131klar\u0131, kar\u015f\u0131lanmalarla ilgili inceleme ba\u015flatt\u0131. Su\u00e7 unsuru tespit edilmesi halinde dava a\u00e7\u0131lacak.<\/p>\n<p style=\"text-align: justify;\"><strong><em>Ter\u00f6rist anneleri z\u0131lg\u0131tlarla kar\u015f\u0131lad\u0131<\/em><\/strong><\/p>\n<p style=\"text-align: justify;\">B\u00f6l\u00fcc\u00fc \u00f6rg\u00fct yanda\u015flar\u0131, PKK\u2019l\u0131lar\u0131n yurda d\u00f6n\u00fc\u015f\u00fcn\u00fc zafer i\u015faretleriyle kutlad\u0131. Ter\u00f6rist anneleri de, PKK konvoyunu z\u0131lg\u0131tlarla kar\u015f\u0131lad\u0131. T\u00fcrkiye\u2019ye do\u011fru l\u00fcks ciplerle yola \u00e7\u0131kan PKK\u2019l\u0131 ter\u00f6ristleri konvoy e\u015fli\u011finde u\u011furlayanlar, b\u00f6l\u00fcc\u00fcba\u015f\u0131 \u00d6calan\u2019\u0131n posterleri a\u00e7m\u0131\u015ft\u0131.<\/p>\n<p style=\"text-align: justify;\">PKK\u2019l\u0131 ter\u00f6ristler, yola PKK rozetleri ve bayraklar\u0131 ile \u00e7\u0131km\u0131\u015ft\u0131. Habur s\u0131n\u0131r\u0131n\u0131 ge\u00e7tikten sonra sadece rozetlerini atan grubun, halk\u0131n kar\u015f\u0131s\u0131na \u00f6rg\u00fct \u00fcniformalar\u0131yla \u00e7\u0131kmas\u0131 dikkat \u00e7ekti.<\/p>\n<p style=\"text-align: justify;\">Ter\u00f6ristler, Kandil Da\u011f\u0131\u2019n\u0131 zafer kazanm\u0131\u015f komutan edas\u0131yla terk etmi\u015flerdi.<\/p>\n<p style=\"text-align: justify;\">D\u00f6n\u00fc\u015f yapan PKK\u2019l\u0131lar, b\u00f6l\u00fcc\u00fc yanda\u015flar\u0131na bayram sevinci ya\u015fatt\u0131. Diyarbak\u0131r\u2019a \u00fczerinde \u00d6calan posteri as\u0131lm\u0131\u015f DTP otob\u00fcs\u00fcyle giren ter\u00f6ristler, karanfillerle kar\u015f\u0131land\u0131.<\/p>\n<p style=\"text-align: justify;\">PKK\u2019l\u0131lar i\u00e7in havai fi\u015fekler at\u0131ld\u0131, yollara ate\u015ften olu\u015fturulan harflerle \u2018Apo\u2019 yaz\u0131ld\u0131.<\/p>\n<p style=\"text-align: justify;\"><span style=\"color: #888888;\">Haber Kayna\u011f\u0131 : \u00d6nsel \u00dcnal &#8211; <a href=\"http:\/\/www.yenicaggazetesi.com.tr\/haberdetay.php?hit=25086\" target=\"_blank\">yenicaggazetesi.com.tr<\/a><\/span><\/p>\n","protected":false},"excerpt":{"rendered":"<p style=\"text-align: justify;\">\n<p style=\"text-align: justify;\">Sabaha kadar dans<\/p>\n<p style=\"text-align: justify;\">Da\u011fdan inip DTP otob\u00fcs\u00fcne binen PKK\u2019l\u0131larla birlikte Diyarbak\u0131r\u2019a gelen b\u00f6l\u00fcc\u00fc ter\u00f6r \u00f6rg\u00fct\u00fc yanda\u015flar\u0131 zafer co\u015fkusuyla sabaha kadar e\u011flendi.<\/p>\n<p style=\"text-align: justify;\">Bizi \u00d6calan \u00e7a\u011f\u0131rd\u0131<\/p>\n<p style=\"text-align: justify;\">Kand\u0130l\u2019den gelen grup ad\u0131na konu\u015fan ter\u00f6rist Mehmet \u015eerif Gen\u00e7ba\u011f, \u201cLiderimiz Abdullah \u00d6calan, bize bir \u00e7a\u011fr\u0131da bulundu. Biz de buna uyduk\u201d <\/p>\n","protected":false},"author":1,"featured_media":0,"comment_status":"open","ping_status":"closed","sticky":false,"template":"","format":"standard","meta":{"footnotes":""},"categories":[105],"tags":[],"class_list":["post-15997","post","type-post","status-publish","format-standard","hentry","category-gundem","odd"],"_links":{"self":[{"href":"http:\/\/www.korhanyilmaz.com\/index.php?rest_route=\/wp\/v2\/posts\/15997","targetHints":{"allow":["GET"]}}],"collection":[{"href":"http:\/\/www.korhanyilmaz.com\/index.php?rest_route=\/wp\/v2\/posts"}],"about":[{"href":"http:\/\/www.korhanyilmaz.com\/index.php?rest_route=\/wp\/v2\/types\/post"}],"author":[{"embeddable":true,"href":"http:\/\/www.korhanyilmaz.com\/index.php?rest_route=\/wp\/v2\/users\/1"}],"replies":[{"embeddable":true,"href":"http:\/\/www.korhanyilmaz.com\/index.php?rest_route=%2Fwp%2Fv2%2Fcomments&post=15997"}],"version-history":[{"count":0,"href":"http:\/\/www.korhanyilmaz.com\/index.php?rest_route=\/wp\/v2\/posts\/15997\/revisions"}],"wp:attachment":[{"href":"http:\/\/www.korhanyilmaz.com\/index.php?rest_route=%2Fwp%2Fv2%2Fmedia&parent=15997"}],"wp:term":[{"taxonomy":"category","embeddable":true,"href":"http:\/\/www.korhanyilmaz.com\/index.php?rest_route=%2Fwp%2Fv2%2Fcategories&post=15997"},{"taxonomy":"post_tag","embeddable":true,"href":"http:\/\/www.korhanyilmaz.com\/index.php?rest_route=%2Fwp%2Fv2%2Ftags&post=15997"}],"curies":[{"name":"wp","href":"https:\/\/api.w.org\/{rel}","templated":true}]}}