{"id":15993,"date":"2009-10-23T00:05:05","date_gmt":"2009-10-22T21:05:05","guid":{"rendered":"http:\/\/www.korhanyilmaz.com\/?p=15993"},"modified":"2009-10-23T00:05:05","modified_gmt":"2009-10-22T21:05:05","slug":"madalyalar-cankaya%e2%80%99ya","status":"publish","type":"post","link":"http:\/\/www.korhanyilmaz.com\/?p=15993","title":{"rendered":"Madalyalar \u00c7ankaya\u2019ya"},"content":{"rendered":"<p style=\"text-align: justify;\"><a href=\"http:\/\/www.korhanyilmaz.com\/wp-content\/uploads\/2009\/10\/madalya.jpg\"  class=\"lightview\"><img loading=\"lazy\" decoding=\"async\" class=\"aligncenter size-full wp-image-15994\" src=\"http:\/\/www.korhanyilmaz.com\/wp-content\/uploads\/2009\/10\/madalya.jpg\" alt=\"\" width=\"450\" height=\"225\" \/><\/a><\/p>\n<p style=\"text-align: justify;\">PKK\u2019l\u0131 ter\u00f6ristlerin elini kolunu sallayarak geldikleri T\u00fcrkiye\u2019de davul zurnayla kar\u015f\u0131lanmas\u0131, \u015fehit yak\u0131nlar\u0131yla gazileri isyan ettirdi. G\u00fcneydo\u011fu Gazisi Mete Kurt, kendisine cumhurba\u015fkanl\u0131\u011f\u0131 taraf\u0131ndan verilen Devlet \u00d6v\u00fcn\u00e7 Madalyas\u0131\u2019n\u0131 \u00c7ankaya\u2019ya iade edece\u011fini s\u00f6yledi.<\/p>\n<p style=\"text-align: justify;\"><strong><em>Al\u0131n ba\u015f\u0131n\u0131za \u00e7al\u0131n!<\/em><\/strong><\/p>\n<p style=\"text-align: justify;\">Gaz\u0130 Kurt \u00f6fkesini, \u201cBize kur\u015fun s\u0131kanlar serbest b\u0131rak\u0131l\u0131yor, kahraman muamelesi g\u00f6r\u00fcyorsa, bu madalyay\u0131 bana ni\u00e7in verdiler? Cevap bekliyorum\u201d s\u00f6zleriyle dile getirdi. \u015eehit annesi Ay\u015fe \u00c7elik de feryadlar\u0131n\u0131 duyurmayan bas\u0131na tepki g\u00f6stererek, \u201cAc\u0131m\u0131z niye gizleniyor?\u201d diye sordu. <!--more--><\/p>\n<p style=\"text-align: justify;\"><strong><em>Madalyalar \u00c7ankaya\u2019ya&#8230;<\/em><\/strong><\/p>\n<p style=\"text-align: justify;\">Da\u011fdan inen ter\u00f6ristlerin serbest b\u0131rak\u0131lmas\u0131na gaziler isyan etti: Madalyalar\u0131m\u0131z\u0131 Cumhurba\u015fkan\u0131\u2019na iade edece\u011fiz.<\/p>\n<p style=\"text-align: justify;\">G\u00fcneydo\u011fu Gazisi Mete Kurt, kendisine cumhurba\u015fkanl\u0131\u011f\u0131 taraf\u0131ndan verilen Devlet \u00f6v\u00fcn\u00e7 madalyas\u0131\u2019n\u0131 \u00c7ankaya\u2019ya iade edece\u011fini s\u00f6yledi. Kendisine verilen madalyay\u0131 Kayseri Valisine iade etmek isteyen Kurt, validen cevap gelmemesi durumunda \u00c7ankaya K\u00f6\u015fk\u00fc\u2019ne \u00e7\u0131kaca\u011f\u0131n\u0131 belirtti. Kurt, da\u011fdan inen PKK\u2019l\u0131lara g\u00f6sterilen muamelenin ve bu s\u00fcre\u00e7te ya\u015fananlar\u0131n barda\u011f\u0131 ta\u015f\u0131ran son damla oldu\u011funu ifade ederek \u015f\u00f6yle dedi: \u201cBen bu madalyay\u0131 vermeye kararl\u0131yd\u0131m. PKK\u2019l\u0131lar\u0131n serbest b\u0131rak\u0131lmas\u0131 barda\u011f\u0131 ta\u015f\u0131ran son damla oldu ve madalyam\u0131 iade edece\u011fim.\u201d<\/p>\n<p style=\"text-align: justify;\"><strong><em>Bana ni\u00e7in verdiler?<\/em><\/strong><\/p>\n<p style=\"text-align: justify;\">1998 y\u0131l\u0131nda vatani g\u00f6revini yaparken ter\u00f6r \u00f6rg\u00fct\u00fcn\u00fcn d\u00f6\u015fedi\u011fi may\u0131na basarak her iki aya\u011f\u0131n\u0131 kaybeden Kurt, konu\u015fmas\u0131n\u0131 \u015f\u00f6yle s\u00fcrd\u00fcrd\u00fc:  \u201c\u00d6zellikle son g\u00fcnlerde \u2019a\u00e7\u0131l\u0131m\u2019ad\u0131 alt\u0131nda \u0130mral\u0131\u2019daki caninin yol haritas\u0131n\u0131 uygulayarak bizlere kur\u015fun s\u0131kanlar\u0131n elini kolunu sallaya sallaya u\u011fruna can\u0131m\u0131z\u0131 verdi\u011fimiz topraklarda gezmesine izin verilmesi, bana verilen madalyay\u0131 geri verme zorunlulu\u011funu do\u011furdu. Bize kur\u015fun s\u0131kanlar serbest b\u0131rak\u0131l\u0131yor, kahraman muamelesi g\u00f6r\u00fcyorsa bu madalyay\u0131 bana ni\u00e7in verdiler? Vali beyden cevap bekliyoruz. Vali bey aramazsa ikinci adres olarak \u00c7ankaya\u2019ya g\u00f6t\u00fcrece\u011fim.\u201d Kandil da\u011f\u0131ndan inen 34 PKK\u2019l\u0131n\u0131n serbest b\u0131rak\u0131lmas\u0131na tepki g\u00f6steren \u015eehit Aileleri Federasyonu Ba\u015fkan\u0131 Hamit K\u00f6se ise Ba\u015fbakan Tayyip Erdo\u011fan\u2019a seslenerek, \u201c\u015eehitlerin hakk\u0131n\u0131 hukukunu, \u00e7ocuklar\u0131m\u0131z\u0131n katillerini affederek mi koruyacaks\u0131n\u0131z? Biz madalyalar\u0131m\u0131z\u0131 iade edelim, ter\u00f6ristlere taks\u0131nlar\u201d dedi.<\/p>\n<p style=\"text-align: justify;\"><strong><em>Kalemimiz k\u0131r\u0131ld\u0131<\/em><\/strong><\/p>\n<p style=\"text-align: justify;\">Tunceli\u2019de 11 y\u0131l \u00f6nce gazi olan Ahmet Do\u011fan da madalyas\u0131n\u0131 Cumhurba\u015fkanl\u0131\u011f\u0131\u2019na iade edece\u011fini belirterek PKK\u2019l\u0131lar\u0131n zafer kazanm\u0131\u015f gibi kar\u015f\u0131lanmas\u0131na tepki g\u00f6sterdi. Hakkari\u2019de ter\u00f6ristlerle girdi\u011fi \u00e7at\u0131\u015fma s\u0131ras\u0131nda may\u0131n patlamas\u0131 sonucu gazi olan Muhammet \u00c7etin ise \u201c1999 y\u0131l\u0131nda ter\u00f6rist ba\u015f\u0131 Abdullah \u00d6calan\u2019\u0131n kalemini k\u0131ramayanlar gazilerin kalemini k\u0131rd\u0131\u201d diyerek elindeki kalemi k\u0131rd\u0131. \u00c7etin de arkada\u015flar\u0131 gibi madalyas\u0131n\u0131 geri verece\u011fini ifade etti.<\/p>\n<p style=\"text-align: justify;\"><strong><em>Osmaniye\u2019de protesto<\/em><\/strong><\/p>\n<p style=\"text-align: justify;\">\u00d6te yandan Osmaniye\u2019de T\u00fcrkiye Harp Malul\u00fc Gaziler \u015eehit Dul ve Yetimleri Derne\u011fi, teslim olan ve ard\u0131ndan serbest b\u0131rak\u0131lan PKK\u2019l\u0131lara kar\u015f\u0131 g\u00f6sterilen uygulamay\u0131 protesto etti. Ellerinde T\u00fcrk bayraklar\u0131 ve \u015fehit foto\u011fraflar\u0131 ve \u201c\u0130mral\u0131\u2019da yatan \u00e7akala kim \u2019say\u0131n\u2019diyorsa, vatan hainidir\u201d pankart\u0131 ta\u015f\u0131yan grup, bebek katili Abdullah \u00d6calan\u2019\u0131n posterlerini yakt\u0131.<\/p>\n<p style=\"text-align: justify;\">Mete Kurt, 2001 y\u0131l\u0131nda ald\u0131\u011f\u0131 madalyan\u0131n geri al\u0131nmas\u0131 i\u00e7in Kayseri Valili\u011fi\u2019ne dilek\u00e7e verdi. Kurt, valilikten bir cevap alamamas\u0131 durumunda \u00c7ankaya K\u00f6\u015fk\u00fc\u2019ne \u00e7\u0131kacak<\/p>\n<p style=\"text-align: justify;\"><strong><em>Madalyas\u0131n\u0131 k\u0131rd\u0131<\/em><\/strong><\/p>\n<p style=\"text-align: justify;\">Adanal\u0131 gazi Selahattin Ya\u011f\u0131ml\u0131, 34 PKK\u2019l\u0131n\u0131n serbest b\u0131rak\u0131lmas\u0131n\u0131n ard\u0131ndan \u015fova d\u00f6n\u00fc\u015fen kutlamalara tepki g\u00f6stererek, devlet \u00f6v\u00fcn\u00e7 madalyas\u0131n\u0131 k\u0131rd\u0131. Ya\u011f\u0131ml\u0131, T\u00fcrkiye Harp Malul\u00fc Gaziler \u015eehit Dul ve Yetimleri Derne\u011fi taraf\u0131ndan d\u00fczenlenen bas\u0131n toplant\u0131s\u0131nda as\u0131l madalyan\u0131n may\u0131n patlamas\u0131 sonras\u0131 kaybetti\u011fi baca\u011f\u0131 oldu\u011funu vurgulayarak, madalyas\u0131n\u0131 yere att\u0131. G\u00f6zya\u015flar\u0131 i\u00e7inde kalan Ya\u011f\u0131ml\u0131, \u201cMadalya bizim i\u00e7in budur\u201d diyerek protez baca\u011f\u0131n\u0131 havaya kald\u0131rd\u0131. Dernek Ba\u015fkan\u0131 Ersin G\u00fclu\u00e7ar ise k\u0131r\u0131lan madalyay\u0131 yerden kald\u0131rarak gaziyi sakinle\u015ftirmeye \u00e7al\u0131\u015ft\u0131.<\/p>\n<p style=\"text-align: justify;\">\u015eehit ailelerinin \u00f6nceki g\u00fcnk\u00fc bas\u0131n toplant\u0131s\u0131nda Ay\u015fe \u00c7elik, sinir krizi ge\u00e7irmi\u015fti.<\/p>\n<p style=\"text-align: justify;\"><strong><em>Suskun bas\u0131na \u015fehit anas\u0131 tepkisi<\/em><\/strong><\/p>\n<p style=\"text-align: justify;\">\u015eehit Aileleri, bas\u0131nda tepkilerinin yans\u0131t\u0131lmamas\u0131na \u00f6fkelendi. \u015eehit Aileleri Federasyonu\u2019nun bas\u0131n toplat\u0131s\u0131n\u0131 30\u2019dan fazla kamera ve gazetecinin izlemesine ra\u011fmen habere gazete ve televizyonlarda yeterince yer verilmemesine isyan eden \u015fehit annesi Ay\u015fe \u00c7elik; \u201cNeden korkuyorlar, neden gizliyorlar?.. Bizim sesimizin k\u0131s\u0131l\u0131p ve feryad\u0131m\u0131z\u0131n duyurulmamas\u0131 ile ne ama\u00e7lan\u0131yor? Bug\u00fcn kalemini satanlar, yar\u0131n her\u015feyini satar\u201d diye konu\u015ftu. Ay\u015fe \u00c7elik, yay\u0131nlar\u0131yla \u015fehit ailelerinin hislerine terc\u00fcman oldu\u011fu i\u00e7in Yeni\u00e7a\u011f\u2019a te\u015fekk\u00fcr etti.<\/p>\n<p style=\"text-align: justify;\"><span style=\"color: #888888;\">Haber Kayna\u011f\u0131 : S\u00fcmeyra Y\u0131lmaz &#8211; <a href=\"http:\/\/www.yenicaggazetesi.com.tr\/haberdetay.php?hit=25090\" target=\"_blank\">yenicaggazetesi.com.tr<\/a><\/span><\/p>\n","protected":false},"excerpt":{"rendered":"<p style=\"text-align: justify;\">\n<p style=\"text-align: justify;\">PKK\u2019l\u0131 ter\u00f6ristlerin elini kolunu sallayarak geldikleri T\u00fcrkiye\u2019de davul zurnayla kar\u015f\u0131lanmas\u0131, \u015fehit yak\u0131nlar\u0131yla gazileri isyan ettirdi. G\u00fcneydo\u011fu Gazisi Mete Kurt, kendisine cumhurba\u015fkanl\u0131\u011f\u0131 taraf\u0131ndan verilen Devlet \u00d6v\u00fcn\u00e7 Madalyas\u0131\u2019n\u0131 \u00c7ankaya\u2019ya iade edece\u011fini s\u00f6yledi.<\/p>\n<p style=\"text-align: justify;\">Al\u0131n ba\u015f\u0131n\u0131za \u00e7al\u0131n!<\/p>\n<p style=\"text-align: justify;\">Gaz\u0130 Kurt \u00f6fkesini, \u201cBize kur\u015fun s\u0131kanlar serbest b\u0131rak\u0131l\u0131yor, kahraman muamelesi g\u00f6r\u00fcyorsa, bu madalyay\u0131 <\/p>\n","protected":false},"author":1,"featured_media":0,"comment_status":"open","ping_status":"closed","sticky":false,"template":"","format":"standard","meta":{"footnotes":""},"categories":[105],"tags":[],"class_list":["post-15993","post","type-post","status-publish","format-standard","hentry","category-gundem","odd"],"_links":{"self":[{"href":"http:\/\/www.korhanyilmaz.com\/index.php?rest_route=\/wp\/v2\/posts\/15993","targetHints":{"allow":["GET"]}}],"collection":[{"href":"http:\/\/www.korhanyilmaz.com\/index.php?rest_route=\/wp\/v2\/posts"}],"about":[{"href":"http:\/\/www.korhanyilmaz.com\/index.php?rest_route=\/wp\/v2\/types\/post"}],"author":[{"embeddable":true,"href":"http:\/\/www.korhanyilmaz.com\/index.php?rest_route=\/wp\/v2\/users\/1"}],"replies":[{"embeddable":true,"href":"http:\/\/www.korhanyilmaz.com\/index.php?rest_route=%2Fwp%2Fv2%2Fcomments&post=15993"}],"version-history":[{"count":0,"href":"http:\/\/www.korhanyilmaz.com\/index.php?rest_route=\/wp\/v2\/posts\/15993\/revisions"}],"wp:attachment":[{"href":"http:\/\/www.korhanyilmaz.com\/index.php?rest_route=%2Fwp%2Fv2%2Fmedia&parent=15993"}],"wp:term":[{"taxonomy":"category","embeddable":true,"href":"http:\/\/www.korhanyilmaz.com\/index.php?rest_route=%2Fwp%2Fv2%2Fcategories&post=15993"},{"taxonomy":"post_tag","embeddable":true,"href":"http:\/\/www.korhanyilmaz.com\/index.php?rest_route=%2Fwp%2Fv2%2Ftags&post=15993"}],"curies":[{"name":"wp","href":"https:\/\/api.w.org\/{rel}","templated":true}]}}