{"id":15989,"date":"2009-10-22T21:00:17","date_gmt":"2009-10-22T18:00:17","guid":{"rendered":"http:\/\/www.korhanyilmaz.com\/?p=15989"},"modified":"2009-10-22T21:00:17","modified_gmt":"2009-10-22T18:00:17","slug":"daveti-kabul-eden-baykal-iraka-gidiyor","status":"publish","type":"post","link":"http:\/\/www.korhanyilmaz.com\/?p=15989","title":{"rendered":"Daveti kabul eden Baykal Irak&#039;a gidiyor"},"content":{"rendered":"<p><a href=\"http:\/\/www.korhanyilmaz.com\/wp-content\/uploads\/2009\/10\/baykal31.jpg\"  class=\"lightview\"><img loading=\"lazy\" decoding=\"async\" class=\"aligncenter size-full wp-image-15990\" src=\"http:\/\/www.korhanyilmaz.com\/wp-content\/uploads\/2009\/10\/baykal31.jpg\" alt=\"\" width=\"292\" height=\"196\" \/><\/a><\/p>\n<p style=\"text-align: justify;\">CHP Genel Ba\u015fkan\u0131 Deniz Baykal, 8-9 Kas\u0131m 2009 tarihlerinde Irak&#8217;a gidecek.<\/p>\n<p style=\"text-align: justify;\">Irak Cumhurba\u015fkan\u0131 Celal Talabani, Haziran ay\u0131nda CHP Genel Ba\u015fkan\u0131 Baykal&#8217;\u0131 mektup g\u00f6ndererek Irak&#8217;a davet etmi\u015fti.<\/p>\n<p style=\"text-align: justify;\">Baykal&#8217;\u0131n 2 g\u00fcnl\u00fck ziyareti s\u0131ras\u0131nda, Talabani&#8217;nin yan\u0131 s\u0131ra Cumhurba\u015fkan\u0131 Yard\u0131mc\u0131s\u0131 Ha\u015fimi, Ba\u015fbakan Maliki, Meclis Ba\u015fkan\u0131 ve T\u00fcrkmen gruplar\u0131n temsilcileri ile g\u00f6r\u00fc\u015fmesi bekleniyor. <!--more--><\/p>\n<p style=\"text-align: justify;\">CHP lideri Irak Devlet Ba\u015fkanl\u0131\u011f\u0131 saray\u0131nda kalacak.<\/p>\n<p style=\"text-align: justify;\">Kuzey Irak b\u00f6lgesel K\u00fcrt y\u00f6netimi ba\u015fkan\u0131 Mesud Barzani de Baykal&#8217;la g\u00f6r\u00fc\u015fmek istemi\u015fti ancak bu g\u00f6r\u00fc\u015fmenin ger\u00e7ekle\u015fip ger\u00e7ekle\u015fmeyece\u011fi netle\u015fmedi. G\u00f6r\u00fc\u015fme ger\u00e7ekle\u015firse Ba\u011fdat&#8217;ta olacak.<\/p>\n<p style=\"text-align: justify;\">Deniz Baykal daha \u00f6nce yapt\u0131\u011f\u0131 a\u00e7\u0131klamada Talabani ile T\u00fcrkiye&#8217;nin i\u00e7i\u015flerini konu\u015fmayaca\u011f\u0131n\u0131 s\u00f6ylemi\u015fti. Ancak son geli\u015fmelerin ard\u0131ndan demokratik a\u00e7\u0131l\u0131ma ili\u015fkin geli\u015fmelerin de g\u00fcndeme gelebilece\u011fi belirtiliyor.<\/p>\n<p style=\"text-align: justify;\"><span style=\"color: #888888;\">CNN T\u00dcRK<\/span><\/p>\n","protected":false},"excerpt":{"rendered":"<\/p>\n<p style=\"text-align: justify;\">CHP Genel Ba\u015fkan\u0131 Deniz Baykal, 8-9 Kas\u0131m 2009 tarihlerinde Irak&#8217;a gidecek.<\/p>\n<p style=\"text-align: justify;\">Irak Cumhurba\u015fkan\u0131 Celal Talabani, Haziran ay\u0131nda CHP Genel Ba\u015fkan\u0131 Baykal&#8217;\u0131 mektup g\u00f6ndererek Irak&#8217;a davet etmi\u015fti.<\/p>\n<p style=\"text-align: justify;\">Baykal&#8217;\u0131n 2 g\u00fcnl\u00fck ziyareti s\u0131ras\u0131nda, Talabani&#8217;nin yan\u0131 s\u0131ra Cumhurba\u015fkan\u0131 Yard\u0131mc\u0131s\u0131 Ha\u015fimi, Ba\u015fbakan Maliki, Meclis Ba\u015fkan\u0131 ve T\u00fcrkmen gruplar\u0131n temsilcileri ile g\u00f6r\u00fc\u015fmesi bekleniyor. <\/p>\n","protected":false},"author":1,"featured_media":0,"comment_status":"open","ping_status":"closed","sticky":false,"template":"","format":"standard","meta":{"footnotes":""},"categories":[105],"tags":[],"class_list":["post-15989","post","type-post","status-publish","format-standard","hentry","category-gundem","odd"],"_links":{"self":[{"href":"http:\/\/www.korhanyilmaz.com\/index.php?rest_route=\/wp\/v2\/posts\/15989","targetHints":{"allow":["GET"]}}],"collection":[{"href":"http:\/\/www.korhanyilmaz.com\/index.php?rest_route=\/wp\/v2\/posts"}],"about":[{"href":"http:\/\/www.korhanyilmaz.com\/index.php?rest_route=\/wp\/v2\/types\/post"}],"author":[{"embeddable":true,"href":"http:\/\/www.korhanyilmaz.com\/index.php?rest_route=\/wp\/v2\/users\/1"}],"replies":[{"embeddable":true,"href":"http:\/\/www.korhanyilmaz.com\/index.php?rest_route=%2Fwp%2Fv2%2Fcomments&post=15989"}],"version-history":[{"count":0,"href":"http:\/\/www.korhanyilmaz.com\/index.php?rest_route=\/wp\/v2\/posts\/15989\/revisions"}],"wp:attachment":[{"href":"http:\/\/www.korhanyilmaz.com\/index.php?rest_route=%2Fwp%2Fv2%2Fmedia&parent=15989"}],"wp:term":[{"taxonomy":"category","embeddable":true,"href":"http:\/\/www.korhanyilmaz.com\/index.php?rest_route=%2Fwp%2Fv2%2Fcategories&post=15989"},{"taxonomy":"post_tag","embeddable":true,"href":"http:\/\/www.korhanyilmaz.com\/index.php?rest_route=%2Fwp%2Fv2%2Ftags&post=15989"}],"curies":[{"name":"wp","href":"https:\/\/api.w.org\/{rel}","templated":true}]}}