{"id":15985,"date":"2009-10-23T07:30:28","date_gmt":"2009-10-23T04:30:28","guid":{"rendered":"http:\/\/www.korhanyilmaz.com\/?p=15985"},"modified":"2009-10-23T07:30:28","modified_gmt":"2009-10-23T04:30:28","slug":"%e2%80%98boyle-giderlerse-sil-bastan-yapariz%e2%80%99","status":"publish","type":"post","link":"http:\/\/www.korhanyilmaz.com\/?p=15985","title":{"rendered":"\u2018B\u00f6yle giderlerse sil ba\u015ftan yapar\u0131z\u2019"},"content":{"rendered":"<div id=\"attachment_15986\" style=\"width: 100px\" class=\"wp-caption alignleft\"><a href=\"http:\/\/www.korhanyilmaz.com\/wp-content\/uploads\/2009\/10\/fikret-bila.jpg\"  class=\"lightview\"><img loading=\"lazy\" decoding=\"async\" aria-describedby=\"caption-attachment-15986\" class=\"size-full wp-image-15986\" style=\"margin: 0px 10px;\" src=\"http:\/\/www.korhanyilmaz.com\/wp-content\/uploads\/2009\/10\/fikret-bila.jpg\" alt=\"fikret bila\" width=\"90\" height=\"96\" \/><\/a><p id=\"caption-attachment-15986\" class=\"wp-caption-text\">Fikret Bila<\/p><\/div>\n<p style=\"text-align: justify;\">Erdo\u011fan, Habur ve sonras\u0131 g\u00f6r\u00fcnt\u00fcler i\u00e7in, \u201cO t\u00fcr \u015feylerin olmas\u0131 do\u011fru de\u011fil. Bu s\u00fcrece tuz biber eker. 34 ki\u015fi serbest. Bundan siyasi bir rant dev\u015firme gayretine girmek&#8230; Arzu etmeyiz ama bu i\u015fi tamamen sil ba\u015ftan yapar\u0131z. Bu i\u015fin ba\u015flad\u0131\u011f\u0131 noktaya d\u00f6n\u00fcl\u00fcr\u201d dedi .<\/p>\n<p style=\"text-align: justify;\">Erdo\u011fan, &#8220;Bu giyim \u015fekliyle T\u00fcrkiye&#8217;ye girmeleri dahi, bat\u0131daki vatanda\u015flar\u0131 rahats\u0131z eden \u015feyler. Araya \u00e7omak sokmak yanl\u0131\u015f olur. Bu son \u015fanst\u0131r diye d\u00fc\u015f\u00fcn\u00fcyoruz. Bu d\u00f6nemde ba\u015far\u0131l\u0131rsa, ba\u015far\u0131l\u0131r. Kimse de bizim gibi cesaret etmez bu i\u015fe. Bir\u00e7ok riski g\u00f6ze alarak ad\u0131m att\u0131k&#8221; diye konu\u015ftu.<\/p>\n<p style=\"text-align: justify;\">Ba\u015fbakan Tayyip Erdo\u011fan, Mahmur ve Kandil&#8217;den gelenlerin Habur&#8217;dan giri\u015f yapmalar\u0131ndan sonra b\u00f6lgeden yans\u0131yan g\u00f6r\u00fcnt\u00fclerden rahats\u0131z. A\u011fr\u0131 ve Erzurum&#8217;da yapt\u0131\u011f\u0131 konu\u015fmalarda s\u00fcrekli olarak bu g\u00f6r\u00fcnt\u00fcleri ve DTP y\u00f6neticilerini su\u00e7lad\u0131.<!--more--><\/p>\n<p style=\"text-align: justify;\">Erdo\u011fan, b\u00f6yle giderse s\u00fcrecin t\u0131kanaca\u011f\u0131n\u0131, ba\u015fa d\u00f6n\u00fclece\u011fini, her \u015feyin sil ba\u015ftan olaca\u011f\u0131 mesaj\u0131n\u0131 vererek DTP lideri Ahmet T\u00fcrk&#8217;\u00fc uyard\u0131.<\/p>\n<p style=\"text-align: justify;\">Ba\u015fbakan Tayyip Erdo\u011fan, Erzurum&#8217;dan Ankara&#8217;ya gelirken u\u00e7akta konuyla ilgili sorular\u0131m\u0131z\u0131 yan\u0131tlad\u0131. Gazetecilerin sorular\u0131 ve Erdo\u011fan&#8217;\u0131n yan\u0131tlar\u0131 \u015f\u00f6yle:<\/p>\n<p style=\"text-align: justify;\">Habur&#8217;daki geli\u015fmeleri aktar\u0131rken yanl\u0131\u015f bir tak\u0131m hareketlere de i\u015faret ettiniz. Da\u011fdan inenlerin DTP&#8217;nin grup toplant\u0131s\u0131na kat\u0131lmas\u0131 i\u00e7in karar al\u0131nm\u0131\u015f. Nas\u0131l kar\u015f\u0131lad\u0131n\u0131z?<\/p>\n<p style=\"text-align: justify;\">&#8211; O t\u00fcr \u015feylerin olmas\u0131 do\u011fru bir yakla\u015f\u0131m de\u011fil, yanl\u0131\u015f olur. Bu s\u00fcrece bunlar tuz biber eker. \u015eu anda 34 ki\u015fi su\u00e7lu g\u00f6r\u00fclmedikleri i\u00e7in, bunlar\u0131 yarg\u0131 serbest b\u0131rakt\u0131. Burada olumlu bir yakla\u015f\u0131m var. Bu yakla\u015f\u0131m\u0131 kalk\u0131p da olumsuza d\u00f6n\u00fc\u015ft\u00fcrmek i\u00e7in ve bunu siyasalla\u015ft\u0131rmak i\u00e7in b\u00f6yle bir havan\u0131n i\u00e7ine girmek, bundan adeta siyasi bir rant dev\u015firme gayretine girmek&#8230; Arzu etmeyiz ama bu i\u015fi tamamen sil ba\u015ftan yapar\u0131z.<\/p>\n<p style=\"text-align: justify;\">Bu giyim \u015fekliyle T\u00fcrkiye&#8217;ye girmeleri dahi, bat\u0131daki vatanda\u015flar\u0131 rahats\u0131z eden \u015feyler. Bunlar belli sinyallerdir. Medya bunu yakalam\u0131\u015ft\u0131r. Ayakta Mekap, s\u0131rtlar\u0131nda Diesel \u00e7anta, \u00fcstlerindeki elbisenin tek tip olmas\u0131 gibi. Bu bir s\u0131k\u0131nt\u0131 veriyor.<\/p>\n<p style=\"text-align: justify;\"><em><strong>Kar\u015f\u0131lamalar olumlu de\u011fil<\/strong><\/em><\/p>\n<p style=\"text-align: justify;\">Sil ba\u015ftan derken ne kastettiniz?<\/p>\n<p style=\"text-align: justify;\">&#8211; Bu i\u015fin ba\u015flad\u0131\u011f\u0131 noktaya d\u00f6n\u00fcl\u00fcr. Burada bir demokratik a\u00e7\u0131l\u0131m s\u00fcrecine girilmi\u015f, b\u00fct\u00fcn bu ad\u0131mlar at\u0131l\u0131yor. \u015eimdi, burada hi\u00e7 bu ad\u0131m at\u0131lmam\u0131\u015f noktaya d\u00f6n\u00fc\u015fmesi yanl\u0131\u015f olur. Biz bunun devam\u0131n\u0131 istiyoruz. Nas\u0131l olacak? Ayn\u0131 \u015fekilde baz\u0131 eksikleri de gidermek kayd\u0131yla, \u00fclke beraberinde bir karde\u015flik, birlik, beraberlik olu\u015fsun. Biz bu ad\u0131mlar\u0131 onun i\u00e7in at\u0131yoruz.<\/p>\n<p style=\"text-align: justify;\">Oraya geli\u015fleri filan da yanl\u0131\u015f. Geldiklerinde kim kar\u015f\u0131layacakt\u0131? Emniyet kar\u015f\u0131layacak, yarg\u0131 kar\u015f\u0131layacakt\u0131. Belli. Ondan sonra gereken yap\u0131lacak, karar verilecek sonra herkes gidece\u011fi yere gidecekti. Ama b\u00f6yle her il\u00e7ede ayr\u0131 ayr\u0131 kar\u015f\u0131lama \u015feyleri yapmak; bunlar s\u00fcreci olumsuz etkileyebilir. Burada daha olumlu yakla\u015f\u0131m\u0131 bekliyoruz. Beklemek de bizim hakk\u0131m\u0131zd\u0131r.<\/p>\n<p style=\"text-align: justify;\"><strong><em>\u00c7omak sokmak yanl\u0131\u015f<\/em><\/strong><\/p>\n<p style=\"text-align: justify;\">DTP Genel Ba\u015fkan\u0131 Ahmet T\u00fcrk&#8217;le g\u00f6r\u00fc\u015fmenizden olumlu bir hava vard\u0131, sonra s\u00fcre\u00e7 i\u00e7erisinde olumsuzla\u015fmaya ba\u011flad\u0131. Bunu neye ba\u011fl\u0131yorsunuz?<\/p>\n<p style=\"text-align: justify;\">&#8211; Biz bu konuda buradan bir siyasi rant elde etmenin pe\u015finde de\u011filiz. Tek derdimiz 780 milyon metrekare vatan topra\u011f\u0131nda 72 milyonun karde\u015fli\u011fini tesis etmek. Alt kimlikte etnik s\u0131k\u0131nt\u0131lar\u0131 kald\u0131ral\u0131m, ayn\u0131 zamanda \u00fcst kimlikte de T\u00fcrkiye Cumhuriyeti vatanda\u015fl\u0131\u011f\u0131nda birle\u015felim.<\/p>\n<p style=\"text-align: justify;\">Laz\u0131yla, K\u00fcrd\u00fcyle, \u00c7erkeziyle, Poma\u011f\u0131yla akl\u0131n\u0131za ne gelirse alt kimlikte s\u0131k\u0131nt\u0131lar\u0131 ortadan kald\u0131ral\u0131m, ama \u00fcst kimlikte de T\u00fcrkiye Cumhuriyeti vatanda\u015fl\u0131\u011f\u0131n\u0131 olu\u015ftural\u0131m. Bunu ba\u015farmak istiyoruz.<\/p>\n<p style=\"text-align: justify;\">Bunu ba\u015far\u0131rken araya \u00e7omak sokmak yanl\u0131\u015f olur. DTP&#8217;lilere de bu sinyali veriyoruz. Koordinat\u00f6r bakan\u0131m\u0131z g\u00f6r\u00fc\u015ft\u00fc\u011f\u00fcnde kendilerine ifade etti: S\u00fcreci bozmay\u0131n. Samimi davran\u0131p bizim samimiyetimize de g\u00f6lge d\u00fc\u015f\u00fcrmeyin. Bunu ba\u015faral\u0131m. Bu son \u015fanst\u0131r diye d\u00fc\u015f\u00fcn\u00fcyoruz. Bu d\u00f6nemde ba\u015far\u0131l\u0131rsa, ba\u015far\u0131l\u0131r. Kimse de bizim gibi cesaret etmez bu i\u015fe.<\/p>\n<p style=\"text-align: justify;\">Bir\u00e7ok riski g\u00f6ze alarak ad\u0131m att\u0131k, bana g\u00f6re. Ben bunu Ahmet beyin kendisine de s\u00f6yledim; \u2018\u0130\u00e7inizden zaman zaman farkl\u0131 sesler \u00e7\u0131k\u0131yor, l\u00fctfen engel olun, e\u011fer engel olamazsan\u0131z bu s\u00fcrece yaz\u0131k olur&#8217; dedim. Ama maalesef zaman zaman arzu edilmeyen \u015feyler bir\u00e7ok ilimizde, il\u00e7emizde meydana geliyor. Bunlar iyi \u015feyler de\u011fil. Ama biz T\u00fcrkiye Cumhuriyeti&#8217;nin sorumlu kurulu\u015fu olarak kurum ve kurulu\u015flar\u0131yla ad\u0131m at\u0131yoruz atmaya devam edece\u011fiz.<\/p>\n<p style=\"text-align: justify;\"><strong><em>T\u0131kanana kadar devam<\/em><\/strong><\/p>\n<p style=\"text-align: justify;\">S\u00fcre\u00e7ten d\u00f6n\u00fc\u015f olmayacak m\u0131 diyorsunuz?<\/p>\n<p style=\"text-align: justify;\">&#8211; T\u0131kanana kadar yolumuza devam edece\u011fiz, kararl\u0131y\u0131z.<\/p>\n<p style=\"text-align: justify;\">Ne olursa t\u0131kanma sayars\u0131n\u0131z? K\u0131r\u0131lma noktas\u0131 nedir?<\/p>\n<p style=\"text-align: justify;\">&#8211; Biz bunun devam\u0131n\u0131 bekliyoruz. Devam\u0131 gelmezse yapaca\u011f\u0131m\u0131z bir \u015fey yok. Bunun devam\u0131, arzu ediyoruz ki, bu \u00e7er\u00e7eve i\u00e7inde devam etsin. K\u0131r\u0131lma noktas\u0131na gelince, yap\u0131lan a\u00e7\u0131klamalar bellidir. T\u00fcrkiye Cumhuriyeti devletinin temel de\u011fi\u015ftirilemez ilkeleri var.<\/p>\n<p style=\"text-align: justify;\">Bizim bu ilkelerden kalk\u0131p taviz vermemizi, istenmeyecek \u015feyleri kimse bizden beklemesin, talep etmesin. Biz \u00fczerinde konsens\u00fcs te\u015fkil eden bu s\u00fcreci niye ba\u015flatt\u0131k? DTP ile de g\u00f6r\u00fc\u015ft\u00fck, akademisyenlerle g\u00f6r\u00fc\u015ft\u00fck, medya ile sivil toplum \u00f6rg\u00fctleri ile g\u00f6r\u00fc\u015ft\u00fck, \u00f6nerileri toplad\u0131k. Art\u0131k havuz doldu. \u015eimdi s\u0131rada bu havuzdakileri, bu i\u015fi parlamentoya getirmemiz var. Parlamentoya getirdi\u011fimizde yeni a\u00e7\u0131klamalar yapaca\u011f\u0131z s\u00fcre\u00e7le ilgili.<\/p>\n<p style=\"text-align: justify;\">Parlamento i\u00e7in g\u00fcn belli mi?<\/p>\n<p style=\"text-align: justify;\">&#8211; Hen\u00fcz belirlemedik.<\/p>\n<p style=\"text-align: justify;\"><strong><em>Hassas olmalar\u0131 laz\u0131m<\/em><\/strong><\/p>\n<p style=\"text-align: justify;\">Habur&#8217;dan girdikleri gibi, \u00f6rne\u011fin, \u0130stanbul&#8217;a gelirlerse de benzeri g\u00f6sterileri yaparlarsa, nas\u0131l kar\u015f\u0131lars\u0131n\u0131z?<\/p>\n<p style=\"text-align: justify;\">&#8211; Uyar\u0131lar\u0131m\u0131z\u0131 yap\u0131yoruz, yapaca\u011f\u0131z. Bu konularda daha hassas olmalar\u0131n\u0131 kendilerinden \u00f6zellikle isteyece\u011fiz. Orada kendimize g\u00f6re mekanizmalar\u0131m\u0131z var. Ara\u015ft\u0131r\u0131yoruz, \u00e7al\u0131\u015ft\u0131raca\u011f\u0131z.<\/p>\n<p style=\"text-align: justify;\">Kas\u0131mda Meclis&#8217;e gelebilir mi?<\/p>\n<p style=\"text-align: justify;\">&#8211; Gelebilir, gelebilir.<\/p>\n<p style=\"text-align: justify;\"><strong><em>MGK bildirisinde var<\/em><\/strong><\/p>\n<p style=\"text-align: justify;\">A\u011fustos MGK toplant\u0131s\u0131 sonras\u0131nda s\u00fcrecin devam\u0131 tavsiye edilmi\u015fti. Son MGK toplant\u0131s\u0131na ili\u015fkin a\u00e7\u0131klamada s\u00fcrecin devam\u0131na ili\u015fkin bir ifade yok. Bir de\u011fi\u015fiklik mi var?<\/p>\n<p style=\"text-align: justify;\">&#8211; Birinci maddede var, ama detay yok. Demokratik a\u00e7\u0131l\u0131m s\u00fcrecimiz bizim ter\u00f6rle m\u00fccadelemizi hi\u00e7bir zaman ertelemez. Ter\u00f6rle m\u00fccadele kararl\u0131l\u0131\u011f\u0131m\u0131z ayn\u0131 \u015fekilde devam edecektir. Milli birlik s\u00fcreci de demokratik a\u00e7\u0131l\u0131ma ili\u015fkin s\u00fcre\u00e7 de kararl\u0131l\u0131kla devam edecektir. Demokratik a\u00e7\u0131l\u0131m s\u00fcrecinin ba\u015fl\u0131klar\u0131na bakt\u0131\u011f\u0131n\u0131zda, ter\u00f6r sorununu g\u00f6receksiniz, etnik sorunlar\u0131, az\u0131nl\u0131k sorunlar\u0131n\u0131, Alevi a\u00e7\u0131l\u0131m\u0131n\u0131, i\u015fsizlik sorununu, ekonomik sorunlar\u0131 g\u00f6receksiniz.<\/p>\n<p style=\"text-align: justify;\">B\u00fct\u00fcn sorunlara y\u00f6nelik bir a\u00e7\u0131l\u0131m&#8230; Bunu s\u0131f\u0131rlayabilir misiniz? B\u00f6yle bir iddiada kim bulunabilir? Ne kadar minimize edebilirsek, o kadar olur. Bu devletin projesi ama muhatab\u0131 da millettir. Bizden istenmemesi gerekenleri Anayasa ile belirledik. Bunlar\u0131 kimse bizden istemesin. Ama bu, Say\u0131n Baykal&#8217;\u0131n dedi\u011fi gibi Anayasa de\u011fi\u015ftirilemez demek de\u011fildir.<\/p>\n<p style=\"text-align: justify;\">Kendisinin de i\u00e7inde oldu\u011fu \u015fekilde daha \u00f6nce de\u011fi\u015ftirildi. Bir\u00e7ok h\u00fck\u00fcmet de\u011fi\u015ftirdi. De\u011fi\u015ftirilemez maddeleri var. De\u011fi\u015ftirilmesi teklif bile edilemeyecek maddeler zaten belli. Bunu da konu\u015fmaya gerek yok. Onun d\u0131\u015f\u0131ndakileri konu\u015fal\u0131m.<\/p>\n<p style=\"text-align: justify;\"><strong><em>Avrupa&#8217;dan da gelebilir<\/em><\/strong><\/p>\n<p style=\"text-align: justify;\">Say\u0131n \u0130\u00e7i\u015fleri Bakan\u0131 ilk gelenlerin Avrupa&#8217;dan geleceklerle 100-150 ki\u015fiyi bulabilece\u011fini s\u00f6ylemi\u015fti. Habur&#8217;dan giri\u015fler oldu, ama Avrupa&#8217;dan olmad\u0131. Sorun mu var? Yoksa PKK \u2018g\u00f6sterimizi yapt\u0131k, bu kadar yeter&#8217; mi diyor?<\/p>\n<p style=\"text-align: justify;\">&#8211; Burada \u00fc\u00e7 tane zemin var. Bir, da\u011f; iki, Mahmur; \u00fc\u00e7, Avrupa&#8230; Burada da\u011f\u0131n durumu belli, \u00f6zellikleri belli. Mahmur kamp\u0131n\u0131n durumu belli, \u00f6zellikleri belli&#8230; Avrupa&#8217;n\u0131n durumu belli. Da\u011fdan 8 ki\u015fi gelmi\u015f.<\/p>\n<p style=\"text-align: justify;\">Oradan bundan sonra ne kadar, nas\u0131l gelinir bilinmez. Mahmur Kamp\u0131&#8217;n\u0131n durumu belli oradan daha fazla gelebilir. Avrupa&#8217;dan da gelebilir. Avrupa&#8217;da birtak\u0131m ba\u015fka geli\u015fmeler olabilir.<\/p>\n<p style=\"text-align: justify;\">\u0130\u00e7i\u015fleri Bakan\u0131 100-150 ki\u015fi demi\u015fti.<\/p>\n<p style=\"text-align: justify;\">&#8211; O tahmin.<\/p>\n<p style=\"text-align: justify;\"><strong><em>K. Irak&#8217;ta olabilir<\/em><\/strong><\/p>\n<p style=\"text-align: justify;\">Avrupa&#8217;daki geli\u015fmeler mi var? ABD&#8217;nin PKK y\u00f6neticilerini uyu\u015fturucu t\u00fcccar\u0131 ilan etmesiyle ba\u011flant\u0131l\u0131 olabilir mi?<\/p>\n<p style=\"text-align: justify;\">&#8211; Evet var. ABD&#8217;nin uyu\u015fturucu baronu ilan etmesi \u00f6nemli. Onunla ba\u011flant\u0131l\u0131 \u015feyler olabilir.<\/p>\n<p style=\"text-align: justify;\">Irak da \u00f6nemli. Irak&#8217;a son seyahatimizde baz\u0131 g\u00f6r\u00fc\u015fmeler oldu. Irak&#8217;\u0131n kuzeyine bir ekip g\u00f6nderece\u011fiz. Say\u0131n Ahmet Davuto\u011flu ve Zafer \u00c7a\u011flayan Bey&#8217;in riyasetinde i\u015fadamlar\u0131n\u0131 g\u00f6nderece\u011fiz, ekonomik ili\u015fkileri g\u00f6r\u00fc\u015fecekler, tabii siyasi ili\u015fkiler de g\u00f6r\u00fc\u015f\u00fclecek.<\/p>\n<p style=\"text-align: justify;\">Kuzey Irak&#8217;\u0131n eyalet Ba\u015fbakan\u0131 Behram Salih&#8217;le g\u00f6r\u00fc\u015ft\u00fcm. Erbil&#8217;de de konsolosluk a\u00e7aca\u011f\u0131z. Basra&#8217;n\u0131n resmi a\u00e7\u0131l\u0131\u015f\u0131n\u0131 yapaca\u011f\u0131z. Musul da biliyorsunuz var. B\u00f6ylece daha \u00f6nceki kuzeyle ilgili s\u0131k\u0131nt\u0131lar\u0131 gidermi\u015f olaca\u011f\u0131z. Diplomatik bir ili\u015fki kuzeyle de ba\u015flatm\u0131\u015f olaca\u011f\u0131z, S\u00fcreci oradan da yak\u0131n bi\u00e7imde izlemi\u015f olaca\u011f\u0131z. Bu at\u0131lan ad\u0131mlar baz\u0131 geli\u015fmeleri kolayla\u015ft\u0131racakt\u0131r.<\/p>\n<p style=\"text-align: justify;\">Da\u011f\u0131 s\u0131k\u0131\u015ft\u0131racak m\u0131?<\/p>\n<p style=\"text-align: justify;\">&#8211; \u0130\u015fin i\u00e7eriden takibi a\u00e7\u0131s\u0131ndan kolayla\u015ft\u0131racakt\u0131r.<\/p>\n<p style=\"text-align: justify;\"><strong><em>Avrupa&#8217;dakilere a\u00e7\u0131\u011f\u0131z<\/em><\/strong><\/p>\n<p style=\"text-align: justify;\">K\u00fcrt diasporas\u0131na y\u00f6nelik bir \u00e7a\u011fr\u0131n\u0131z olacak m\u0131? Ya\u015far Kaya&#8217;ya, Kemal Burkay&#8217;a y\u00f6nelik olarak?<\/p>\n<p style=\"text-align: justify;\">&#8211; Onlara daha \u00f6nce \u00e7a\u011fr\u0131m\u0131 yapt\u0131m. Bizim kap\u0131m\u0131z\u0131n a\u00e7\u0131k oldu\u011funu s\u00f6yledim. Kendilerini bekledi\u011fimi s\u00f6yledim. Diasporadan \u00f6te, \u015fimdi gelen 34 ki\u015fi herhalde onlardan daha erken buraya gelmesi gerekenler de\u011fildi. Bence onlar daha \u00f6nce gelmeliydi.<\/p>\n<p style=\"text-align: justify;\">PKK&#8217;n\u0131n lider kadrosunun durumu ne olacak?<\/p>\n<p style=\"text-align: justify;\">&#8211; B\u00fct\u00fcn olay silah\u0131n b\u0131rak\u0131lmas\u0131nda. Silah b\u0131rak\u0131lmad\u0131ktan sonra s\u00f6ylenecek bir \u015fey yok.<\/p>\n<p style=\"text-align: justify;\">B\u00f6yle bir ihtimal var m\u0131?<\/p>\n<p style=\"text-align: justify;\">&#8211; \u0130htimalleri k\u0131s\u0131tlamak yanl\u0131\u015f olur.<\/p>\n<p style=\"text-align: justify;\"><strong><em>\u00dc\u00e7\u00fcnc\u00fc \u00fclke ihtimali<\/em><\/strong><\/p>\n<p style=\"text-align: justify;\">Lider kadrosunun \u00fc\u00e7\u00fcnc\u00fc \u00fclkelere g\u00f6nderilmesi s\u00f6z konusu olabilir mi?<\/p>\n<p style=\"text-align: justify;\">&#8211; Olabilir, olabilir. Bu bir yerde onlar\u0131n da takdiridir. \u015eu anda zaten \u00fc\u00e7\u00fcnc\u00fc bir \u00fclkede, Irak&#8217;ta&#8230;<\/p>\n<p style=\"text-align: justify;\">Irak&#8217;\u0131n tavr\u0131n\u0131 eskiye g\u00f6re nas\u0131l buluyorsunuz?<\/p>\n<p style=\"text-align: justify;\">&#8211; Daha olumlu buluyorum. Ter\u00f6re kar\u015f\u0131 yakla\u015f\u0131m daha s\u0131k\u0131&#8230; Hele hele ABD&#8217;nin \u00fc\u00e7 isim \u00fczerinde yapt\u0131klar\u0131 a\u00e7\u0131klama ve uygulamay\u0131 olumlu buluyorum. Bu beklenirdi. Ayn\u0131 \u015feyi biz Avrupa&#8217;dan da bekliyoruz, Avrupa da ayn\u0131 kararl\u0131l\u0131\u011f\u0131 g\u00f6stermeli.<\/p>\n<p style=\"text-align: justify;\">ABD&#8217;de uygulama ba\u015flad\u0131 m\u0131?<\/p>\n<p style=\"text-align: justify;\">&#8211; \u00dc\u00e7l\u00fc \u00fczerindeki o bilgi var. Detay bilgi yok.<\/p>\n<p style=\"text-align: justify;\"><strong><em>\u2018Milletimiz anlad\u0131 Baykal anlamad\u0131&#8217;<\/em><\/strong><\/p>\n<p style=\"text-align: justify;\">\u0130mral\u0131 Cezaevi&#8217;nde bir geli\u015fme var m\u0131?<\/p>\n<p style=\"text-align: justify;\">&#8211; \u00c7ok geciktirmeyece\u011fiz. \u00c7ok k\u0131sa bir zaman i\u00e7erisinde onu yapaca\u011f\u0131z. Orada \u015fu anda ilk etapta 10-12 ki\u015filik bir yer yap\u0131lm\u0131\u015f durumda. Fazla geciktirmeden, oraya 5-6 ki\u015filik grubu g\u00f6nderece\u011fiz. Adalet Bakanl\u0131\u011f\u0131 \u015fu anda \u00e7al\u0131\u015fmalar\u0131 yap\u0131yor, g\u00f6nderebilirler.<\/p>\n<p style=\"text-align: justify;\">Say\u0131n Baykal, bunlar belli bir temele, uzla\u015fmaya, m\u00fczakereye dayan\u0131yor. \u0130mral\u0131&#8217;dan yol haritas\u0131 h\u00fck\u00fcmetin \u00f6n\u00fcnde g\u00f6z\u00fck\u00fcyor, onu uyguluyor, ABD destekliyor diyor. B\u00f6yle bir uzla\u015fma var m\u0131?<\/p>\n<p style=\"text-align: justify;\">&#8211; Burada \u015funu \u00e7ok a\u00e7\u0131k net s\u00f6ylemek durumunday\u0131m. Say\u0131n Baykal kiminle uzla\u015f\u0131r, kiminle uzla\u015famaz onu bilmem. Tayyip Erdo\u011fan olarak ben ve arkada\u015flar\u0131m, ilkeler \u00fczerinde uzla\u015f\u0131r\u0131z, ya da uzla\u015famay\u0131z. Biz vatan\u0131m\u0131z, milletimizin hayr\u0131na olmayan bir konuda uzla\u015fma yollar\u0131n\u0131 aramay\u0131z. B\u00f6yle bir derdimiz yok. Milletimiz anlam\u0131\u015ft\u0131r ama Baykal anlamam\u0131\u015ft\u0131r.<\/p>\n<p style=\"text-align: justify;\">Onun i\u00e7in \u2018biri bizi g\u00f6zetliyor&#8217; tavr\u0131yla, kendisine nezaket g\u00f6steren bir genel ba\u015fkana, ba\u015fbakana &#8220;E, kameralar\u0131 yerle\u015ftirir, g\u00f6r\u00fc\u015fmeyi \u00f6yle yapar\u0131z&#8221; diyecek kadar devlet adaml\u0131\u011f\u0131ndan uzak bir yakla\u015f\u0131m ortadayken, ben devletin \u00e7al\u0131\u015fma mekanizmalar\u0131 noktas\u0131nda neyi konu\u015fay\u0131m?<\/p>\n<p style=\"text-align: justify;\">Devlet b\u00fct\u00fcn kurum ve kurulu\u015flar\u0131yla bu t\u00fcr \u015feylerde \u00e7al\u0131\u015ft\u0131r\u0131r. Siyasi bu i\u015fe bula\u015f\u0131r m\u0131? Bula\u015fmaz. Siyaset, y\u00f6nlendirir, rotay\u0131 \u00e7izer; bunu yapar. Ama kurum ve kurulu\u015flar bu \u00e7al\u0131\u015fmalar\u0131 yapar. Ni\u00e7in? Netice almak durumundas\u0131n\u0131z. Netice alacaks\u0131n\u0131z. At\u0131lan ad\u0131mlar budur. Buradaki kararl\u0131l\u0131\u011f\u0131m\u0131z da bir netice almaya y\u00f6neliktir. Bundan kimsenin \u015f\u00fcphesi olmas\u0131n.<\/p>\n<p style=\"text-align: justify;\"><strong><em>\u0130ran&#8217;a gitti\u011fimde n\u00fckleer silahlar\u0131 da konu\u015faca\u011f\u0131z<\/em><\/strong><\/p>\n<p style=\"text-align: justify;\">ABD&#8217;ye 29&#8217;unda gidecek misiniz?<\/p>\n<p style=\"text-align: justify;\">&#8211; B\u00fcy\u00fck ihtimalle kas\u0131m, ya da aral\u0131kta.<\/p>\n<p style=\"text-align: justify;\">Pakistan&#8217;a ve \u0130ran&#8217;a gideceksiniz.<\/p>\n<p style=\"text-align: justify;\">&#8211; Pakistan bir\u00e7ok s\u0131k\u0131nt\u0131lar\u0131 ya\u015f\u0131yor. \u0130kili olarak aram\u0131zdaki ili\u015fkileri ve b\u00f6lgedeki ter\u00f6r\u00fc ele alaca\u011f\u0131z. Seyahatte Afganistan yok. Ama Pakistan&#8217;la ilgili b\u00f6yle bir \u015feyi konu\u015ftu\u011funuz zaman Afganistan&#8217;s\u0131z d\u00fc\u015f\u00fcnemezsiniz. Kas\u0131m ba\u015f\u0131nda Afganistan&#8217;daki komutay\u0131 devralma durumumuz ba\u015fl\u0131yor.<\/p>\n<p style=\"text-align: justify;\">Oradan \u0130ran&#8217;a gidece\u011fim. T\u00fcrkiye-\u0130ran ili\u015fkilerini masaya yat\u0131raca\u011f\u0131z. Hepsini konu\u015faca\u011f\u0131z. Ekonomik boyutu noktas\u0131nda da yan\u0131m\u0131za bir grubu alaca\u011f\u0131z. Ayr\u0131ca n\u00fckleer silah konusunu da kendileriyle g\u00f6r\u00fc\u015fece\u011fiz. Tabii onlar bunu kabul etmedikleri gibi son uranyum zenginle\u015ftirme santral\u0131 denilen yerle ilgili \u00e7ok dedikodular oldu. Baradey bunu yalanlad\u0131.<\/p>\n<p style=\"text-align: justify;\">Bu ay\u0131n 25&#8217;inde \u0130ran&#8217;a bir heyet g\u00f6nderiyorlar. Bu heyet, bu incelemeyi yapacak raporunu a\u00e7\u0131klayacakt\u0131r. Biz b\u00f6lgede hi\u00e7bir yerde n\u00fckleer silah, kitle imha silah\u0131 istemiyoruz. \u0130ran da istemezken, bir ba\u015fka \u00fclkede bunlar\u0131n yap\u0131lmas\u0131na g\u00f6z yummak adil bir yakla\u015f\u0131m tarz\u0131 de\u011fil. \u0130lk 5&#8217;e \u00e7ok b\u00fcy\u00fck g\u00f6rev d\u00fc\u015f\u00fcyor. \u00d6nce kendileri ad\u0131m atmal\u0131.<\/p>\n<p style=\"text-align: justify;\">Azerbaycan&#8217;dan gelen tepkiler konusuna ne diyorsunuz?<\/p>\n<p style=\"text-align: justify;\">&#8211; Azerbaycan konusuna bizim duygusal yakla\u015fmam\u0131z s\u00f6z konusu de\u011fil. \u0130li\u015fkilerimiz pamuk ipli\u011fiyle ba\u011fl\u0131 de\u011fildir. Son geli\u015fmeler bizi \u00fczm\u00fc\u015ft\u00fcr; s\u00f6ylememek m\u00fcmk\u00fcn de\u011fil. Kendisiyle konu\u015ftu\u011fumuzda karde\u015flik \u00e7er\u00e7evesi i\u00e7inde konu\u015fuyoruz, Say\u0131n Cumhurba\u015fkan\u0131&#8217;n\u0131n (\u0130lham Aliyev) \u00e7ok farkl\u0131 tav\u0131r koyarak, bunlar\u0131n \u00f6n\u00fcn\u00fc kesmesi m\u00fcmk\u00fcnd\u00fc, ben beklerdim.<\/p>\n<p style=\"text-align: justify;\"><span style=\"color: #888888;\">Fikret Bila &#8211; Milliyet<\/span><\/p>\n","protected":false},"excerpt":{"rendered":"<p id=\"caption-attachment-15986\" class=\"wp-caption-text\">Fikret Bila<\/p>\n<p style=\"text-align: justify;\">Erdo\u011fan, Habur ve sonras\u0131 g\u00f6r\u00fcnt\u00fcler i\u00e7in, \u201cO t\u00fcr \u015feylerin olmas\u0131 do\u011fru de\u011fil. Bu s\u00fcrece tuz biber eker. 34 ki\u015fi serbest. Bundan siyasi bir rant dev\u015firme gayretine girmek&#8230; Arzu etmeyiz ama bu i\u015fi tamamen sil ba\u015ftan yapar\u0131z. Bu i\u015fin ba\u015flad\u0131\u011f\u0131 noktaya d\u00f6n\u00fcl\u00fcr\u201d dedi .<\/p>\n<p style=\"text-align: justify;\">Erdo\u011fan, &#8220;Bu giyim \u015fekliyle <\/p>\n","protected":false},"author":1,"featured_media":0,"comment_status":"open","ping_status":"closed","sticky":false,"template":"","format":"standard","meta":{"footnotes":""},"categories":[16],"tags":[],"class_list":["post-15985","post","type-post","status-publish","format-standard","hentry","category-kose-yazilari","odd"],"_links":{"self":[{"href":"http:\/\/www.korhanyilmaz.com\/index.php?rest_route=\/wp\/v2\/posts\/15985","targetHints":{"allow":["GET"]}}],"collection":[{"href":"http:\/\/www.korhanyilmaz.com\/index.php?rest_route=\/wp\/v2\/posts"}],"about":[{"href":"http:\/\/www.korhanyilmaz.com\/index.php?rest_route=\/wp\/v2\/types\/post"}],"author":[{"embeddable":true,"href":"http:\/\/www.korhanyilmaz.com\/index.php?rest_route=\/wp\/v2\/users\/1"}],"replies":[{"embeddable":true,"href":"http:\/\/www.korhanyilmaz.com\/index.php?rest_route=%2Fwp%2Fv2%2Fcomments&post=15985"}],"version-history":[{"count":0,"href":"http:\/\/www.korhanyilmaz.com\/index.php?rest_route=\/wp\/v2\/posts\/15985\/revisions"}],"wp:attachment":[{"href":"http:\/\/www.korhanyilmaz.com\/index.php?rest_route=%2Fwp%2Fv2%2Fmedia&parent=15985"}],"wp:term":[{"taxonomy":"category","embeddable":true,"href":"http:\/\/www.korhanyilmaz.com\/index.php?rest_route=%2Fwp%2Fv2%2Fcategories&post=15985"},{"taxonomy":"post_tag","embeddable":true,"href":"http:\/\/www.korhanyilmaz.com\/index.php?rest_route=%2Fwp%2Fv2%2Ftags&post=15985"}],"curies":[{"name":"wp","href":"https:\/\/api.w.org\/{rel}","templated":true}]}}