{"id":15982,"date":"2009-10-23T08:14:49","date_gmt":"2009-10-23T05:14:49","guid":{"rendered":"http:\/\/www.korhanyilmaz.com\/?p=15982"},"modified":"2009-10-23T08:14:49","modified_gmt":"2009-10-23T05:14:49","slug":"erdogandan-sil-bastan-uyarisi","status":"publish","type":"post","link":"http:\/\/www.korhanyilmaz.com\/?p=15982","title":{"rendered":"Erdo\u011fan&#039;dan &quot;Sil ba\u015ftan&quot; uyar\u0131s\u0131"},"content":{"rendered":"<p><a href=\"http:\/\/www.korhanyilmaz.com\/wp-content\/uploads\/2009\/10\/erdgan2.jpg\"  class=\"lightview\"><img loading=\"lazy\" decoding=\"async\" class=\"aligncenter size-full wp-image-15983\" src=\"http:\/\/www.korhanyilmaz.com\/wp-content\/uploads\/2009\/10\/erdgan2.jpg\" alt=\"\" width=\"292\" height=\"182\" \/><\/a><\/p>\n<p style=\"text-align: justify;\">Ba\u015fbakan Recep Tayyip Erdo\u011fan, &#8220;eve d\u00f6n\u00fc\u015f&#8221;lerde &#8220;rant dev\u015firme&#8221; gayreti izlendi\u011fini vurgulad\u0131; &#8220;Arzu etmeyiz ama bu i\u015fi tamamen sil ba\u015ftan yapar\u0131z&#8221; uyar\u0131s\u0131nda bulundu. Erdo\u011fan, Erzurum&#8217;dan d\u00f6n\u00fc\u015f\u00fcnde u\u00e7akta gazetelerin Ankara temsilcilerinin sorular\u0131n\u0131 yan\u0131tlad\u0131.<\/p>\n<p style=\"text-align: justify;\">Ba\u015fbakan Erdo\u011fan, a\u00e7\u0131l\u0131m s\u00fcrecinin son \u015fans oldu\u011funu, t\u0131kanana kadar yola devam edeceklerini s\u00f6yledi.<\/p>\n<p style=\"text-align: justify;\">Ba\u015fbakan, &#8220;Devam\u0131 gelmezse yapaca\u011f\u0131m\u0131z bir \u015fey yok. K\u0131r\u0131lma noktas\u0131na gelince, yap\u0131lan a\u00e7\u0131klamalar bellidir.T\u00fcrkiye Cumhuriyeti devletinin de\u011fi\u015ftirilemez temel ilkeleri var&#8221; diye konu\u015ftu. <!--more--><\/p>\n<p style=\"text-align: justify;\"><strong><em>&#8220;Meclis&#8217;e gelmesinler&#8221; <\/em><\/strong><\/p>\n<p style=\"text-align: justify;\">Erdo\u011fan, da\u011fdan inenlerin Meclis&#8217;te DTP grubuna kat\u0131laca\u011f\u0131 s\u00f6ylentisiyle ilgili olarak da &#8220;Yanl\u0131\u015f olur, s\u00fcrece tuz biber eker&#8221; dedi; &#8220;Bu giyim \u015fekliyle T\u00fcrkiye&#8217;ye girmeleri dahi, rahats\u0131z eden \u015feyler. Medya bunu yakalam\u0131\u015ft\u0131r&#8221; dedi.<\/p>\n<p style=\"text-align: justify;\">Ba\u015fbakan Erdo\u011fan, DTP, akademisyenler, medya ve sivil toplum \u00f6rg\u00fctlerinden al\u0131nan \u00f6nerilerin kas\u0131m ay\u0131nda Meclis&#8217;e gelebilece\u011fini s\u00f6yledi.<\/p>\n<p style=\"text-align: justify;\">K\u00fcrt diasporas\u0131ndan Ya\u015far Kaya ve Kemal Burkay&#8217;a daha \u00f6nce \u00e7a\u011fr\u0131 yapt\u0131\u011f\u0131n\u0131 s\u00f6yleyen Erdo\u011fan, &#8220;Kap\u0131m\u0131z\u0131n a\u00e7\u0131k oldu\u011funu s\u00f6yledim&#8221; dedi.<\/p>\n<p style=\"text-align: justify;\">Ba\u015fbakan, \u0130mral\u0131 cezaevine de k\u0131sa zaman i\u00e7inde 5-6 ki\u015filik grubun g\u00f6nderilece\u011fini belirtti.<\/p>\n<p style=\"text-align: justify;\"><span style=\"color: #888888;\">CNN T\u00dcRK<\/span><\/p>\n","protected":false},"excerpt":{"rendered":"<\/p>\n<p style=\"text-align: justify;\">Ba\u015fbakan Recep Tayyip Erdo\u011fan, &#8220;eve d\u00f6n\u00fc\u015f&#8221;lerde &#8220;rant dev\u015firme&#8221; gayreti izlendi\u011fini vurgulad\u0131; &#8220;Arzu etmeyiz ama bu i\u015fi tamamen sil ba\u015ftan yapar\u0131z&#8221; uyar\u0131s\u0131nda bulundu. Erdo\u011fan, Erzurum&#8217;dan d\u00f6n\u00fc\u015f\u00fcnde u\u00e7akta gazetelerin Ankara temsilcilerinin sorular\u0131n\u0131 yan\u0131tlad\u0131.<\/p>\n<p style=\"text-align: justify;\">Ba\u015fbakan Erdo\u011fan, a\u00e7\u0131l\u0131m s\u00fcrecinin son \u015fans oldu\u011funu, t\u0131kanana kadar yola devam edeceklerini s\u00f6yledi.<\/p>\n<p style=\"text-align: justify;\">Ba\u015fbakan, &#8220;Devam\u0131 gelmezse yapaca\u011f\u0131m\u0131z <\/p>\n","protected":false},"author":1,"featured_media":0,"comment_status":"open","ping_status":"closed","sticky":false,"template":"","format":"standard","meta":{"footnotes":""},"categories":[105],"tags":[],"class_list":["post-15982","post","type-post","status-publish","format-standard","hentry","category-gundem","odd"],"_links":{"self":[{"href":"http:\/\/www.korhanyilmaz.com\/index.php?rest_route=\/wp\/v2\/posts\/15982","targetHints":{"allow":["GET"]}}],"collection":[{"href":"http:\/\/www.korhanyilmaz.com\/index.php?rest_route=\/wp\/v2\/posts"}],"about":[{"href":"http:\/\/www.korhanyilmaz.com\/index.php?rest_route=\/wp\/v2\/types\/post"}],"author":[{"embeddable":true,"href":"http:\/\/www.korhanyilmaz.com\/index.php?rest_route=\/wp\/v2\/users\/1"}],"replies":[{"embeddable":true,"href":"http:\/\/www.korhanyilmaz.com\/index.php?rest_route=%2Fwp%2Fv2%2Fcomments&post=15982"}],"version-history":[{"count":0,"href":"http:\/\/www.korhanyilmaz.com\/index.php?rest_route=\/wp\/v2\/posts\/15982\/revisions"}],"wp:attachment":[{"href":"http:\/\/www.korhanyilmaz.com\/index.php?rest_route=%2Fwp%2Fv2%2Fmedia&parent=15982"}],"wp:term":[{"taxonomy":"category","embeddable":true,"href":"http:\/\/www.korhanyilmaz.com\/index.php?rest_route=%2Fwp%2Fv2%2Fcategories&post=15982"},{"taxonomy":"post_tag","embeddable":true,"href":"http:\/\/www.korhanyilmaz.com\/index.php?rest_route=%2Fwp%2Fv2%2Ftags&post=15982"}],"curies":[{"name":"wp","href":"https:\/\/api.w.org\/{rel}","templated":true}]}}