{"id":15979,"date":"2009-10-21T17:07:55","date_gmt":"2009-10-21T14:07:55","guid":{"rendered":"http:\/\/www.korhanyilmaz.com\/?p=15979"},"modified":"2009-10-21T17:07:55","modified_gmt":"2009-10-21T14:07:55","slug":"teroristler-askeri-usse-havan-topuyla-saldirdi","status":"publish","type":"post","link":"http:\/\/www.korhanyilmaz.com\/?p=15979","title":{"rendered":"Ter\u00f6ristler askeri \u00fcsse havan topuyla sald\u0131rd\u0131"},"content":{"rendered":"<p><a href=\"http:\/\/www.korhanyilmaz.com\/wp-content\/uploads\/2009\/10\/PKK3.jpg\"  class=\"lightview\"><img loading=\"lazy\" decoding=\"async\" class=\"aligncenter size-full wp-image-15980\" src=\"http:\/\/www.korhanyilmaz.com\/wp-content\/uploads\/2009\/10\/PKK3.jpg\" alt=\"\" width=\"292\" height=\"180\" \/><\/a><\/p>\n<p style=\"text-align: justify;\">Hakkari&#8217;nin \u00c7ukurca il\u00e7esindeki askeri \u00fcs b\u00f6lgesine ter\u00f6ristler havan topuyla sald\u0131r\u0131 d\u00fczenledi; 1 asker yaraland\u0131.<\/p>\n<p style=\"text-align: justify;\">Ter\u00f6ristler \u00fcsse 10 havan topu at\u0131\u015f\u0131 yapt\u0131.<\/p>\n<p style=\"text-align: justify;\">\u00c7ukurca il\u00e7esinin Irak s\u0131n\u0131r\u0131nda bulunan 3. Jandarma Komando Taburu&#8217;na ba\u011fl\u0131 askerlerin g\u00f6rev yapt\u0131\u011f\u0131 Da\u011fba\u015f\u0131 \u00fcs b\u00f6lgesine bir grup ter\u00f6r \u00f6rg\u00fct\u00fc mensubu, Irak s\u0131n\u0131r\u0131ndan havan topuyla sald\u0131rd\u0131.<\/p>\n<p style=\"text-align: justify;\">G\u00fcvenlik g\u00fc\u00e7leri sald\u0131r\u0131ya kar\u015f\u0131l\u0131k vererek ter\u00f6ristleri geri p\u00fcsk\u00fcrtt\u00fc, sald\u0131r\u0131da 1 asker yaraland\u0131. <!--more--><\/p>\n<p style=\"text-align: justify;\">Yaral\u0131 asker helikopterle Hakkari&#8217;de bulunan Fatih K\u0131\u015flas\u0131&#8217;na getirilerek buradan ambulans ile asker hastanesine kald\u0131r\u0131ld\u0131.<\/p>\n<p style=\"text-align: justify;\"><strong><em>M\u00fchimmat ele ge\u00e7irildi <\/em><\/strong><\/p>\n<p style=\"text-align: justify;\">Hakkari&#8217;nin \u00c7ukurca il\u00e7esinde g\u00fcvenlik g\u00fc\u00e7leri taraf\u0131nda yap\u0131lan arazi arama tarama faaliyeti esnas\u0131nda ter\u00f6r \u00f6rg\u00fct\u00fcne ait 1 adet RPG7 roketatar ve m\u00fchimmat\u0131 ele ge\u00e7irildi.<\/p>\n<p style=\"text-align: justify;\">\u00c7ukurca il\u00e7esi Darsinki ve I\u015f\u0131kl\u0131 b\u00f6lgelerinde g\u00fcvenlik g\u00fc\u00e7leri taraf\u0131nda yap\u0131lan arazi arama tarama faaliyeti s\u0131ras\u0131nda, ter\u00f6r \u00f6rg\u00fct\u00fc \u00fcyelerince topra\u011fa g\u00f6m\u00fclm\u00fc\u015f vaziyette 1 adet RPG7 roketatar ve buna ait m\u00fchimmat bulundu. M\u00fchimmat\u0131n olay yerinde imha edildi\u011fi, b\u00f6lgede arama tarama faaliyetinin s\u00fcrd\u00fcr\u00fcld\u00fc\u011f\u00fc bildirildi.<\/p>\n<p style=\"text-align: justify;\"><strong><em>10 \u00f6rg\u00fct \u00fcyesi serbest b\u0131rak\u0131ld\u0131 <\/em><\/strong><\/p>\n<p style=\"text-align: justify;\">Bu arada, Irak&#8217;\u0131n kuzeyindeki ter\u00f6r \u00f6rg\u00fct\u00fc PKK&#8217;ya ait kamplardan ka\u00e7arak g\u00fcvenlik g\u00fc\u00e7lerine teslim olan 10 ter\u00f6rist serbest b\u0131rak\u0131ld\u0131.<\/p>\n<p style=\"text-align: justify;\">Diyarbak\u0131r Cumhuriyet Ba\u015fsavc\u0131l\u0131\u011f\u0131, son bir hafta i\u00e7erisinde ter\u00f6r \u00f6rg\u00fct\u00fcn\u00fcn kamplar\u0131ndan ka\u00e7arak \u015e\u0131rnak ve Siirt&#8217;te g\u00fcvenlik g\u00fc\u00e7lerine teslim olan 10 ter\u00f6r \u00f6rg\u00fct\u00fc \u00fcyesiyle ilgili soru\u015fturma dosyas\u0131ndaki incelemeyi tamamlad\u0131.<\/p>\n<p style=\"text-align: justify;\">\u0130ncelemenin ard\u0131ndan, ter\u00f6ristler &#8220;etkin pi\u015fmanl\u0131k&#8221; h\u00fck\u00fcmlerinden yararland\u0131r\u0131larak sal\u0131verildi. \u015e\u0131rnak&#8217;ta 16 Ekimde g\u00fcvenlik g\u00fc\u00e7lerine teslim olan 7 ter\u00f6ristin, ailelerinin ikna etmeleri sonucu bu karar\u0131 ald\u0131klar\u0131 bildirilmi\u015fti.<\/p>\n<p style=\"text-align: justify;\"><span style=\"color: #888888;\">CNN T\u00dcRK<\/span><\/p>\n","protected":false},"excerpt":{"rendered":"<\/p>\n<p style=\"text-align: justify;\">Hakkari&#8217;nin \u00c7ukurca il\u00e7esindeki askeri \u00fcs b\u00f6lgesine ter\u00f6ristler havan topuyla sald\u0131r\u0131 d\u00fczenledi; 1 asker yaraland\u0131.<\/p>\n<p style=\"text-align: justify;\">Ter\u00f6ristler \u00fcsse 10 havan topu at\u0131\u015f\u0131 yapt\u0131.<\/p>\n<p style=\"text-align: justify;\">\u00c7ukurca il\u00e7esinin Irak s\u0131n\u0131r\u0131nda bulunan 3. Jandarma Komando Taburu&#8217;na ba\u011fl\u0131 askerlerin g\u00f6rev yapt\u0131\u011f\u0131 Da\u011fba\u015f\u0131 \u00fcs b\u00f6lgesine bir grup ter\u00f6r \u00f6rg\u00fct\u00fc mensubu, Irak s\u0131n\u0131r\u0131ndan havan topuyla sald\u0131rd\u0131.<\/p>\n<p  \n\n","protected":false},"author":1,"featured_media":0,"comment_status":"open","ping_status":"closed","sticky":false,"template":"","format":"standard","meta":{"footnotes":""},"categories":[105],"tags":[],"class_list":["post-15979","post","type-post","status-publish","format-standard","hentry","category-gundem","odd"],"_links":{"self":[{"href":"http:\/\/www.korhanyilmaz.com\/index.php?rest_route=\/wp\/v2\/posts\/15979","targetHints":{"allow":["GET"]}}],"collection":[{"href":"http:\/\/www.korhanyilmaz.com\/index.php?rest_route=\/wp\/v2\/posts"}],"about":[{"href":"http:\/\/www.korhanyilmaz.com\/index.php?rest_route=\/wp\/v2\/types\/post"}],"author":[{"embeddable":true,"href":"http:\/\/www.korhanyilmaz.com\/index.php?rest_route=\/wp\/v2\/users\/1"}],"replies":[{"embeddable":true,"href":"http:\/\/www.korhanyilmaz.com\/index.php?rest_route=%2Fwp%2Fv2%2Fcomments&post=15979"}],"version-history":[{"count":0,"href":"http:\/\/www.korhanyilmaz.com\/index.php?rest_route=\/wp\/v2\/posts\/15979\/revisions"}],"wp:attachment":[{"href":"http:\/\/www.korhanyilmaz.com\/index.php?rest_route=%2Fwp%2Fv2%2Fmedia&parent=15979"}],"wp:term":[{"taxonomy":"category","embeddable":true,"href":"http:\/\/www.korhanyilmaz.com\/index.php?rest_route=%2Fwp%2Fv2%2Fcategories&post=15979"},{"taxonomy":"post_tag","embeddable":true,"href":"http:\/\/www.korhanyilmaz.com\/index.php?rest_route=%2Fwp%2Fv2%2Ftags&post=15979"}],"curies":[{"name":"wp","href":"https:\/\/api.w.org\/{rel}","templated":true}]}}