{"id":15976,"date":"2009-10-21T15:40:12","date_gmt":"2009-10-21T12:40:12","guid":{"rendered":"http:\/\/www.korhanyilmaz.com\/?p=15976"},"modified":"2009-10-21T15:40:12","modified_gmt":"2009-10-21T12:40:12","slug":"turk-bayragi-yine-kaldirildi-turkiyeden-nota","status":"publish","type":"post","link":"http:\/\/www.korhanyilmaz.com\/?p=15976","title":{"rendered":"T\u00fcrk bayra\u011f\u0131 yine kald\u0131r\u0131ld\u0131&#8230; T\u00fcrkiye&#8217;den nota!"},"content":{"rendered":"<p style=\"text-align: center;\"><a href=\"http:\/\/www.korhanyilmaz.com\/wp-content\/uploads\/2009\/10\/BAKU.jpg\"  class=\"lightview\"><img loading=\"lazy\" decoding=\"async\" class=\"aligncenter size-full wp-image-15977\" src=\"http:\/\/www.korhanyilmaz.com\/wp-content\/uploads\/2009\/10\/BAKU.jpg\" alt=\"\" width=\"269\" height=\"207\" \/><\/a><\/p>\n<p style=\"text-align: justify;\">Azerbaycan&#8217;\u0131n ba\u015fkenti Bak\u00fc&#8217;den bir T\u00fcrk bayra\u011f\u0131 indirme haberi daha gelince T\u00fcrkiye Azerbaycan&#8217;a nota verdi. T\u00fcrk B\u00fcy\u00fckel\u00e7ili\u011fi&#8217;ne ait Din Hizmetleri M\u00fc\u015favirli\u011fi binas\u0131n\u0131n \u00f6n\u00fcndeki T\u00fcrk bayra\u011f\u0131, bu sabah baz\u0131 sivil giyimli Azeri yetkililerce kald\u0131r\u0131lm\u0131\u015ft\u0131.<\/p>\n<p style=\"text-align: justify;\">Azerbaycan D\u0131\u015fi\u015fleri Bakanl\u0131\u011f\u0131 S\u00f6zc\u00fcs\u00fc Elhan Polhov, T\u00fcrkiye&#8217;nin Azerbaycan D\u0131\u015fi\u015fleri Bakanl\u0131\u011f\u0131&#8217;na nota verdi\u011fi y\u00f6n\u00fcnde \u00e7\u0131kan haberleri do\u011frulad\u0131.<\/p>\n<p style=\"text-align: justify;\">T\u00fcrk \u015eehitli\u011fi&#8217;nin hemen yan\u0131nda bulunan Din Hizmetleri M\u00fc\u015favirli\u011fi binas\u0131na bu sabah gelen belediye i\u015f\u00e7ileri, hi\u00e7bir a\u00e7\u0131klama yapmazken, binan\u0131n \u00f6n\u00fcndeki T\u00fcrk bayra\u011f\u0131n\u0131 kald\u0131rd\u0131. <!--more--><\/p>\n<p style=\"text-align: justify;\">T\u00fcrkiye ile Ermenistan aras\u0131nda 14 Ekim&#8217;de oynanan futbol ma\u00e7\u0131na Azerbaycan bayraklar\u0131n\u0131n al\u0131nmamas\u0131n\u0131n ard\u0131ndan Azerbaycan&#8217;da T\u00fcrk \u015eehitli\u011fi, T\u00fcrk okullar\u0131 ve \u00e7e\u015fitli T\u00fcrk kurum ve kurulu\u015f binalar\u0131 \u00f6n\u00fcndeki bayraklar kald\u0131r\u0131ld\u0131.<\/p>\n<p style=\"text-align: justify;\">Azeri yetkililer, \u00fclkedeki &#8220;bayrakla ilgili&#8221; yasa uyar\u0131nca yabanc\u0131 \u00fclkelerin bayraklar\u0131n\u0131n sadece belirli yerlerde as\u0131labildi\u011fini ifade etti.<\/p>\n<p style=\"text-align: justify;\">D\u0131\u015fi\u015fleri Bakan\u0131 Ahmet Davuto\u011flu da, yar\u0131n Azerbaycan&#8217;\u0131n ba\u015fkenti Bak\u00fc&#8217;deki Karadeniz Ekonomik \u0130\u015fbirli\u011fi (KE\u0130) toplant\u0131s\u0131na kat\u0131lacak.<\/p>\n<p style=\"text-align: justify;\"><strong><em>\u015eehitlikte protesto<\/em><\/strong><\/p>\n<p style=\"text-align: justify;\">Bu arada, Bak\u00fc&#8217;deki T\u00fcrk \u015eehitli\u011fi&#8217;nde bayraklar\u0131n tekrar g\u00f6ndere \u00e7ekildi\u011fi haberlerinin ger\u00e7e\u011fi yans\u0131tmad\u0131\u011f\u0131 ortaya \u00e7\u0131kt\u0131.<\/p>\n<p style=\"text-align: justify;\">Geli\u015fmeler \u00fczerine Azerbaycan Halk Cephesi Partisi y\u00f6netici ve \u00fcyelerinden olu\u015fan bir grup T\u00fcrk \u015eehitli\u011fi&#8217;ni ziyaret etti. Bak\u00fc&#8217;y\u00fc 1918 y\u0131l\u0131nda d\u00fc\u015fman i\u015fgalinden kurtaran T\u00fcrk \u015fehitlerinin mezarlar\u0131na karanfiller koyan Halk Cephesi taraftarlar\u0131, \u201cYa\u015fas\u0131n T\u00fcrkiye, Ya\u015fas\u0131n Azerbaycan&#8221; ve \u201cT\u00fcrkiye ve Azerbaycan \u00f6z karde\u015ftir&#8221; sloganlar\u0131 att\u0131.<\/p>\n<p style=\"text-align: justify;\">Eyleme kat\u0131lan kad\u0131n ve \u00e7ocuklar da Azerbaycan ve T\u00fcrk bayraklar\u0131n\u0131 kald\u0131r\u0131rken, polis g\u00fc\u00e7leri g\u00f6steriye m\u00fcdahale etmedi.<\/p>\n<p style=\"text-align: justify;\">Abidenin \u00f6n\u00fcnde konu\u015fan AHCP Ba\u015fkan yard\u0131mc\u0131s\u0131 Fuad Kahramanl\u0131, T\u00fcrkiye-Azerbaycan ili\u015fkilerinin iktidara de\u011fil halk\u0131n iradesine ba\u011fl\u0131 oldu\u011funu s\u00f6yledi. Kahramanl\u0131, iki \u00fclke aras\u0131ndaki ili\u015fkilere zarar verecek hi\u00e7 bir \u015feyin geli\u015fmesine izin vermeyecekleri s\u00f6yledi.<\/p>\n<p style=\"text-align: justify;\"><strong><em>Bayrak krizi <\/em><\/strong><\/p>\n<p style=\"text-align: justify;\">Azerbaycan&#8217;\u0131n ba\u015fkenti Bak\u00fc&#8217;de bulunan T\u00fcrk \u015eehitli\u011fi Abidesi&#8217;nin etraf\u0131ndan T\u00fcrk bayraklar\u0131n\u0131n 15 Ekim&#8217;de g\u00f6nderden indirilerek kald\u0131r\u0131ld\u0131\u011f\u0131 belirtilmi\u015fti. An\u0131ttaki T\u00fcrk bayraklar\u0131n\u0131n yan\u0131 s\u0131ra Azerbaycan bayraklar\u0131 da indirilmi\u015fti. Kesilen direklerinin yerleri betonlanarak \u00fczerlerine ta\u015f karolar konulmu\u015ftu.<\/p>\n<p style=\"text-align: justify;\">An\u0131t 1918 y\u0131l\u0131nda Bak\u00fc&#8217;y\u00fc Ermeni-Bol\u015fevik i\u015fgalinden kurtar\u0131rken \u015fehit d\u00fc\u015fen T\u00fcrk \u0130slam ordusu askerlerinin an\u0131s\u0131na dikilmi\u015fti.<\/p>\n<p style=\"text-align: justify;\"><span style=\"color: #888888;\">CNN T\u00dcRK<\/span><\/p>\n","protected":false},"excerpt":{"rendered":"<p style=\"text-align: center;\">\n<p style=\"text-align: justify;\">Azerbaycan&#8217;\u0131n ba\u015fkenti Bak\u00fc&#8217;den bir T\u00fcrk bayra\u011f\u0131 indirme haberi daha gelince T\u00fcrkiye Azerbaycan&#8217;a nota verdi. T\u00fcrk B\u00fcy\u00fckel\u00e7ili\u011fi&#8217;ne ait Din Hizmetleri M\u00fc\u015favirli\u011fi binas\u0131n\u0131n \u00f6n\u00fcndeki T\u00fcrk bayra\u011f\u0131, bu sabah baz\u0131 sivil giyimli Azeri yetkililerce kald\u0131r\u0131lm\u0131\u015ft\u0131.<\/p>\n<p style=\"text-align: justify;\">Azerbaycan D\u0131\u015fi\u015fleri Bakanl\u0131\u011f\u0131 S\u00f6zc\u00fcs\u00fc Elhan Polhov, T\u00fcrkiye&#8217;nin Azerbaycan D\u0131\u015fi\u015fleri Bakanl\u0131\u011f\u0131&#8217;na nota verdi\u011fi y\u00f6n\u00fcnde \u00e7\u0131kan haberleri do\u011frulad\u0131.<\/p>\n","protected":false},"author":1,"featured_media":0,"comment_status":"open","ping_status":"closed","sticky":false,"template":"","format":"standard","meta":{"footnotes":""},"categories":[3],"tags":[],"class_list":["post-15976","post","type-post","status-publish","format-standard","hentry","category-dunya","odd"],"_links":{"self":[{"href":"http:\/\/www.korhanyilmaz.com\/index.php?rest_route=\/wp\/v2\/posts\/15976","targetHints":{"allow":["GET"]}}],"collection":[{"href":"http:\/\/www.korhanyilmaz.com\/index.php?rest_route=\/wp\/v2\/posts"}],"about":[{"href":"http:\/\/www.korhanyilmaz.com\/index.php?rest_route=\/wp\/v2\/types\/post"}],"author":[{"embeddable":true,"href":"http:\/\/www.korhanyilmaz.com\/index.php?rest_route=\/wp\/v2\/users\/1"}],"replies":[{"embeddable":true,"href":"http:\/\/www.korhanyilmaz.com\/index.php?rest_route=%2Fwp%2Fv2%2Fcomments&post=15976"}],"version-history":[{"count":0,"href":"http:\/\/www.korhanyilmaz.com\/index.php?rest_route=\/wp\/v2\/posts\/15976\/revisions"}],"wp:attachment":[{"href":"http:\/\/www.korhanyilmaz.com\/index.php?rest_route=%2Fwp%2Fv2%2Fmedia&parent=15976"}],"wp:term":[{"taxonomy":"category","embeddable":true,"href":"http:\/\/www.korhanyilmaz.com\/index.php?rest_route=%2Fwp%2Fv2%2Fcategories&post=15976"},{"taxonomy":"post_tag","embeddable":true,"href":"http:\/\/www.korhanyilmaz.com\/index.php?rest_route=%2Fwp%2Fv2%2Ftags&post=15976"}],"curies":[{"name":"wp","href":"https:\/\/api.w.org\/{rel}","templated":true}]}}