{"id":15972,"date":"2009-10-21T11:17:06","date_gmt":"2009-10-21T08:17:06","guid":{"rendered":"http:\/\/www.korhanyilmaz.com\/?p=15972"},"modified":"2009-10-21T11:17:06","modified_gmt":"2009-10-21T08:17:06","slug":"haburda-sayin-ocalan-krizi","status":"publish","type":"post","link":"http:\/\/www.korhanyilmaz.com\/?p=15972","title":{"rendered":"Habur&#039;da &#039;&#039; Say\u0131n \u00d6calan &#039;&#039; krizi"},"content":{"rendered":"<p style=\"text-align: center;\"><a href=\"http:\/\/www.korhanyilmaz.com\/wp-content\/uploads\/2009\/10\/sayinocalan.jpg\"  class=\"lightview\"><img loading=\"lazy\" decoding=\"async\" class=\"aligncenter size-full wp-image-15973\" src=\"http:\/\/www.korhanyilmaz.com\/wp-content\/uploads\/2009\/10\/sayinocalan.jpg\" alt=\"\" width=\"269\" height=\"207\" \/><\/a><\/p>\n<p style=\"text-align: justify;\">Habur s\u0131n\u0131r kap\u0131s\u0131ndan \u00f6nceki g\u00fcn T\u00fcrkiye&#8217;ye giri\u015f yapan, 4&#8217;\u00fc \u00e7ocuk 34 ki\u015filik PKK&#8217;l\u0131 gruptan 5&#8217;inin, savc\u0131l\u0131kta &#8216;K\u00fcrt halk \u00f6nderi&#8217; ve &#8216;Say\u0131n Abdullah \u00d6calan&#8217; ifadelerini kullanmakta \u0131srar etmeleri \u00fczerine, tutuklanma istemiyle n\u00f6bet\u00e7i mahkemeye sevk edildikleri ortaya \u00e7\u0131kt\u0131. N\u00f6bet\u00e7i mahkemede de bu kriz uzun s\u00fcre a\u015f\u0131lamad\u0131. Daha sonra &#8216;Abdullah \u00d6calan&#8217; ismi ile kriz giderilerek 5 ki\u015fi tahliye edildi.<\/p>\n<p style=\"text-align: justify;\">(DHA) &#8212; \u0130ddiaya g\u00f6re, Habur s\u0131n\u0131r kap\u0131s\u0131nda \u00f6zel yetkili Cumhuriyet savc\u0131lar\u0131na ifade veren PKK&#8217;l\u0131lar ilk \u00f6nce ifade tutanaklar\u0131na &#8216;K\u00fcrt halk \u00f6nderi Abdullah \u00d6calan&#8217; ibaresinin ge\u00e7irilmesini istediler. <!--more--><\/p>\n<p style=\"text-align: justify;\">PKK&#8217;l\u0131lar aksi takdirde tutanaklar\u0131 imzalamayacaklar\u0131n\u0131 s\u00f6yledi.<\/p>\n<p style=\"text-align: justify;\">\u0130fade alan savc\u0131lar, tutana\u011fa bu s\u00f6zleri ge\u00e7iremeyeceklerini s\u00f6ylemesi \u00fczerine bu kez, &#8216;Say\u0131n \u00d6calan&#8217; form\u00fcl\u00fc tart\u0131\u015f\u0131ld\u0131.<\/p>\n<p style=\"text-align: justify;\">Ancak savc\u0131lar, bunu da kabul etmeyince 3&#8217;\u00fc Kandil Da\u011f\u0131&#8217;ndan, 2&#8217;si Mahmur Kamp\u0131&#8217;ndan gelen 5 PKK&#8217;l\u0131n\u0131n &#8216;K\u00fcrt Halk \u00d6nderi&#8217; ve &#8216;Say\u0131n \u00d6calan&#8217; \u0131srar\u0131 krize neden oldu.<\/p>\n<p style=\"text-align: justify;\">Bunun \u00fczerine d\u00fcn sabah saatlerinde 29 ki\u015fi serbest b\u0131rak\u0131l\u0131rken, s\u00f6z konusu 5 ki\u015fi tutuklanma talebiyle n\u00f6bet\u00e7i mahkemeye sevk edildi.<\/p>\n<p style=\"text-align: justify;\">Tutuklanma talebi \u00fczerine ortaya \u00e7\u0131kan gerginli\u011fe DTP milletvekilleri de m\u00fcdahale ederek, \u00e7\u00f6z\u00fcm bulunmas\u0131 i\u00e7in s\u0131k s\u0131k avukatlar ve yetkililerle g\u00f6r\u00fc\u015ft\u00fc.<\/p>\n<p style=\"text-align: justify;\">Saat 14.00 s\u0131ralar\u0131nda n\u00f6bet\u00e7i hakimli\u011fe \u00e7\u0131kar\u0131lan 5 PKK&#8217;l\u0131, tutanaklara &#8216;Abdullah \u00d6calan&#8217; yaz\u0131lmas\u0131yla krizin a\u015f\u0131lmas\u0131n\u0131n ard\u0131ndan serbest b\u0131rak\u0131ld\u0131.<\/p>\n<p style=\"text-align: justify;\"><strong><em>PKK&#8217;l\u0131 grubun s\u00f6zc\u00fcs\u00fc &#8220;\u00d6calan&#8221; slogan\u0131 att\u0131 <\/em><\/strong><\/p>\n<p style=\"text-align: justify;\">Kandil Da\u011f\u0131&#8217;ndan gelen 8 ki\u015filik grubun s\u00f6zc\u00fcs\u00fc \u015eerif Gen\u00e7da\u011f, K\u00fcrt\u00e7e yapt\u0131\u011f\u0131 konu\u015fmas\u0131nda, &#8220;Kimli\u011finiz ile tan\u0131n\u0131n, \u00e7ocuklar\u0131n\u0131z\u0131n ad\u0131n\u0131 K\u00fcrt\u00e7e koyun. M\u00fccadelenizi K\u00fcrt\u00e7e yap\u0131n. Kimse demesin biz sava\u015f yanl\u0131s\u0131y\u0131z. Biz bar\u0131\u015f istiyoruz. Bar\u0131\u015f istemekle de bar\u0131\u015f olmuyor&#8221; diye konu\u015ftu.<\/p>\n<p style=\"text-align: justify;\">\u00dc\u00e7 kez, &#8216;bar\u0131\u015f istiyoruz&#8217; diye ba\u011f\u0131ran PKK&#8217;l\u0131 Gen\u00e7da\u011f, konu\u015fmas\u0131n\u0131 &#8216;Biji Serok Apo&#8217; slogan\u0131yla bitirdi.<\/p>\n<p style=\"text-align: justify;\">PKK&#8217;n\u0131n askeri kanat k\u0131yafetleriyle DTP&#8217;nin se\u00e7im otob\u00fcs\u00fc \u00fcst\u00fcnde kalabal\u0131\u011f\u0131 selamlayan 8 ki\u015filik Kandil grubunun \u00e7ok heyecanl\u0131 olduklar\u0131 g\u00f6zlendi.<\/p>\n<p style=\"text-align: justify;\">DTP se\u00e7im otob\u00fcs\u00fc, konvoy e\u015fle\u011finde Silopi&#8217;ye do\u011fru hareket etti. Otob\u00fcs\u00fcn Cizre, Nusaybin ve Mardin g\u00fczergah\u0131n\u0131 kullanarak, Diyarbak\u0131r&#8217;a ge\u00e7ece\u011fi \u00f6\u011frenildi.<\/p>\n<p style=\"text-align: justify;\"><strong><em>PKK&#8217;l\u0131lara &#8220;Pi\u015fman m\u0131s\u0131n\u0131z?&#8221; sorusu sorulmad\u0131 <\/em><\/strong><\/p>\n<p style=\"text-align: justify;\">\u00d6te yandan, PKK&#8217;l\u0131lar\u0131n savc\u0131l\u0131k ve mahkemedeki sorgular\u0131 s\u0131ras\u0131nda haz\u0131r bulunan avukatlar, &#8216;etkin pi\u015fmanl\u0131k yasas\u0131n\u0131&#8217; kapsayan TCK&#8217;n\u0131n 221&#8217;nci maddesinin hi\u00e7bir \u015fekilde g\u00fcndeme gelmedi\u011fini bildirdiler.<\/p>\n<p style=\"text-align: justify;\">Avukatlar, PKK&#8217;l\u0131lara, savc\u0131l\u0131k ve sorgu hakimli\u011finde &#8216;pi\u015fman m\u0131s\u0131n\u0131z?&#8217; \u015feklinde bir sorunun y\u00f6neltilmedi\u011fini kaydettiler.<\/p>\n<p style=\"text-align: justify;\"><strong><em>Diyarbak\u0131r&#8217;a mitinge gidiyorlar <\/em><\/strong><\/p>\n<p style=\"text-align: justify;\">34 PKK&#8217;l\u0131, serbest b\u0131rak\u0131lmalar\u0131n\u0131n ard\u0131ndan mitinge kat\u0131lmak \u00fczere DTP otob\u00fcs\u00fcyle Diyarbak\u0131r&#8217;a do\u011fru yola \u00e7\u0131kt\u0131.<\/p>\n<p style=\"text-align: justify;\"><span style=\"color: #888888;\">CNN T\u00dcRK<\/span><\/p>\n","protected":false},"excerpt":{"rendered":"<p style=\"text-align: center;\">\n<p style=\"text-align: justify;\">Habur s\u0131n\u0131r kap\u0131s\u0131ndan \u00f6nceki g\u00fcn T\u00fcrkiye&#8217;ye giri\u015f yapan, 4&#8217;\u00fc \u00e7ocuk 34 ki\u015filik PKK&#8217;l\u0131 gruptan 5&#8217;inin, savc\u0131l\u0131kta &#8216;K\u00fcrt halk \u00f6nderi&#8217; ve &#8216;Say\u0131n Abdullah \u00d6calan&#8217; ifadelerini kullanmakta \u0131srar etmeleri \u00fczerine, tutuklanma istemiyle n\u00f6bet\u00e7i mahkemeye sevk edildikleri ortaya \u00e7\u0131kt\u0131. N\u00f6bet\u00e7i mahkemede de bu kriz uzun s\u00fcre a\u015f\u0131lamad\u0131. Daha sonra &#8216;Abdullah \u00d6calan&#8217; ismi ile <\/p>\n","protected":false},"author":1,"featured_media":0,"comment_status":"open","ping_status":"closed","sticky":false,"template":"","format":"standard","meta":{"footnotes":""},"categories":[105],"tags":[],"class_list":["post-15972","post","type-post","status-publish","format-standard","hentry","category-gundem","odd"],"_links":{"self":[{"href":"http:\/\/www.korhanyilmaz.com\/index.php?rest_route=\/wp\/v2\/posts\/15972","targetHints":{"allow":["GET"]}}],"collection":[{"href":"http:\/\/www.korhanyilmaz.com\/index.php?rest_route=\/wp\/v2\/posts"}],"about":[{"href":"http:\/\/www.korhanyilmaz.com\/index.php?rest_route=\/wp\/v2\/types\/post"}],"author":[{"embeddable":true,"href":"http:\/\/www.korhanyilmaz.com\/index.php?rest_route=\/wp\/v2\/users\/1"}],"replies":[{"embeddable":true,"href":"http:\/\/www.korhanyilmaz.com\/index.php?rest_route=%2Fwp%2Fv2%2Fcomments&post=15972"}],"version-history":[{"count":0,"href":"http:\/\/www.korhanyilmaz.com\/index.php?rest_route=\/wp\/v2\/posts\/15972\/revisions"}],"wp:attachment":[{"href":"http:\/\/www.korhanyilmaz.com\/index.php?rest_route=%2Fwp%2Fv2%2Fmedia&parent=15972"}],"wp:term":[{"taxonomy":"category","embeddable":true,"href":"http:\/\/www.korhanyilmaz.com\/index.php?rest_route=%2Fwp%2Fv2%2Fcategories&post=15972"},{"taxonomy":"post_tag","embeddable":true,"href":"http:\/\/www.korhanyilmaz.com\/index.php?rest_route=%2Fwp%2Fv2%2Ftags&post=15972"}],"curies":[{"name":"wp","href":"https:\/\/api.w.org\/{rel}","templated":true}]}}